{"id":124088,"date":"2020-11-25T14:51:33","date_gmt":"2020-11-25T11:51:33","guid":{"rendered":"https:\/\/www.enerjigazetesi.ist\/?p=124088"},"modified":"2020-11-25T14:52:02","modified_gmt":"2020-11-25T11:52:02","slug":"ieee-itu-pes-komitesi-ruzgar-enerjisi-sistemleri-semineri-28-kasimda","status":"publish","type":"post","link":"https:\/\/www.enerjigazetesi.ist\/en\/ieee-itu-pes-komitesi-ruzgar-enerjisi-sistemleri-semineri-28-kasimda\/","title":{"rendered":"(Turkish) IEEE \u0130T\u00dc PES Komitesi &#8216;R\u00fczgar Enerjisi Sistemleri Semineri&#8217; 28 Kas\u0131m&#8217;da!"},"content":{"rendered":"<p class=\"qtranxs-available-languages-message qtranxs-available-languages-message-en\">Sorry, this entry is only available in <a href=\"https:\/\/www.enerjigazetesi.ist\/tr\/wp-json\/wp\/v2\/posts\/124088\" class=\"qtranxs-available-language-link qtranxs-available-language-link-tr\" title=\"Turkish\">Turkish<\/a>. For the sake of viewer convenience, the content is shown below in the alternative language. You may click the link to switch the active language.<\/p><p><\/p>\n<h1>28 Kas\u0131m Cumartesi saat 12.30\u2019da IEEE \u0130T\u00dc Power and Energy Society Komitesi&#8217;nin organize etti\u011fi R\u00dcZGAR ENERJ\u0130 <img loading=\"lazy\" class=\"alignright wp-image-124090\" src=\"https:\/\/www.enerjigazetesi.ist\/wp-content\/uploads\/2020\/11\/ieee-itu-pes-komitesi-ruzgar-enerjisi-sistemleri-semineri-28-kasimda-2.jpg\" alt=\"\" width=\"340\" height=\"433\" srcset=\"https:\/\/www.enerjigazetesi.ist\/wp-content\/uploads\/2020\/11\/ieee-itu-pes-komitesi-ruzgar-enerjisi-sistemleri-semineri-28-kasimda-2.jpg 383w, https:\/\/www.enerjigazetesi.ist\/wp-content\/uploads\/2020\/11\/ieee-itu-pes-komitesi-ruzgar-enerjisi-sistemleri-semineri-28-kasimda-2-235x300.jpg 235w, https:\/\/www.enerjigazetesi.ist\/wp-content\/uploads\/2020\/11\/ieee-itu-pes-komitesi-ruzgar-enerjisi-sistemleri-semineri-28-kasimda-2-314x400.jpg 314w, https:\/\/www.enerjigazetesi.ist\/wp-content\/uploads\/2020\/11\/ieee-itu-pes-komitesi-ruzgar-enerjisi-sistemleri-semineri-28-kasimda-2-39x50.jpg 39w\" sizes=\"(max-width: 340px) 100vw, 340px\" \/>S\u0130STEMLER\u0130 SEM\u0130NER\u0130 (RESS) etkinli\u011fi d\u00fczenlenecektir.<\/h1>\n<p><strong>Windbaba sponsorlu\u011funda<\/strong> d\u00fczenlenen etkinlikte <strong>yenilenebilir enerji kaynaklar\u0131<\/strong>ndan <strong>r\u00fczgar enerjisi<\/strong> hakk\u0131nda bilinen bilinmeyen bir\u00e7ok farkl\u0131 alandaki kullan\u0131m\u0131yla bu sistemin iyi bir \u015fekilde kavranmas\u0131 sa\u011flanacak ve<strong> T\u00fcrkiye\u2019nin<\/strong> bu konudaki <strong>potansiyeli masaya<\/strong> yat\u0131r\u0131lacakt\u0131r.<\/p>\n<p>Alan\u0131nda<strong> tecr\u00fcbeli<\/strong> ve <strong>\u00e7ok k\u0131ymetli<\/strong> konu\u015fmac\u0131lardan,\u00a0<em>\u0130stanbul Teknik \u00dcniversitesi Elektrik-Elektronik Fak\u00fcltesi Dr. \u00d6\u011fr. \u00dcyesi Derya Ahmet Kocaba\u015f, Windbaba\u2019dan Nihat Tongu\u00e7 Bey<\/em> ve <em>Devecitech<\/em> \u015firketinden<strong> Kerem Deveci&#8217;nin yer alaca\u011f\u0131 etkinlik<\/strong>\u00a0Program afi\u015finde yer almaktad\u0131r.<\/p>\n<p>Etkinli\u011fe Kat\u0131l\u0131m i\u00e7in formu doldurman\u0131z yeterli olup <strong>Zoom<\/strong> ba\u011flant\u0131s\u0131 <strong>mail adresinize<\/strong> iletilecektir. Daha Detayl\u0131 bilgi i\u00e7in IEEE \u0130T\u00dc <strong>instagram, linkedin<\/strong> veya <strong>facebook<\/strong> hesaplar\u0131n\u0131 takip edebilirsiniz.<\/p>\n<p><strong>Kat\u0131l\u0131m Formu \u0130\u00e7in:<\/strong>\u00a0<a href=\"https:\/\/forms.gle\/krvMVH6k4LoM7i8y8\" target=\"_blank\" rel=\"nofollow noopener\">https:\/\/forms.gle\/krvMVH6k4LoM7i8y8<\/a>\u00a0linkini ziyaret edebilirsiniz.<\/p>\n<p><em>R\u00fczgar Sekt\u00f6r\u00fcne \u0130lgi Duyan Herkesi Bekliyoruz!..<\/em><\/p>","protected":false},"excerpt":{"rendered":"<p>Sorry, this entry is only available in Turkish. For the sake of viewer convenience, the content is shown below in the alternative language. You may click the link to switch the active language. 28 Kas\u0131m Cumartesi saat 12.30\u2019da IEEE \u0130T\u00dc Power and Energy Society Komitesi&#8217;nin organize etti\u011fi R\u00dcZGAR ENERJ\u0130 S\u0130STEMLER\u0130 SEM\u0130NER\u0130 (RESS) etkinli\u011fi d\u00fczenlenecektir. Windbaba [&hellip;]<\/p>\n","protected":false},"author":1,"featured_media":124091,"comment_status":"open","ping_status":"open","sticky":false,"template":"","format":"standard","meta":[],"categories":[51,53,50],"tags":[82703,5070,52259,81779,82702,82704,53282,54979],"views":217,"_links":{"self":[{"href":"https:\/\/www.enerjigazetesi.ist\/en\/wp-json\/wp\/v2\/posts\/124088"}],"collection":[{"href":"https:\/\/www.enerjigazetesi.ist\/en\/wp-json\/wp\/v2\/posts"}],"about":[{"href":"https:\/\/www.enerjigazetesi.ist\/en\/wp-json\/wp\/v2\/types\/post"}],"author":[{"embeddable":true,"href":"https:\/\/www.enerjigazetesi.ist\/en\/wp-json\/wp\/v2\/users\/1"}],"replies":[{"embeddable":true,"href":"https:\/\/www.enerjigazetesi.ist\/en\/wp-json\/wp\/v2\/comments?post=124088"}],"version-history":[{"count":0,"href":"https:\/\/www.enerjigazetesi.ist\/en\/wp-json\/wp\/v2\/posts\/124088\/revisions"}],"wp:featuredmedia":[{"embeddable":true,"href":"https:\/\/www.enerjigazetesi.ist\/en\/wp-json\/wp\/v2\/media\/124091"}],"wp:attachment":[{"href":"https:\/\/www.enerjigazetesi.ist\/en\/wp-json\/wp\/v2\/media?parent=124088"}],"wp:term":[{"taxonomy":"category","embeddable":true,"href":"https:\/\/www.enerjigazetesi.ist\/en\/wp-json\/wp\/v2\/categories?post=124088"},{"taxonomy":"post_tag","embeddable":true,"href":"https:\/\/www.enerjigazetesi.ist\/en\/wp-json\/wp\/v2\/tags?post=124088"}],"curies":[{"name":"wp","href":"https:\/\/api.w.org\/{rel}","templated":true}]}}