{"id":124063,"date":"2020-11-25T13:05:52","date_gmt":"2020-11-25T10:05:52","guid":{"rendered":"https:\/\/www.enerjigazetesi.ist\/?p=124063"},"modified":"2020-11-25T13:05:52","modified_gmt":"2020-11-25T10:05:52","slug":"supermarket-devi-tesco-magazalarina-gunes-sistemleri-yerlestirecek","status":"publish","type":"post","link":"https:\/\/www.enerjigazetesi.ist\/en\/supermarket-devi-tesco-magazalarina-gunes-sistemleri-yerlestirecek\/","title":{"rendered":"(Turkish) S\u00fcpermarket Devi &#8216;Tesco&#8217; Ma\u011fazalar\u0131na G\u00fcne\u015f Sistemleri Yerle\u015ftirecek"},"content":{"rendered":"<p class=\"qtranxs-available-languages-message qtranxs-available-languages-message-en\">Sorry, this entry is only available in <a href=\"https:\/\/www.enerjigazetesi.ist\/tr\/wp-json\/wp\/v2\/posts\/124063\" class=\"qtranxs-available-language-link qtranxs-available-language-link-tr\" title=\"Turkish\">Turkish<\/a>. For the sake of viewer convenience, the content is shown below in the alternative language. You may click the link to switch the active language.<\/p><p><\/p>\n<h1>\u0130ngiltere\u2019nin en b\u00fcy\u00fck s\u00fcpermarket zincirlerinden olan\u00a0<strong>Tesco taraf\u0131ndan<\/strong>\u00a0yeni g\u00fcne\u015f \u00e7iftlikleri kurulumuyla birlikte ma\u011fazalar\u0131na g\u00fcne\u015f panelleri yerle\u015ftirme ve <img loading=\"lazy\" class=\"alignright wp-image-124065\" src=\"https:\/\/www.enerjigazetesi.ist\/wp-content\/uploads\/2020\/11\/supermarket-devi-tesco-magazalarina-gunes-sistemleri-yerlestirecek.jpg\" alt=\"\" width=\"320\" height=\"201\" srcset=\"https:\/\/www.enerjigazetesi.ist\/wp-content\/uploads\/2020\/11\/supermarket-devi-tesco-magazalarina-gunes-sistemleri-yerlestirecek.jpg 775w, https:\/\/www.enerjigazetesi.ist\/wp-content\/uploads\/2020\/11\/supermarket-devi-tesco-magazalarina-gunes-sistemleri-yerlestirecek-300x189.jpg 300w, https:\/\/www.enerjigazetesi.ist\/wp-content\/uploads\/2020\/11\/supermarket-devi-tesco-magazalarina-gunes-sistemleri-yerlestirecek-768x484.jpg 768w, https:\/\/www.enerjigazetesi.ist\/wp-content\/uploads\/2020\/11\/supermarket-devi-tesco-magazalarina-gunes-sistemleri-yerlestirecek-500x315.jpg 500w, https:\/\/www.enerjigazetesi.ist\/wp-content\/uploads\/2020\/11\/supermarket-devi-tesco-magazalarina-gunes-sistemleri-yerlestirecek-80x50.jpg 80w\" sizes=\"(max-width: 320px) 100vw, 320px\" \/>2035 y\u0131l\u0131na kadar net s\u0131f\u0131r karbon emisyonuna ula\u015fma taahh\u00fct\u00fcn\u00fc i\u00e7eren plan\u0131 a\u00e7\u0131kland\u0131.<\/h1>\n<p>Tesco, <strong>karbon hedefleri<\/strong>nin ve <strong>at\u0131klar\u0131n\u0131n azalt\u0131lmas\u0131<\/strong> ve\u00a0<strong>yenilenebilir\u00a0<\/strong>kaynaklardan <strong>elektrik sa\u011flanmas\u0131<\/strong> gibi <strong>di\u011fer ye\u015fil m\u00fcdahalelere<\/strong> ili\u015fkin taahh\u00fctte bulundu.<\/p>\n<p><strong>Tesco<\/strong>\u2019nun<strong> Essex, Anglesey<\/strong> ve<strong> Oxfordshire<\/strong>\u2019daki\u00a0<strong>g\u00fcne\u015f enerjisi \u00e7iftlikleri<\/strong>, y\u0131lda <strong>130 GWh<\/strong>\u2019ye kadar veya <strong>44.828<\/strong> adet <strong>3 odal\u0131<\/strong> eve g\u00fc\u00e7 sa\u011flamaya yetecek kadar <strong>enerji \u00fcretecek<\/strong> olup perakendecinin daha fazla <strong>yenilenebilir enerji \u00fcretmesi<\/strong>ni de sa\u011flayacak.<\/p>","protected":false},"excerpt":{"rendered":"<p>Sorry, this entry is only available in Turkish. For the sake of viewer convenience, the content is shown below in the alternative language. You may click the link to switch the active language. \u0130ngiltere\u2019nin en b\u00fcy\u00fck s\u00fcpermarket zincirlerinden olan\u00a0Tesco taraf\u0131ndan\u00a0yeni g\u00fcne\u015f \u00e7iftlikleri kurulumuyla birlikte ma\u011fazalar\u0131na g\u00fcne\u015f panelleri yerle\u015ftirme ve 2035 y\u0131l\u0131na kadar net s\u0131f\u0131r karbon [&hellip;]<\/p>\n","protected":false},"author":1,"featured_media":124065,"comment_status":"open","ping_status":"open","sticky":false,"template":"","format":"standard","meta":[],"categories":[51,53,52,49],"tags":[82688,5070,52259,82687,30188,53157,82689,54979,82690],"views":87,"_links":{"self":[{"href":"https:\/\/www.enerjigazetesi.ist\/en\/wp-json\/wp\/v2\/posts\/124063"}],"collection":[{"href":"https:\/\/www.enerjigazetesi.ist\/en\/wp-json\/wp\/v2\/posts"}],"about":[{"href":"https:\/\/www.enerjigazetesi.ist\/en\/wp-json\/wp\/v2\/types\/post"}],"author":[{"embeddable":true,"href":"https:\/\/www.enerjigazetesi.ist\/en\/wp-json\/wp\/v2\/users\/1"}],"replies":[{"embeddable":true,"href":"https:\/\/www.enerjigazetesi.ist\/en\/wp-json\/wp\/v2\/comments?post=124063"}],"version-history":[{"count":0,"href":"https:\/\/www.enerjigazetesi.ist\/en\/wp-json\/wp\/v2\/posts\/124063\/revisions"}],"wp:featuredmedia":[{"embeddable":true,"href":"https:\/\/www.enerjigazetesi.ist\/en\/wp-json\/wp\/v2\/media\/124065"}],"wp:attachment":[{"href":"https:\/\/www.enerjigazetesi.ist\/en\/wp-json\/wp\/v2\/media?parent=124063"}],"wp:term":[{"taxonomy":"category","embeddable":true,"href":"https:\/\/www.enerjigazetesi.ist\/en\/wp-json\/wp\/v2\/categories?post=124063"},{"taxonomy":"post_tag","embeddable":true,"href":"https:\/\/www.enerjigazetesi.ist\/en\/wp-json\/wp\/v2\/tags?post=124063"}],"curies":[{"name":"wp","href":"https:\/\/api.w.org\/{rel}","templated":true}]}}