{"id":124035,"date":"2020-11-24T15:32:50","date_gmt":"2020-11-24T12:32:50","guid":{"rendered":"https:\/\/www.enerjigazetesi.ist\/?p=124035"},"modified":"2020-11-24T15:33:10","modified_gmt":"2020-11-24T12:33:10","slug":"%e2%80%8bzorlu-holding-in-surdurulebilirlik-raporu-yayimlandi","status":"publish","type":"post","link":"https:\/\/www.enerjigazetesi.ist\/en\/%e2%80%8bzorlu-holding-in-surdurulebilirlik-raporu-yayimlandi\/","title":{"rendered":"(Turkish) &#8217;\u200bZorlu Holding&#8217;in S\u00fcrd\u00fcr\u00fclebilirlik Raporu Yay\u0131mland\u0131"},"content":{"rendered":"<p class=\"qtranxs-available-languages-message qtranxs-available-languages-message-en\">Sorry, this entry is only available in <a href=\"https:\/\/www.enerjigazetesi.ist\/tr\/wp-json\/wp\/v2\/posts\/124035\" class=\"qtranxs-available-language-link qtranxs-available-language-link-tr\" title=\"Turkish\">Turkish<\/a>. For the sake of viewer convenience, the content is shown below in the alternative language. You may click the link to switch the active language.<\/p><p><\/p>\n<h1>Zorlu Holding, Ak\u0131ll\u0131 Hayat 2030 s\u00fcrd\u00fcr\u00fclebilirlik stratejisi ve hedefleri paralelinde performans\u0131n\u0131; ayn\u0131 zamanda Birle\u015fmi\u015f Milletler S\u00fcrd\u00fcr\u00fclebilir Kalk\u0131nma Ama\u00e7lar\u0131\u2019na katk\u0131s\u0131n\u0131 i\u00e7eren 2019 S\u00fcrd\u00fcr\u00fclebilir Raporu\u2019nu a\u00e7\u0131klad\u0131. \u0130\u015f d\u00fcnyas\u0131nda art\u0131k payda\u015f temelli bir yakla\u015f\u0131m\u0131n olu\u015fmaya ba\u015flamas\u0131n\u0131n daha ya\u015fanabilir ve iyi bir gelecek ad\u0131na umut verici oldu\u011funu s\u00f6yleyen Zorlu Holding CFO\u2019su ve S\u00fcrd\u00fcr\u00fclebilirlik Komitesi Ba\u015fkan\u0131 Cem K\u00f6ksal; \u201cYap\u0131lan i\u015flerin yaratt\u0131\u011f\u0131 finansal sonu\u00e7lar, ancak ba\u015fta toplum olmak \u00fczere t\u00fcm payda\u015flar i\u00e7in bir de\u011fer yaratabiliyorsa anlaml\u0131 ve s\u00fcrd\u00fcr\u00fclebilir olabilir\u201d dedi.<\/h1>\n<p>Zorlu Holding <strong>s\u00fcrd\u00fcr\u00fclebilirlik stratejisi kapsam\u0131<\/strong>nda ger\u00e7ekle\u015ftirdi\u011fi <strong>\u00e7al\u0131\u015fmalar\u0131<\/strong> ve<strong> performans\u0131n\u0131<\/strong>, <strong>S\u00fcrd\u00fcr\u00fclebilirlik Raporu<\/strong> arac\u0131l\u0131\u011f\u0131yla payda\u015flar\u0131na d\u00fczenli olarak sunmaya devam ediyor. Bu kapsamda<strong> GRI Standartlar\u0131<\/strong> <em>\u201cTemel\u201d (Core) se\u00e7ene\u011fi<\/em>ne uygun olarak haz\u0131rlad\u0131\u011f\u0131 <strong>2019 <img loading=\"lazy\" class=\"alignright wp-image-124037\" src=\"https:\/\/www.enerjigazetesi.ist\/wp-content\/uploads\/2020\/11\/\u200bzorlu-holding-in-surdurulebilirlik-raporu-yayimlandi.jpg\" alt=\"\" width=\"320\" height=\"480\" srcset=\"https:\/\/www.enerjigazetesi.ist\/wp-content\/uploads\/2020\/11\/\u200bzorlu-holding-in-surdurulebilirlik-raporu-yayimlandi.jpg 325w, https:\/\/www.enerjigazetesi.ist\/wp-content\/uploads\/2020\/11\/\u200bzorlu-holding-in-surdurulebilirlik-raporu-yayimlandi-200x300.jpg 200w, https:\/\/www.enerjigazetesi.ist\/wp-content\/uploads\/2020\/11\/\u200bzorlu-holding-in-surdurulebilirlik-raporu-yayimlandi-266x400.jpg 266w, https:\/\/www.enerjigazetesi.ist\/wp-content\/uploads\/2020\/11\/\u200bzorlu-holding-in-surdurulebilirlik-raporu-yayimlandi-33x50.jpg 33w\" sizes=\"(max-width: 320px) 100vw, 320px\" \/>S\u00fcrd\u00fcr\u00fclebilirlik Raporu<\/strong> yay\u0131nland\u0131. Rapor, ayn\u0131 zamanda Zorlu Holding\u2019in<strong> Birle\u015fmi\u015f Milletler K\u00fcresel \u0130lkeler S\u00f6zle\u015fmesi (United Nations Global Compact-UNGC)<\/strong> kapsam\u0131nda <strong>10&#8217;uncu \u0130lerleme Bildirimi<\/strong>ni de kaps\u0131yor.<\/p>\n<p>Raporda, Zorlu Grubu\u2019nun s\u00fcrd\u00fcr\u00fclebilirli\u011fi <strong>i\u015f yap\u0131\u015f bi\u00e7imi<\/strong> ve<strong> k\u00fclt\u00fcr\u00fcne d\u00f6n\u00fc\u015ft\u00fcrme<\/strong> yolunda att\u0131\u011f\u0131<strong> bir\u00e7ok yenilik\u00e7i uygulamaya<\/strong> ve <strong>projeye de<\/strong> yer veriliyor.<\/p>\n<p><strong>\u0130\u015f d\u00fcnyas\u0131nda art\u0131k payda\u015f temelli bir yakla\u015f\u0131m\u0131n olu\u015fmaya ba\u015flamas\u0131n\u0131n daha iyi bir gelecek ad\u0131na umut verici oldu\u011funu s\u00f6yleyen Zorlu Holding CFO\u2019su ve S\u00fcrd\u00fcr\u00fclebilirlik Komitesi Ba\u015fkan\u0131 Cem K\u00f6ksal <\/strong><em>\u201cBug\u00fcn, i\u015fimizi yaparken ekonomik ve ekonomik olmayan varl\u0131klar\u0131m\u0131z\u0131 b\u00fct\u00fcnle\u015fik bir yakla\u015f\u0131mla y\u00f6netmek zorunday\u0131z. Etki g\u00fcc\u00fcm\u00fcz\u00fcn fark\u0131ndal\u0131\u011f\u0131yla; bu i\u015fin <strong>toplum, \u00e7al\u0131\u015fanlar, m\u00fc\u015fteriler<\/strong> ve <strong>tedarik zinciri<\/strong> ba\u015fta olmak \u00fczere t\u00fcm payda\u015flar\u0131m\u0131z i\u00e7in de\u011fer yaratmas\u0131 gerekti\u011fi d\u00fc\u015f\u00fcncesiyle hareket ediyoruz. \u0130\u015f sonu\u00e7lar\u0131m\u0131z\u0131n yaratt\u0131\u011f\u0131 de\u011fer, ancak bu \u015fekilde anlaml\u0131 ve s\u00fcrd\u00fcr\u00fclebilir olabilir. Bu anlay\u0131\u015fla uygulamaya ge\u00e7irdi\u011fimiz <strong>Ak\u0131ll\u0131 Hayat 2030 stratejimiz<\/strong> do\u011frultusunda, <strong>sorumlu \u00fcretim<\/strong> ve <strong>b\u00fcy\u00fcme<\/strong> yakla\u015f\u0131m\u0131m\u0131zla <strong>\u00e7evresel, sosyal<\/strong> ve <strong>y\u00f6netsel<\/strong> konulardaki etki ve performans\u0131m\u0131z\u0131 her ge\u00e7en g\u00fcn daha da iyile\u015ftirerek etkin \u015fekilde y\u00f6netiyoruz. <strong>Gelece\u011fi ak\u0131ll\u0131 sistemlerle<\/strong> \u015fekillendirerek, k\u00fcresel meselelere<strong> yenilik\u00e7i<\/strong> ve <strong>s\u00fcrd\u00fcr\u00fclebilir \u00e7\u00f6z\u00fcmler<\/strong> \u00fcreten bir grup olarak d\u00f6n\u00fc\u015f\u00fcm\u00fcn tetikleyicilerinden biri olma amac\u0131m\u0131z\u0131 b\u00fct\u00fcnc\u00fcl bir yakla\u015f\u0131mla sekt\u00f6rlerimizle ortak bir zeminde her ge\u00e7en g\u00fcn daha da g\u00fc\u00e7lendiriyoruz\u201d <\/em>dedi.<\/p>\n<p><strong>2019 S\u00fcrd\u00fcr\u00fclebilirlik Raporu;<\/strong> <em>Kurumsal Y\u00f6netim, \u00c7al\u0131\u015fanlar, \u00c7evre, Ar-Ge ve \u0130novasyon, Tedarik Zinciri, M\u00fc\u015fteri \u0130li\u015fkileri ve Toplumla \u0130li\u015fkiler<\/em> temel ba\u015fl\u0131klar\u0131 alt\u0131nda, <strong>Zorlu Holding<\/strong>\u2019in <strong>Ak\u0131ll\u0131 Hayat 2030 stratejisi<\/strong> do\u011frultusunda ger\u00e7ekle\u015ftirilen <strong>s\u00fcrd\u00fcr\u00fclebilirlik odakl\u0131 \u00e7al\u0131\u015fmalar\u0131<\/strong> i\u00e7eriyor.<\/p>\n<p><strong>Rapora Ula\u015fmak \u0130\u00e7in<\/strong>: <a href=\"http:\/\/2019.zhsurdurulebilirlikraporu.com\/\" target=\"_blank\" rel=\"nofollow noopener\">http:\/\/2019.zhsurdurulebilirlikraporu.com\/<\/a>\u00a0adresini ziyaret edebilirsiniz.<\/p>","protected":false},"excerpt":{"rendered":"<p>Sorry, this entry is only available in Turkish. For the sake of viewer convenience, the content is shown below in the alternative language. You may click the link to switch the active language. Zorlu Holding, Ak\u0131ll\u0131 Hayat 2030 s\u00fcrd\u00fcr\u00fclebilirlik stratejisi ve hedefleri paralelinde performans\u0131n\u0131; ayn\u0131 zamanda Birle\u015fmi\u015f Milletler S\u00fcrd\u00fcr\u00fclebilir Kalk\u0131nma Ama\u00e7lar\u0131\u2019na katk\u0131s\u0131n\u0131 i\u00e7eren 2019 S\u00fcrd\u00fcr\u00fclebilir [&hellip;]<\/p>\n","protected":false},"author":1,"featured_media":124038,"comment_status":"open","ping_status":"open","sticky":false,"template":"","format":"standard","meta":[],"categories":[51,53,52],"tags":[82674,82675,66804,52259,57125,344,82676],"views":67,"_links":{"self":[{"href":"https:\/\/www.enerjigazetesi.ist\/en\/wp-json\/wp\/v2\/posts\/124035"}],"collection":[{"href":"https:\/\/www.enerjigazetesi.ist\/en\/wp-json\/wp\/v2\/posts"}],"about":[{"href":"https:\/\/www.enerjigazetesi.ist\/en\/wp-json\/wp\/v2\/types\/post"}],"author":[{"embeddable":true,"href":"https:\/\/www.enerjigazetesi.ist\/en\/wp-json\/wp\/v2\/users\/1"}],"replies":[{"embeddable":true,"href":"https:\/\/www.enerjigazetesi.ist\/en\/wp-json\/wp\/v2\/comments?post=124035"}],"version-history":[{"count":0,"href":"https:\/\/www.enerjigazetesi.ist\/en\/wp-json\/wp\/v2\/posts\/124035\/revisions"}],"wp:featuredmedia":[{"embeddable":true,"href":"https:\/\/www.enerjigazetesi.ist\/en\/wp-json\/wp\/v2\/media\/124038"}],"wp:attachment":[{"href":"https:\/\/www.enerjigazetesi.ist\/en\/wp-json\/wp\/v2\/media?parent=124035"}],"wp:term":[{"taxonomy":"category","embeddable":true,"href":"https:\/\/www.enerjigazetesi.ist\/en\/wp-json\/wp\/v2\/categories?post=124035"},{"taxonomy":"post_tag","embeddable":true,"href":"https:\/\/www.enerjigazetesi.ist\/en\/wp-json\/wp\/v2\/tags?post=124035"}],"curies":[{"name":"wp","href":"https:\/\/api.w.org\/{rel}","templated":true}]}}