{"id":123986,"date":"2020-11-23T18:23:17","date_gmt":"2020-11-23T15:23:17","guid":{"rendered":"https:\/\/www.enerjigazetesi.ist\/?p=123986"},"modified":"2020-11-23T18:23:59","modified_gmt":"2020-11-23T15:23:59","slug":"turkiye-enerji-gorunumu-gelismekte-olan-ulkelere-de-ornek-olacak","status":"publish","type":"post","link":"https:\/\/www.enerjigazetesi.ist\/en\/turkiye-enerji-gorunumu-gelismekte-olan-ulkelere-de-ornek-olacak\/","title":{"rendered":"(Turkish) &#8217;T\u00fcrkiye Enerji G\u00f6r\u00fcn\u00fcm\u00fc&#8217; Geli\u015fmekte Olan \u00dclkelere de \u00d6rnek Olacak"},"content":{"rendered":"<p class=\"qtranxs-available-languages-message qtranxs-available-languages-message-en\">Sorry, this entry is only available in <a href=\"https:\/\/www.enerjigazetesi.ist\/tr\/wp-json\/wp\/v2\/posts\/123986\" class=\"qtranxs-available-language-link qtranxs-available-language-link-tr\" title=\"Turkish\">Turkish<\/a>. For the sake of viewer convenience, the content is shown below in the alternative language. You may click the link to switch the active language.<\/p><p><\/p>\n<h1><strong>Sabanc\u0131 \u00dcniversitesi \u0130stanbul Uluslararas\u0131 Enerji ve \u0130klim Merkezi (IICEC) taraf\u0131ndan ger\u00e7ekle\u015ftirilen Turkey Energy Outlook \u00e7al\u0131\u015fmas\u0131, Enerji ve Tabii Kaynaklar Bakan\u0131 Fatih D\u00f6nmez, Sabanc\u0131 \u00dcniversitesi Kurucu M\u00fctevelli Heyeti Ba\u015fkan\u0131 G\u00fcler Sabanc\u0131, Uluslararas\u0131 Enerji Ajans\u0131 (IEA) Ba\u015fkan\u0131 Dr. Fatih Birol ve IICEC Ara\u015ft\u0131rma Direkt\u00f6r\u00fc Bora \u015eekip G\u00fcray\u2019\u0131n kat\u0131l\u0131m\u0131yla kamuoyuna tan\u0131t\u0131ld\u0131. T\u00fcrkiye\u2019de bir ilk ve geli\u015fmekte olan \u00fclkelere de \u00f6rnek olan \u00e7al\u0131\u015fma, enerji sekt\u00f6r\u00fcn\u00fcn gelecek perspektifini ortaya koyuyor.<\/strong><\/h1>\n<p><em>Sabanc\u0131 \u00dcniversitesi \u0130stanbul Uluslararas\u0131 Enerji ve \u0130klim Merkezi (IICEC)<\/em> taraf\u0131ndan haz\u0131rlanan <strong>Turkey Energy Outlook (TEO)<\/strong> \u00e7al\u0131\u015fmas\u0131n\u0131n lansman\u0131 online olarak yap\u0131ld\u0131. TEO \u00d6zel Lansman\u0131, Enerji ve Tabii Kaynaklar Bakan\u0131 <strong>Fatih D\u00f6nmez<\/strong>, Sabanc\u0131 \u00dcniversitesi Kurucu M\u00fctevelli Heyeti Ba\u015fkan\u0131 <strong>G\u00fcler Sabanc\u0131<\/strong>, Uluslararas\u0131 Enerji Ajans\u0131 (IEA) Ba\u015fkan\u0131 <strong>Dr. Fatih Birol<\/strong> ve IICEC Ara\u015ft\u0131rma <img loading=\"lazy\" class=\"alignright wp-image-123988\" src=\"https:\/\/www.enerjigazetesi.ist\/wp-content\/uploads\/2020\/11\/turkiye-enerji-gorunumu-gelismekte-olan-ulkelere-de-ornek-olacak.jpg\" alt=\"\" width=\"320\" height=\"180\" srcset=\"https:\/\/www.enerjigazetesi.ist\/wp-content\/uploads\/2020\/11\/turkiye-enerji-gorunumu-gelismekte-olan-ulkelere-de-ornek-olacak.jpg 868w, https:\/\/www.enerjigazetesi.ist\/wp-content\/uploads\/2020\/11\/turkiye-enerji-gorunumu-gelismekte-olan-ulkelere-de-ornek-olacak-300x169.jpg 300w, https:\/\/www.enerjigazetesi.ist\/wp-content\/uploads\/2020\/11\/turkiye-enerji-gorunumu-gelismekte-olan-ulkelere-de-ornek-olacak-768x432.jpg 768w, https:\/\/www.enerjigazetesi.ist\/wp-content\/uploads\/2020\/11\/turkiye-enerji-gorunumu-gelismekte-olan-ulkelere-de-ornek-olacak-500x281.jpg 500w, https:\/\/www.enerjigazetesi.ist\/wp-content\/uploads\/2020\/11\/turkiye-enerji-gorunumu-gelismekte-olan-ulkelere-de-ornek-olacak-80x45.jpg 80w\" sizes=\"(max-width: 320px) 100vw, 320px\" \/>Direkt\u00f6r\u00fc <strong>Bora \u015eekip G\u00fcray<\/strong>\u2019\u0131n kat\u0131l\u0131mlar\u0131 ile ger\u00e7ekle\u015fti.<\/p>\n<p>IICEC taraf\u0131ndan geli\u015ftirilen detayl\u0131 ve kapsaml\u0131 bir modelleme altyap\u0131s\u0131 ve senaryo analizi yakla\u015f\u0131m\u0131 ile tamamlanan, T\u00fcrkiye\u2019de bir <strong>\u0130LK<\/strong> ve geli\u015fmekte olan \u00fclkelerde alan\u0131nda \u00f6rnek olan <strong>Turkey Energy Outlook<\/strong> \u00e7al\u0131\u015fmas\u0131, enerji sekt\u00f6r\u00fcn\u00fcn gelecek perspektifini ortaya koyuyor. Kamu-Sanayi-Akademi ba\u015far\u0131 \u00fc\u00e7geninde, kapsam\u0131 ve i\u00e7eri\u011fi bak\u0131m\u0131ndan politika yap\u0131c\u0131lara, yat\u0131r\u0131mc\u0131lara, i\u015f d\u00fcnyas\u0131na ve akademik \u00e7al\u0131\u015fmalara \u0131\u015f\u0131k tutacak olan bu \u00f6nemli \u00e7al\u0131\u015fma, on somut enerji politikas\u0131 \u00f6nerisi sunuyor.<\/p>\n<p><strong>Sabanc\u0131 \u00dcniversitesi Kurucu M\u00fctevelli Heyeti Ba\u015fkan\u0131 G\u00fcler Sabanc\u0131<\/strong>, <strong>IICEC Turkey Enerji Outlook: T\u00fcrkiye Enerji Zirvesi \u00d6zel Lansman\u0131\u2019<\/strong>n\u0131n a\u00e7\u0131l\u0131\u015f\u0131nda yapt\u0131\u011f\u0131 konu\u015fmada pandeminin t\u00fcm d\u00fcnyada belirsizlik yaratt\u0131\u011f\u0131n\u0131 ancak bilimin g\u00fcc\u00fc ile t\u00fcnelin sonundaki \u0131\u015f\u0131\u011f\u0131n g\u00f6r\u00fcnd\u00fc\u011f\u00fcn\u00fc belirterek, bug\u00fcn de bilimin \u0131\u015f\u0131\u011f\u0131nda haz\u0131rlanan bir ortak ak\u0131l projesi i\u00e7in bir araya gelindi\u011fini s\u00f6yledi.<strong> G\u00fcler Sabanc\u0131, <\/strong>Sabanc\u0131 \u00dcniversitesi \u0130stanbul Uluslararas\u0131 Enerji ve \u0130klim Merkezi\u2019nin (IICEC) \u00dcniversite\u2019nin \u00e7at\u0131s\u0131 alt\u0131nda 2010 y\u0131l\u0131nda kurulu\u015fundan bu yana b\u00fcy\u00fcmeye devam etti\u011fini belirterek, \u201cTurkey Energy Outlook \u00e7al\u0131\u015fmas\u0131 da, <strong>\u00dcniversitemizin yirminci<\/strong>, <strong>IICEC\u2019in onuncu y\u0131l\u0131nda<\/strong>, anlaml\u0131 bir \u00fcr\u00fcn oldu\u201d dedi.<\/p>\n<h2><strong>G\u00dcLER SABANCI: \u201cBA\u011eIMSIZ VE OBJEKT\u0130F B\u0130R \u00dcN\u0130VERS\u0130TE \u00dcR\u00dcN\u00dc OLAN BU \u00c7ALI\u015eMA T\u00dcRK\u0130YE\u2019DE B\u0130R \u0130LKT\u0130R \u00d6NC\u00dcD\u00dcR.\u201d<\/strong><\/h2>\n<p>G\u00fcler Sabanc\u0131 konu\u015fmas\u0131n\u0131 \u015f\u00f6yle s\u00fcrd\u00fcrd\u00fc: \u201c10 y\u0131l \u00f6nce, IICEC\u2019i kurarken, <strong>hayal etti\u011fim, \u00f6nc\u00fc ve \u00f6rnek bir \u00e7al\u0131\u015fmay\u0131 tamamlad\u0131k. <\/strong>IICEC\u2019te olu\u015fturdu\u011fumuz Y\u00f6neti\u015fim modeli, T\u00fcrkiye\u2019de bir ilktir ve \u00f6rnektir. Geli\u015fmi\u015f \u00fclkelerde ba\u015far\u0131n\u0131n anahtar\u0131, kat\u0131l\u0131m\u0131 ve sinerjiyi \u00f6ne \u00e7\u0131karan, t\u00fcm ciddi payda\u015flar\u0131 bir araya getiren ve ortak bir hedefe, gelece\u011fe birlikte bakmalar\u0131n\u0131 sa\u011flayan governance modelleri ve buna sa\u011flam zemin olu\u015fturan, <strong>ba\u011f\u0131ms\u0131z, nitelikli ara\u015ft\u0131rma kurulu\u015flar\u0131d\u0131r. <\/strong>Ben bunu ba\u015far\u0131 \u00fc\u00e7geni olarak tan\u0131ml\u0131yorum. Politika yap\u0131c\u0131 ve reg\u00fclasyon i\u015flevi ile kamunun, yat\u0131r\u0131mc\u0131 ve sekt\u00f6r oyuncusu \u00f6zel sekt\u00f6r\u00fcn ve end\u00fcstrinin, ve ara\u015ft\u0131rma kabiliyetleri ile Akademi\u2019nin birlikte \u00e7al\u0131\u015ft\u0131\u011f\u0131, \u00fcretti\u011fi ve de\u011fer yaratt\u0131\u011f\u0131 bu <strong>Ba\u015far\u0131 \u00dc\u00e7geni\u2019nin T\u00fcrkiye\u2019deki \u00f6rne\u011fi IICEC\u2019tir.\u201d<\/strong><\/p>\n<p>Bug\u00fcn, bu ba\u015far\u0131 \u00fc\u00e7geni i\u00e7erisinde geli\u015ftirilen Turkey Energy Outlook \u00e7al\u0131\u015fmas\u0131 i\u00e7in bir araya gelindi\u011fini vurgulayan <strong>G\u00fcler Sabanc\u0131, <\/strong>\u015f\u00f6yle devam etti:<\/p>\n<p>\u201cIICEC\u2019in bu \u00e7al\u0131\u015fmas\u0131n\u0131, hem Kamu\u2019dan hem de \u00f6zel sekt\u00f6rden, sanayiden \u00f6nemli payda\u015flar ile toplant\u0131lar, g\u00f6r\u00fc\u015fmeler yoluyla, <strong>kat\u0131l\u0131mc\u0131 bir s\u00fcre\u00e7<\/strong> ile y\u00fcr\u00fctt\u00fc\u011f\u00fcn\u00fc biliyorum. Dolay\u0131s\u0131yla, sadece akademik kalitesi ile de\u011fil, sekt\u00f6re yol g\u00f6sterecek bir <strong>rehber kitap<\/strong> olma \u00f6zelli\u011fi ile de \u00f6ne \u00e7\u0131kacakt\u0131r. Bu \u00e7al\u0131\u015fma, bildi\u011finiz gibi, <strong>T\u00fcrkiye\u2019de bir ilktir, \u00f6nc\u00fcd\u00fcr. Metodolojisi ve kalitesi ile geli\u015fmekte olan \u00fclke ekonomileri i\u00e7in de \u00f6rnek olacakt\u0131r. Dr. Fatih Birol<\/strong>, hem bu \u00e7al\u0131\u015fman\u0131n fikrini ortaya koydu hem de kendisi ba\u015f\u0131ndan bu yana takip etti, kendisine te\u015fekk\u00fcr ediyorum. 5 ana hedefimiz var: Daha g\u00fcvenli, daha verimli, daha rekabet\u00e7i, daha teknoloji odakl\u0131 ve daha s\u00fcrd\u00fcr\u00fclebilir bir enerji gelece\u011fi. Bu \u00e7al\u0131\u015fman\u0131n, <strong>ba\u011f\u0131ms\u0131z ve objektif bir \u00dcniversite \u00e7al\u0131\u015fmas\u0131<\/strong> olarak konumlanaca\u011f\u0131n\u0131, sekt\u00f6rde ilgi ile okunup takip edilece\u011fini ve gelecek perspektifi ile yol g\u00f6sterici olaca\u011f\u0131n\u0131 d\u00fc\u015f\u00fcn\u00fcyorum.<\/p>\n<p>T\u00fcrkiye enerji sekt\u00f6r\u00fc <strong>yabanc\u0131 yat\u0131r\u0131m<\/strong> \u00e7ekmekte uzun y\u0131llar di\u011fer sekt\u00f6rlere \u00f6rnek olmu\u015ftur. Bu raporun, geli\u015fecek olan <strong>enerji sekt\u00f6r\u00fcm\u00fcz\u00fcn yat\u0131r\u0131m cazibesinin artmas\u0131nda<\/strong>, \u00fclkemize modern, yenilik\u00e7i enerji ve teknoloji yat\u0131r\u0131mlar\u0131 \u00e7ekilebilmesinde \u00e7ok yararl\u0131 bir <strong>referans kayna\u011f\u0131<\/strong> olarak i\u015flev g\u00f6rece\u011fine inan\u0131yorum.\u201d<\/p>\n<h2><strong>FAT\u0130H B\u0130ROL: TEO GEL\u0130\u015eMEKTE OLAN \u00dcLKELER \u0130\u00c7\u0130N DE \u00d6NC\u00dc B\u0130R \u00c7ALI\u015eMA<\/strong><\/h2>\n<p>Uluslararas\u0131 Enerji Ajans\u0131 (IEA) Ba\u015fkan\u0131 <strong>Dr. Fatih Birol<\/strong> da raporun haz\u0131rlanmas\u0131nda eme\u011fi ge\u00e7enlere te\u015fekk\u00fcr ederek, \u201cBir\u00e7ok \u00fclkede yap\u0131lan bu \u00e7al\u0131\u015fman\u0131n T\u00fcrkiye\u2019de de yap\u0131lmas\u0131n\u0131n \u00e7ok iyi olaca\u011f\u0131n\u0131 d\u00fc\u015f\u00fcnm\u00fc\u015ft\u00fcm. IICEC bunu hayata ge\u00e7irdi. Bu \u00e7al\u0131\u015fman, enerjide trendleri ortaya koymak ve hangi \u015fartlarda nereye ula\u015f\u0131labilece\u011fini g\u00f6stermek bak\u0131m\u0131ndan \u00f6nem ta\u015f\u0131yor. \u00c7al\u0131\u015fman\u0131n daha g\u00fcvenli, verimli, rekabet\u00e7i, teknoloji odakl\u0131 ve s\u00fcrd\u00fcr\u00fclebilir bir enerji gelece\u011fi i\u00e7in enerji sekt\u00f6r\u00fcndeki f\u0131rsatlar\u0131 irdeldi\u011fini ve geli\u015fmekte olan \u00fclkeler i\u00e7in de \u00f6nc\u00fc bir \u00e7al\u0131\u015fma oldu\u011funa inan\u0131yorum\u201d diye konu\u015ftu.<\/p>\n<p>IEA olarak d\u00fcnyadaki b\u00fct\u00fcn verileri her g\u00fcn incelediklerini belirten <strong>Dr. Fatih Birol,<\/strong> d\u00fcnyada enerji sekt\u00f6r\u00fcn\u00fcn bug\u00fcne kadar ya\u015famad\u0131\u011f\u0131 bir y\u0131l ge\u00e7irdi\u011fini ve bug\u00fcne kadar ki en b\u00fcy\u00fck \u015fokunu ya\u015fad\u0131\u011f\u0131n\u0131 s\u00f6yledi. Bu s\u00fcre\u00e7te T\u00fcrkiye\u2019den gelen 2 g\u00fczel haberle sevindiklerini belirten <strong>Dr. Fatih Birol, <\/strong>\u201cBirincisi T\u00fcrkiye\u2019deki elektrik kullan\u0131m\u0131 2019 y\u0131l\u0131ndaki pandemi \u00f6ncesi seviyeye gelmi\u015f, ve bunu ge\u00e7iyor. \u0130kincisi de son yap\u0131lan do\u011fal gaz ke\u015ffi\u201d dedi.<\/p>\n<h2><strong>TURKEY ENERGY OUTLOOK\u2019DA \u00d6NER\u0130LEN 10 POL\u0130T\u0130KA <\/strong><\/h2>\n<p><strong>IICEC Ara\u015ft\u0131rma Direkt\u00f6r\u00fc Bora \u015eekip G\u00fcray<\/strong> da, kapsaml\u0131 ve b\u00fct\u00fcnc\u00fcl bir enerji modeli ve senaryo analizleri ile ger\u00e7ekle\u015ftirdikleri bu \u00e7al\u0131\u015fmada, t\u00fcm enerji sekt\u00f6rleri, kaynaklar\u0131 ve teknolojilerine detayl\u0131 ve uzun vadeli bir perspektif ile bakt\u0131klar\u0131n\u0131 ve \u00e7al\u0131\u015fman\u0131n somut bir \u00e7\u0131kt\u0131s\u0131 olarak, enerji politikas\u0131 hedeflerini destekleyen, ayn\u0131 zamanda yeni a\u00e7\u0131l\u0131mlar getiren, daha g\u00fcvenli, verimli, rekabet\u00e7i teknoloji, odakl\u0131 ve s\u00fcrd\u00fcr\u00fclebilir enerji gelece\u011fi i\u00e7in 10 \u00f6neri sunduklar\u0131n\u0131 ifade etti. <strong>G\u00fcray,<\/strong> i\u00e7eri\u011fi ve metodolojisi itibariyle geli\u015fmekte olan \u00fclkelerde de \u00f6nc\u00fc nitelikteki bu \u00e7al\u0131\u015fman\u0131n, Covid-19 pandemisinin etkileri ve son do\u011fal gaz ke\u015ffi gibi g\u00fcncel geli\u015fmelere de \u0131\u015f\u0131k tutan, sekt\u00f6r payda\u015flar\u0131 i\u00e7in yol g\u00f6sterici bir \u00e7al\u0131\u015fma oldu\u011funu belirtti.<\/p>\n<p><strong>Bora \u015eekip G\u00fcray<\/strong>, TEO bulgular\u0131 \u00e7er\u00e7evesinde, rapordaki <span style=\"text-decoration: underline;\">10 \u00f6neriyi \u015f\u00f6yle \u00f6zetledi:<\/span><\/p>\n<p>1- Modern enerji hizmetlerine artan talebin kar\u015f\u0131lanmas\u0131 ve daha g\u00fcvenli, verimli ve s\u00fcrd\u00fcr\u00fclebilir bir enerji gelece\u011fini temin etmek \u00fczere yat\u0131r\u0131mlar\u0131n cazibesinin art\u0131r\u0131lmas\u0131;<\/p>\n<p>2- Daha rekabet\u00e7i elektrik ve do\u011falgaz piyasalar\u0131na ge\u00e7i\u015fin h\u0131zlanmas\u0131,maliyetleri yans\u0131tan fiyatland\u0131rma ve sosyal boyut da g\u00f6zetilerek \u00f6zel sekt\u00f6r kat\u0131l\u0131m\u0131n\u0131n art\u0131r\u0131lmas\u0131;<\/p>\n<p>3- Elektrik \u00fcretiminde yenilenebilir enerji ve n\u00fckleerin pay\u0131n\u0131n art\u0131r\u0131lmas\u0131 ve talep taraf\u0131 hizmetlerini de i\u00e7erecek \u015fekilde elektrik \u015febekelerinin esnekli\u011finin g\u00fc\u00e7lendirilmesi;<\/p>\n<p>4- Daha fazla elektrifikasyon ve yenilenebilir enerji kullan\u0131m\u0131 ile de desteklenecek \u015fekilde t\u00fcm sekt\u00f6rlerde enerji ve yak\u0131t verimlili\u011finin art\u0131r\u0131lmas\u0131;<\/p>\n<p>5- G\u00fc\u00e7l\u00fc politika giri\u015fimleri, piyasa odakl\u0131 ve yenilik\u00e7i finansman ve i\u015f modelleri yoluyla binalarda ve sanayide enerji verimlili\u011fi potansiyelinin de\u011ferlendirilmesi;<\/p>\n<p>6- Elektrikli ara\u00e7lar ile \u015farj altyap\u0131s\u0131n\u0131n h\u0131zl\u0131 b\u00fcy\u00fcmesi ve eski, verimsiz ve kirleticili\u011fi y\u00fcksek ula\u015f\u0131m ara\u00e7lar\u0131n\u0131n ara\u00e7 park\u0131ndan \u00e7\u0131kar\u0131lmas\u0131;<\/p>\n<p>7- Enerji ve petrol yo\u011fun karayolu ula\u015f\u0131m\u0131ndan rayl\u0131 sistemler ve deniz ula\u015f\u0131m\u0131na ge\u00e7i\u015fin art\u0131r\u0131lmas\u0131,veri ile desteklenmi\u015f kentsel ula\u015f\u0131m planlamas\u0131, etkin toplu ta\u015f\u0131ma yat\u0131r\u0131mlar\u0131 ve y\u00f6ntemleri ile \u015fehiri\u00e7i \u00f6zel ara\u00e7 trafi\u011finin azalt\u0131lmas\u0131;<\/p>\n<p>8- Arama ve \u00fcretim \u00e7abalar\u0131 ile yat\u0131r\u0131mlar\u0131n\u0131n s\u00fcrd\u00fcr\u00fclmesi sayesinde daha fazla petrol ve do\u011fal gaz ke\u015ffi ve \u00fcretimi sa\u011flanmas\u0131;<\/p>\n<p>9- Enerji arz ve talep zincirinde dijitalle\u015fme ve ileri veri analiti\u011finin daha yayg\u0131n kullan\u0131lmas\u0131;<\/p>\n<p>10- \u0130leri enerji teknolojilerinde inovasyon, Ar-Ge ve \u00fcretimin art\u0131r\u0131lmas\u0131<\/p>\n<h2><strong>ENERJ\u0130 VE TAB\u0130\u0130 KAYNAKLAR BAKANI FAT\u0130H D\u00d6NMEZ:<\/strong> \u201c<strong>\u0130LK KEZ HAZIRLANAN BU RAPOR B\u0130Z\u0130M F\u0130K\u0130RLER\u0130M\u0130Z\u0130 \u015eEK\u0130LLEND\u0130RMEDE KULLANAB\u0130LECE\u011e\u0130M\u0130Z \u00c7OK \u00d6NEML\u0130 B\u0130R KAYNAK OLDU\u201d<\/strong><\/h2>\n<p><strong>Turkey Enerji Outlook<\/strong> lansman toplant\u0131s\u0131na kat\u0131lan ve pandemi sonras\u0131nda d\u00fcnya ekonomilerinin kay\u0131plar\u0131n telafisi i\u00e7in daha fazla gaza basaca\u011f\u0131n\u0131 s\u00f6yleyen Enerji ve Tabii Kaynaklar Bakan\u0131 <strong>Fatih D\u00f6nmez<\/strong>, &#8220;Bu durum <strong>Avrupa<\/strong> ve <strong>ABD<\/strong> ba\u015fta olmak \u00fczere d\u00fc\u015fen enerji talebini yeniden canland\u0131racak. Bu durum da enerji yat\u0131r\u0131mlar\u0131 i\u00e7in <strong>yeni f\u0131rsat pencereleri<\/strong> a\u00e7acak. Ancak d\u00fcnya bu saatten sonra yeni yola eski y\u00f6ntemlerle devam edemez. Raporda da a\u00e7\u0131k bir \u015fekilde ifade edildi\u011fi gibi <strong>yenilenebilir enerji<\/strong> ve <strong>enerji verimlili\u011fi<\/strong>nin merkezde oldu\u011fu bir gelecek bizi bekliyor\u201d diye konu\u015ftu. <strong>Bakan D\u00f6nmez<\/strong> enerji teknolojilerine de vurgu yaparak, T\u00fcrkiye&#8217;nin b\u00f6lgesinde etkili bir oyuncu olmak istedi\u011fini ve yerli teknolojinin bu anlamda b\u00fcy\u00fck bir rol oynayaca\u011f\u0131n\u0131 s\u00f6yledi.<\/p>\n<p>Enerji ve Tabii Kaynaklar Bakan\u0131 <strong>Fatih D\u00f6nmez, <\/strong>\u201cBug\u00fcne kadar bizden ba\u015fka enerji \u00e7al\u0131\u015fmalar\u0131 da olsa ve biz de yararlansak diyorduk. <strong>Sabanc\u0131 \u00dcniversitesi<\/strong> <strong>IICEC<\/strong> bizim bu dile\u011fimizi ger\u00e7ekle\u015ftirdi. T\u00fcrkiye\u2019de bir ilk olarak <strong>Sabanc\u0131 \u00dcniversitesi<\/strong> IICEC taraf\u0131ndan haz\u0131rlanan bu rapor bizim fikirlerimizi \u015fekillendirmede kullanabilece\u011fimiz \u00e7ok \u00f6nemli bir kaynak oldu. Eme\u011fi ge\u00e7enlere te\u015fekk\u00fcr ederim\u201d dedi.<\/p>","protected":false},"excerpt":{"rendered":"<p>Sorry, this entry is only available in Turkish. For the sake of viewer convenience, the content is shown below in the alternative language. You may click the link to switch the active language. Sabanc\u0131 \u00dcniversitesi \u0130stanbul Uluslararas\u0131 Enerji ve \u0130klim Merkezi (IICEC) taraf\u0131ndan ger\u00e7ekle\u015ftirilen Turkey Energy Outlook \u00e7al\u0131\u015fmas\u0131, Enerji ve Tabii Kaynaklar Bakan\u0131 Fatih D\u00f6nmez, [&hellip;]<\/p>\n","protected":false},"author":1,"featured_media":123988,"comment_status":"open","ping_status":"open","sticky":false,"template":"","format":"standard","meta":[],"categories":[51,53,52],"tags":[52259,26559,57990,1075,54979,82639],"views":185,"_links":{"self":[{"href":"https:\/\/www.enerjigazetesi.ist\/en\/wp-json\/wp\/v2\/posts\/123986"}],"collection":[{"href":"https:\/\/www.enerjigazetesi.ist\/en\/wp-json\/wp\/v2\/posts"}],"about":[{"href":"https:\/\/www.enerjigazetesi.ist\/en\/wp-json\/wp\/v2\/types\/post"}],"author":[{"embeddable":true,"href":"https:\/\/www.enerjigazetesi.ist\/en\/wp-json\/wp\/v2\/users\/1"}],"replies":[{"embeddable":true,"href":"https:\/\/www.enerjigazetesi.ist\/en\/wp-json\/wp\/v2\/comments?post=123986"}],"version-history":[{"count":0,"href":"https:\/\/www.enerjigazetesi.ist\/en\/wp-json\/wp\/v2\/posts\/123986\/revisions"}],"wp:featuredmedia":[{"embeddable":true,"href":"https:\/\/www.enerjigazetesi.ist\/en\/wp-json\/wp\/v2\/media\/123988"}],"wp:attachment":[{"href":"https:\/\/www.enerjigazetesi.ist\/en\/wp-json\/wp\/v2\/media?parent=123986"}],"wp:term":[{"taxonomy":"category","embeddable":true,"href":"https:\/\/www.enerjigazetesi.ist\/en\/wp-json\/wp\/v2\/categories?post=123986"},{"taxonomy":"post_tag","embeddable":true,"href":"https:\/\/www.enerjigazetesi.ist\/en\/wp-json\/wp\/v2\/tags?post=123986"}],"curies":[{"name":"wp","href":"https:\/\/api.w.org\/{rel}","templated":true}]}}