{"id":123919,"date":"2020-11-22T23:03:26","date_gmt":"2020-11-22T20:03:26","guid":{"rendered":"https:\/\/www.enerjigazetesi.ist\/?p=123919"},"modified":"2020-11-22T23:04:31","modified_gmt":"2020-11-22T20:04:31","slug":"ab-ulkeleri-amerika-ve-diger-ulkelerle-is-birligi-yabanci-yatirimlari-artirir","status":"publish","type":"post","link":"https:\/\/www.enerjigazetesi.ist\/en\/ab-ulkeleri-amerika-ve-diger-ulkelerle-is-birligi-yabanci-yatirimlari-artirir\/","title":{"rendered":"(Turkish) AB \u00dclkeleri, Amerika ve Di\u011fer \u00dclkelerle \u0130\u015f Birli\u011fi Yabanc\u0131 Yat\u0131r\u0131mlar\u0131 Art\u0131r\u0131r"},"content":{"rendered":"<p class=\"qtranxs-available-languages-message qtranxs-available-languages-message-en\">Sorry, this entry is only available in <a href=\"https:\/\/www.enerjigazetesi.ist\/tr\/wp-json\/wp\/v2\/posts\/123919\" class=\"qtranxs-available-language-link qtranxs-available-language-link-tr\" title=\"Turkish\">Turkish<\/a>. For the sake of viewer convenience, the content is shown below in the alternative language. You may click the link to switch the active language.<\/p><p><\/p>\n<h1><strong>T\u00fcrkiye\u2019nin son y\u0131llarda b\u00f6lgesel bir oyun kurucu haline gelmesi bir\u00e7ok \u00fclke ile \u00e7\u0131kar \u00e7at\u0131\u015fmalar\u0131 ya\u015famas\u0131na ve ili\u015fkilerinin bozulmas\u0131na sebep olmu\u015ftu. \u0130sminde \u2018Global\u2019 kelimesi olan Global Bili\u015fim Derne\u011fi olarak; Cumhurba\u015fkan\u0131 Erdo\u011fan\u2019\u0131n Avrupa Birli\u011fi (AB) \u00dclkeleri, Amerika ve di\u011fer \u00fclkeler ile b\u00f6lgesel ve k\u00fcresel i\u015f birli\u011fi \u00e7a\u011fr\u0131s\u0131 yapm\u0131\u015f olmas\u0131n\u0131 destekliyoruz. AB \u00dclkeleri, Amerika, T\u00fcrk Cumhuriyetler, Rusya, \u00c7in ve Arap \u00dclkeleri ba\u015fta olmak \u00fczere yabanc\u0131 yat\u0131r\u0131mc\u0131 \u00e7ekebilece\u011fimiz t\u00fcm \u00fclkelerle ili\u015fkilerimizi geli\u015ftirmemiz \u00f6nem <img loading=\"lazy\" class=\"alignright wp-image-123923 size-full\" src=\"https:\/\/www.enerjigazetesi.ist\/wp-content\/uploads\/2020\/11\/ab-ulkeleri-amerika-ve-diger-ulkelerle-is-birligi-yabanci-yatirimlari-artirir-2.jpg\" alt=\"\" width=\"274\" height=\"488\" srcset=\"https:\/\/www.enerjigazetesi.ist\/wp-content\/uploads\/2020\/11\/ab-ulkeleri-amerika-ve-diger-ulkelerle-is-birligi-yabanci-yatirimlari-artirir-2.jpg 274w, https:\/\/www.enerjigazetesi.ist\/wp-content\/uploads\/2020\/11\/ab-ulkeleri-amerika-ve-diger-ulkelerle-is-birligi-yabanci-yatirimlari-artirir-2-168x300.jpg 168w, https:\/\/www.enerjigazetesi.ist\/wp-content\/uploads\/2020\/11\/ab-ulkeleri-amerika-ve-diger-ulkelerle-is-birligi-yabanci-yatirimlari-artirir-2-225x400.jpg 225w, https:\/\/www.enerjigazetesi.ist\/wp-content\/uploads\/2020\/11\/ab-ulkeleri-amerika-ve-diger-ulkelerle-is-birligi-yabanci-yatirimlari-artirir-2-28x50.jpg 28w\" sizes=\"(max-width: 274px) 100vw, 274px\" \/>ta\u015f\u0131yor.<\/strong><\/h1>\n<p>D\u00fcnya&#8217;da ve T\u00fcrkiye\u2019de son d\u00f6nemde<strong> sa\u011fl\u0131k<\/strong> ve <strong>ekonomi<\/strong> ba\u015fta olmak \u00fczere bir\u00e7ok alanda b\u00fcy\u00fck de\u011fi\u015fimler ya\u015fan\u0131yor. Gelecek hakk\u0131nda konu\u015ftu\u011fumuz bir\u00e7ok kavram\u0131n art\u0131k hayat\u0131m\u0131za girdi\u011fini g\u00f6r\u00fcyoruz. Di\u011fer taraftan <strong>uzaya turistik gezi haz\u0131rl\u0131klar\u0131<\/strong> yaparken bir anda kendimizi<strong> COVID-19 k\u00fcresel salg\u0131n\u0131<\/strong> ile zorlu bir m\u00fccadele i\u00e7erisinde bulduk. \u0130nsano\u011flunun zorland\u0131\u011f\u0131 d\u00f6nemlerden ge\u00e7iyoruz.<\/p>\n<p><strong>2018 Y\u0131l\u0131<\/strong> <em>T\u00fcrkiye Organize Sanayi B\u00f6lgeleri Yat\u0131r\u0131m Engelleri Ara\u015ft\u0131rmas\u0131&#8217;<\/em>na g\u00f6re b\u00fcrokrasi her 10 firmadan yakla\u015f\u0131k <strong>yedisinin <\/strong>yat\u0131r\u0131m karar\u0131n\u0131 olumsuz olarak etkiledi. B\u00fcrokrasi, \u0131slah<strong> OSB<\/strong>\u2019lerdeki firmalar\u0131n <strong>% 62,5<\/strong>\u2019inin, ihtisas OSB\u2019lerdeki firmalar\u0131n <strong>% 67,3<\/strong>\u2019\u00fcn\u00fcn, karma OSB\u2019lerdeki firmalar\u0131n ise <strong>% 66,1<\/strong>\u2019inin yat\u0131r\u0131m karar\u0131n\u0131 olumsuz etkiledi. \u00dclkemizde <strong>b\u00fcrokrasinin azalt\u0131lmas\u0131<\/strong> eylem plan\u0131 kapsam\u0131nda<strong> e-devlet uygulamalar\u0131<\/strong>n\u0131n kapsam\u0131n\u0131n <strong>giderek geni\u015flemesi<\/strong> ve resmi yaz\u0131\u015fmalar\u0131n <strong>bulut (internet)<\/strong> \u00fczerinden yap\u0131lmas\u0131 hem kamu taraf\u0131nda hem de kullan\u0131c\u0131 taraf\u0131nda <strong>b\u00fcy\u00fck avantajlar<\/strong> getirdi. Bu avantajlar <strong>uluslararas\u0131 arenada<\/strong> \u00fclke olarak skorlar\u0131m\u0131za da olumlu y\u00f6nde yans\u0131d\u0131. <strong>2020 y\u0131l\u0131<\/strong> Birle\u015fmi\u015f Milletler taraf\u0131ndan yay\u0131nlanan<strong> e-Devlet Geli\u015fmi\u015flik Endeksi<\/strong>\u2019ne g\u00f6re \u00fclkemiz <strong>93 \u00fclke<\/strong> aras\u0131nda, <strong>e-Kat\u0131l\u0131m Endeksi<\/strong>\u2019nde<strong> 23&#8217;\u00fcnc\u00fc S\u0131raya<\/strong>, <strong>\u00c7evrim \u0130\u00e7i Hizmet Endeksi<\/strong>\u2019nde ise <strong>22&#8217;inci s\u0131raya<\/strong> y\u00fckseldi.<\/p>\n<h2>Her Alanda \u00dcretim Temelli Ekonomi<\/h2>\n<p>T\u00fcrkiye&#8217;yi orta gelir tuza\u011f\u0131ndan \u00e7\u0131karacak yeg\u00e2ne unsurun katma de\u011ferli teknoloji \u00fcretimi ve ihracat\u0131 oldu\u011funu belirten <strong>Global Bili\u015fim Derne\u011fi (B\u0130DER) Ba\u015fkan\u0131 \u015eenol Vatansever<\/strong> s\u00f6zlerine \u015fu \u015fekilde devam etti: \u201cT\u00fcrkiye&#8217;den en az 10 Turcorn -yani Unicorn- \u00e7\u0131karma hedefimiz var. \u0130lki<strong> Peakgames<\/strong> oldu.<strong> Zynga<\/strong> taraf\u0131ndan<strong> 1,8 milyar dolara<\/strong> sat\u0131n al\u0131nd\u0131. Di\u011fer taraftan D\u00fcnyada oldu\u011fu gibi T\u00fcrkiye&#8217;de de pandeminin etkisiyle ekonomik s\u0131k\u0131nt\u0131lar daha da artt\u0131. T\u00fcrkiye\u2019nin \u00f6z\u00fcne d\u00f6nmesi ve \u00fcretim temelli ekonomiyi tekrar hayata ge\u00e7irmesi ile bu s\u0131k\u0131nt\u0131lar\u0131 a\u015fabilece\u011fine inan\u0131yoruz. <strong>Tar\u0131mda, hayvanc\u0131l\u0131kta, sanayide, teknolojide vs.<\/strong> t\u00fcm alanlarda \u00fcreticilerin sorunlar\u0131n\u0131n can kula\u011f\u0131yla dinlenmesi ve \u00fcretimi destekleyecek politikalar\u0131n sahadan gelen taleplere uygun olarak hayata ge\u00e7irilmesi gerekiyor. Tabi bunun i\u00e7in<strong> \u00fcst d\u00fczey b\u00fcrokrasiye<\/strong> yap\u0131lacak atamalar\u0131n saha ile bar\u0131\u015f\u0131k, sahadan gelecek geri bildirimleri dikkate alacak ve saha ile <strong>uyumlu \u00e7al\u0131\u015facak<\/strong> ki\u015filerden se\u00e7ilmesi gerekiyor.\u201d<\/p>\n<p><strong>B\u0130DER Ba\u015fkan\u0131 \u015eenol Vatansever<\/strong>, giri\u015fimcilerimizin <strong>y\u00fcksek teknoloji projeleri<\/strong>ni b\u00fcy\u00fctecek ve global pazarlara a\u00e7acak sermaye birikimleri olmad\u0131\u011f\u0131n\u0131 belirterek <span style=\"text-decoration: underline;\">\u015fu a\u00e7\u0131klamalarda bulundu:<\/span> \u201cTe\u015fviklerden yararlanamayan ve melek yat\u0131r\u0131mc\u0131lardan destek alamayan, ama b\u00fcy\u00fcme potansiyeli olan bir\u00e7ok firmam\u0131z var. Devletimizin liderli\u011finde vatanda\u015flar\u0131m\u0131z\u0131n mevcut birikimlerinin bir k\u0131sm\u0131n\u0131 y\u00fcksek teknoloji firmalar\u0131na yat\u0131r\u0131m yapabilmelerine imk\u00e2n sa\u011flayacak altyap\u0131lar tasarlanabilir. Vatanda\u015flar\u0131m\u0131z birikimlerini maalesef hala<strong> ev, arsa, faiz, d\u00f6viz, yast\u0131k alt\u0131<\/strong> gibi geleneksel y\u00f6ntemlerle de\u011ferlendirmeye \u00e7al\u0131\u015f\u0131yor. T\u00fcm bu sebeplerle firmalar\u0131m\u0131z yabanc\u0131 yat\u0131r\u0131mc\u0131lara ihtiya\u00e7 duyuyor. <strong>Yap\u0131sal reformlar<\/strong> ile yabanc\u0131 yat\u0131r\u0131mc\u0131lar i\u00e7in g\u00fcven ortam\u0131n\u0131n sa\u011flanmas\u0131<strong> normalle\u015fme s\u00fcre\u00e7lerine<\/strong> katk\u0131 sa\u011flar. T\u00fcrkiye\u2019nin son y\u0131llarda b\u00f6lgesel bir oyun kurucu haline gelmesi bir\u00e7ok \u00fclke ile \u00e7\u0131kar \u00e7at\u0131\u015fmalar\u0131 ya\u015famas\u0131na ve ili\u015fkilerinin bozulmas\u0131na sebep olmu\u015ftu. \u0130sminde<strong> \u2018Global\u2019<\/strong> kelimesi olan Global Bili\u015fim Derne\u011fi olarak; <strong>Say\u0131n Cumhurba\u015fkan\u0131m\u0131z\u0131n<\/strong><em> Avrupa Birli\u011fi (AB) \u00dclkeleri, Amerika ve di\u011fer \u00fclkeler ile b\u00f6lgesel<\/em> ve <strong>k\u00fcresel i\u015f birli\u011fi<\/strong> \u00e7a\u011fr\u0131s\u0131 yapm\u0131\u015f olmas\u0131n\u0131 destekliyoruz. <strong>AB \u00dclkeleri, Amerika, T\u00fcrki Cumhuriyetler, Rusya, \u00c7in <\/strong>ve<strong> Arap \u00dclkeleri<\/strong> ba\u015fta olmak \u00fczere yabanc\u0131 yat\u0131r\u0131mc\u0131 \u00e7ekebilece\u011fimiz <strong>t\u00fcm \u00fclkelerle ili\u015fkilerimizi geli\u015ftirmemiz<\/strong> \u00f6nem ta\u015f\u0131yor.\u201d<\/p>","protected":false},"excerpt":{"rendered":"<p>Sorry, this entry is only available in Turkish. For the sake of viewer convenience, the content is shown below in the alternative language. You may click the link to switch the active language. T\u00fcrkiye\u2019nin son y\u0131llarda b\u00f6lgesel bir oyun kurucu haline gelmesi bir\u00e7ok \u00fclke ile \u00e7\u0131kar \u00e7at\u0131\u015fmalar\u0131 ya\u015famas\u0131na ve ili\u015fkilerinin bozulmas\u0131na sebep olmu\u015ftu. \u0130sminde \u2018Global\u2019 [&hellip;]<\/p>\n","protected":false},"author":1,"featured_media":123924,"comment_status":"open","ping_status":"open","sticky":false,"template":"","format":"standard","meta":[],"categories":[51,53],"tags":[77855,82610,82613,52259,82609,82611,82612],"views":300,"_links":{"self":[{"href":"https:\/\/www.enerjigazetesi.ist\/en\/wp-json\/wp\/v2\/posts\/123919"}],"collection":[{"href":"https:\/\/www.enerjigazetesi.ist\/en\/wp-json\/wp\/v2\/posts"}],"about":[{"href":"https:\/\/www.enerjigazetesi.ist\/en\/wp-json\/wp\/v2\/types\/post"}],"author":[{"embeddable":true,"href":"https:\/\/www.enerjigazetesi.ist\/en\/wp-json\/wp\/v2\/users\/1"}],"replies":[{"embeddable":true,"href":"https:\/\/www.enerjigazetesi.ist\/en\/wp-json\/wp\/v2\/comments?post=123919"}],"version-history":[{"count":0,"href":"https:\/\/www.enerjigazetesi.ist\/en\/wp-json\/wp\/v2\/posts\/123919\/revisions"}],"wp:featuredmedia":[{"embeddable":true,"href":"https:\/\/www.enerjigazetesi.ist\/en\/wp-json\/wp\/v2\/media\/123924"}],"wp:attachment":[{"href":"https:\/\/www.enerjigazetesi.ist\/en\/wp-json\/wp\/v2\/media?parent=123919"}],"wp:term":[{"taxonomy":"category","embeddable":true,"href":"https:\/\/www.enerjigazetesi.ist\/en\/wp-json\/wp\/v2\/categories?post=123919"},{"taxonomy":"post_tag","embeddable":true,"href":"https:\/\/www.enerjigazetesi.ist\/en\/wp-json\/wp\/v2\/tags?post=123919"}],"curies":[{"name":"wp","href":"https:\/\/api.w.org\/{rel}","templated":true}]}}