{"id":123904,"date":"2020-11-21T14:40:28","date_gmt":"2020-11-21T11:40:28","guid":{"rendered":"https:\/\/www.enerjigazetesi.ist\/?p=123904"},"modified":"2020-11-21T14:47:35","modified_gmt":"2020-11-21T11:47:35","slug":"opec-kuresel-petrol-piyasasindaki-gelismelere-gore-kararlar-almali","status":"publish","type":"post","link":"https:\/\/www.enerjigazetesi.ist\/en\/opec-kuresel-petrol-piyasasindaki-gelismelere-gore-kararlar-almali\/","title":{"rendered":"(Turkish) &#8221;OPEC+ K\u00fcresel Petrol Piyasas\u0131ndaki Geli\u015fmelere G\u00f6re Karar Almal\u0131&#8221;"},"content":{"rendered":"<p class=\"qtranxs-available-languages-message qtranxs-available-languages-message-en\">Sorry, this entry is only available in <a href=\"https:\/\/www.enerjigazetesi.ist\/tr\/wp-json\/wp\/v2\/posts\/123904\" class=\"qtranxs-available-language-link qtranxs-available-language-link-tr\" title=\"Turkish\">Turkish<\/a>. For the sake of viewer convenience, the content is shown below in the alternative language. You may click the link to switch the active language.<\/p><p><\/p>\n<h1>Suudi\u00a0Arabistan\u00a0Enerji\u00a0Bakan\u0131\u00a0Abd\u00fclaziz bin Selman taraf\u0131ndan Petrol \u0130hra\u00e7 Eden \u00dclkeler \u00d6rg\u00fct\u00fc (OPEC) ve baz\u0131\u00a0OPEC\u00a0d\u0131\u015f\u0131 \u00fcretici \u00fclkelerden olu\u015fan\u00a0OPEC+ grubunun\u00a0k\u00fcresel petrol piyasas\u0131ndaki geli\u015fmelere g\u00f6re kararlar almaya y\u00f6nelik harekete ge\u00e7mesi gerekti\u011fini ifade etti.<\/h1>\n<h1><img loading=\"lazy\" class=\"alignright wp-image-123906\" src=\"https:\/\/www.enerjigazetesi.ist\/wp-content\/uploads\/2020\/11\/opec-kuresel-petrol-piyasasindaki-gelismelere-gore-kararlar-almali.jpg\" alt=\"\" width=\"320\" height=\"180\" srcset=\"https:\/\/www.enerjigazetesi.ist\/wp-content\/uploads\/2020\/11\/opec-kuresel-petrol-piyasasindaki-gelismelere-gore-kararlar-almali.jpg 670w, https:\/\/www.enerjigazetesi.ist\/wp-content\/uploads\/2020\/11\/opec-kuresel-petrol-piyasasindaki-gelismelere-gore-kararlar-almali-300x169.jpg 300w, https:\/\/www.enerjigazetesi.ist\/wp-content\/uploads\/2020\/11\/opec-kuresel-petrol-piyasasindaki-gelismelere-gore-kararlar-almali-500x281.jpg 500w, https:\/\/www.enerjigazetesi.ist\/wp-content\/uploads\/2020\/11\/opec-kuresel-petrol-piyasasindaki-gelismelere-gore-kararlar-almali-80x45.jpg 80w\" sizes=\"(max-width: 320px) 100vw, 320px\" \/><\/h1>\n<p><strong>OPEC<\/strong>&#8216;in <strong>Twitter<\/strong> hesab\u0131ndan yap\u0131lan a\u00e7\u0131klamada,\u00a0<strong>Suudi\u00a0Arabistan<\/strong>\u00a0Enerji\u00a0Bakan\u0131 <strong>Bin Selman<\/strong>,\u00a0<strong>OPEC + \u00dcretim Kontrol Komitesi<\/strong>&#8216;nin<strong> sanal ortamda<\/strong> yap\u0131lan toplant\u0131s\u0131na kat\u0131ld\u0131.<\/p>\n<p>Toplant\u0131da konu\u015fmas\u0131nda\u00a0<strong>Bin Selman,<\/strong> yak\u0131n d\u00f6nemde <strong>k\u00fcresel petrol piyasas\u0131<\/strong>n\u0131n \u00f6zellikle \u00c7in ve <strong>Hindistan&#8217;\u0131n<\/strong> temsil etti\u011fi <strong>Asya piyasalar\u0131<\/strong>ndaki talepte toparlanma ya\u015fand\u0131\u011f\u0131n\u0131 belirterek,<strong> OPEC+ grubu<\/strong>nun\u00a0<strong>k\u00fcresel petrol piyasas\u0131<\/strong>ndaki geli\u015fmeler do\u011frultusunda<strong> kararlar almak<\/strong> i\u00e7in harekete ge\u00e7mesi gerekti\u011fini s\u00f6yledi.<\/p>\n<p>Rusya Ba\u015fbakan Yard\u0131mc\u0131s\u0131 <strong>Aleksander\u00a0Novak\u00a0<\/strong>ise;\u00a0<strong>OPEC+ grubu<\/strong>nun \u00e7abalar\u0131 sayesinde<strong> ham petrol piyasas\u0131<\/strong>nda sa\u011flanan g\u00f6reli istikrara i\u015faret ederek, \u00fclkesinin\u00a0<strong>OPEC+ grubu<\/strong>nun\u00a0ald\u0131\u011f\u0131 kararlara ba\u011fl\u0131 oldu\u011funu belirtti.<\/p>\n<p><strong>K\u00fcresel petrol piyasalar\u0131<\/strong>, bug\u00fcnk\u00fc toplant\u0131dan\u00a0<strong>ham petrol fiyatlar\u0131n\u0131<\/strong> istikrara kavu\u015fturmak amac\u0131yla <strong>\u00fcretim kesintisi anla\u015fmas\u0131<\/strong>n\u0131n <strong>2&#8217;inci a\u015famas\u0131<\/strong>n\u0131n uzat\u0131lmas\u0131 karar\u0131\u00a0\u00e7\u0131kmas\u0131n\u0131 bekliyor.<\/p>","protected":false},"excerpt":{"rendered":"<p>Sorry, this entry is only available in Turkish. For the sake of viewer convenience, the content is shown below in the alternative language. You may click the link to switch the active language. Suudi\u00a0Arabistan\u00a0Enerji\u00a0Bakan\u0131\u00a0Abd\u00fclaziz bin Selman taraf\u0131ndan Petrol \u0130hra\u00e7 Eden \u00dclkeler \u00d6rg\u00fct\u00fc (OPEC) ve baz\u0131\u00a0OPEC\u00a0d\u0131\u015f\u0131 \u00fcretici \u00fclkelerden olu\u015fan\u00a0OPEC+ grubunun\u00a0k\u00fcresel petrol piyasas\u0131ndaki geli\u015fmelere g\u00f6re kararlar almaya [&hellip;]<\/p>\n","protected":false},"author":1,"featured_media":123906,"comment_status":"open","ping_status":"open","sticky":false,"template":"","format":"standard","meta":[],"categories":[53,44],"tags":[75076,52407,52259,15748,3216,23233,42283,82603,82602,66947,53153,58512,75642],"views":156,"_links":{"self":[{"href":"https:\/\/www.enerjigazetesi.ist\/en\/wp-json\/wp\/v2\/posts\/123904"}],"collection":[{"href":"https:\/\/www.enerjigazetesi.ist\/en\/wp-json\/wp\/v2\/posts"}],"about":[{"href":"https:\/\/www.enerjigazetesi.ist\/en\/wp-json\/wp\/v2\/types\/post"}],"author":[{"embeddable":true,"href":"https:\/\/www.enerjigazetesi.ist\/en\/wp-json\/wp\/v2\/users\/1"}],"replies":[{"embeddable":true,"href":"https:\/\/www.enerjigazetesi.ist\/en\/wp-json\/wp\/v2\/comments?post=123904"}],"version-history":[{"count":0,"href":"https:\/\/www.enerjigazetesi.ist\/en\/wp-json\/wp\/v2\/posts\/123904\/revisions"}],"wp:featuredmedia":[{"embeddable":true,"href":"https:\/\/www.enerjigazetesi.ist\/en\/wp-json\/wp\/v2\/media\/123906"}],"wp:attachment":[{"href":"https:\/\/www.enerjigazetesi.ist\/en\/wp-json\/wp\/v2\/media?parent=123904"}],"wp:term":[{"taxonomy":"category","embeddable":true,"href":"https:\/\/www.enerjigazetesi.ist\/en\/wp-json\/wp\/v2\/categories?post=123904"},{"taxonomy":"post_tag","embeddable":true,"href":"https:\/\/www.enerjigazetesi.ist\/en\/wp-json\/wp\/v2\/tags?post=123904"}],"curies":[{"name":"wp","href":"https:\/\/api.w.org\/{rel}","templated":true}]}}