{"id":123775,"date":"2020-11-19T03:05:42","date_gmt":"2020-11-19T00:05:42","guid":{"rendered":"https:\/\/www.enerjigazetesi.ist\/?p=123775"},"modified":"2020-11-19T03:07:23","modified_gmt":"2020-11-19T00:07:23","slug":"surdurulebilir-yasam-film-festivali-cevrimici-olarak-syffevde","status":"publish","type":"post","link":"https:\/\/www.enerjigazetesi.ist\/en\/surdurulebilir-yasam-film-festivali-cevrimici-olarak-syffevde\/","title":{"rendered":"(Turkish) &#8217;S\u00fcrd\u00fcr\u00fclebilir Ya\u015fam Film Festivali&#8217; \u00c7evrimi\u00e7i Olarak SYFFEV&#8217;de!"},"content":{"rendered":"<p class=\"qtranxs-available-languages-message qtranxs-available-languages-message-en\">Sorry, this entry is only available in <a href=\"https:\/\/www.enerjigazetesi.ist\/tr\/wp-json\/wp\/v2\/posts\/123775\" class=\"qtranxs-available-language-link qtranxs-available-language-link-tr\" title=\"Turkish\">Turkish<\/a>. For the sake of viewer convenience, the content is shown below in the alternative language. You may click the link to switch the active language.<\/p><p><\/p>\n<h1><strong>19-22 Kas\u0131m 2020 tarihlerinde \u0130stanbul\u2019da Pera M\u00fczesi\u2019nde ger\u00e7ekle\u015fmesi planlanan S\u00fcrd\u00fcr\u00fclebilir Ya\u015fam Film Festivali, a\u00e7\u0131klanan pandemi tedbirleri do\u011frultusunda\u00a0<\/strong><strong>iptal edilmi\u015f<\/strong><strong>tir<\/strong><strong>. <\/strong><\/h1>\n<p><strong>17 Kas\u0131m 2020<\/strong> tarihinde <strong>T.C. Cumhurba\u015fkanl\u0131\u011f\u0131 Kabinesi<\/strong>\u2019nde al\u0131nan ve <strong>18 Kas\u0131m 2020 itibar\u0131yla<\/strong> <strong>T.C. \u0130\u00e7i\u015fleri Bakanl\u0131\u011f\u0131<\/strong> taraf\u0131ndan kamuya duyurulan tedbir kararlar\u0131 do\u011frultusunda <strong>19 &#8211; <img loading=\"lazy\" class=\"alignright wp-image-123406\" src=\"https:\/\/www.enerjigazetesi.ist\/wp-content\/uploads\/2020\/11\/surdurulebilir-yasam-film-festivali-2020-19-22-kasimda-pera-muzesi-nde-1.jpg\" alt=\"\" width=\"320\" height=\"238\" srcset=\"https:\/\/www.enerjigazetesi.ist\/wp-content\/uploads\/2020\/11\/surdurulebilir-yasam-film-festivali-2020-19-22-kasimda-pera-muzesi-nde-1.jpg 655w, https:\/\/www.enerjigazetesi.ist\/wp-content\/uploads\/2020\/11\/surdurulebilir-yasam-film-festivali-2020-19-22-kasimda-pera-muzesi-nde-1-300x224.jpg 300w, https:\/\/www.enerjigazetesi.ist\/wp-content\/uploads\/2020\/11\/surdurulebilir-yasam-film-festivali-2020-19-22-kasimda-pera-muzesi-nde-1-500x373.jpg 500w, https:\/\/www.enerjigazetesi.ist\/wp-content\/uploads\/2020\/11\/surdurulebilir-yasam-film-festivali-2020-19-22-kasimda-pera-muzesi-nde-1-67x50.jpg 67w\" sizes=\"(max-width: 320px) 100vw, 320px\" \/>22 Kas\u0131m<\/strong> tarihlerinde\u00a0<span style=\"color: #993300;\"><strong>Pera M\u00fczesi&#8217;nde ger\u00e7ekle\u015fmesi planlanan festival iptal edilmi\u015ftir.<\/strong><\/span><\/p>\n<p><strong>S\u00fcrd\u00fcr\u00fclebilir Ya\u015fam Film Festivali<\/strong> <strong>2020<\/strong> se\u00e7kisiyle \u00e7evrimi\u00e7i d\u00fczenlenecek olan SYFF<strong>EVDE<\/strong> <strong>1 &#8211; 6 Aral\u0131k <\/strong>tarihleri aras\u0131nda <strong><a href=\"http:\/\/www.surdurulebiliryasam.net\/\" target=\"_blank\" rel=\"nofollow noopener\">Surdurulebiliryasam.net<\/a><\/strong> adresinde izleyicilerle bulu\u015facak. SYFF<strong>EVDE<\/strong>&#8216;nin program\u0131na ve kotal\u0131 film seanslar\u0131 i\u00e7in kay\u0131t formlar\u0131na, haz\u0131rlanmakta olan <strong><a href=\"http:\/\/www.surdurulebiliryasam.net\/\" target=\"_blank\" rel=\"nofollow noopener\">Surdurulebiliryasam.net<\/a> <\/strong>adresinden ula\u015f\u0131labilecektir.<\/p>\n<p><strong>SYFFEVDE<\/strong>, <em>Avrupa Birli\u011fi T\u00fcrkiye Delegasyonu, Heinrich B\u00f6ll Stiftung Derne\u011fi T\u00fcrkiye Temsilcili\u011fi ve UNDP T\u00fcrkiye<\/em>\u2019nin deste\u011fiyle ger\u00e7ekle\u015fecek. \u00c7evrimi\u00e7i festivalin a\u00e7\u0131l\u0131\u015f\u0131, <strong>1 Aral\u0131k 2020<\/strong>\u2019de <strong>saat 11.00<\/strong>\u2019de; BM taraf\u0131ndan, kurulu\u015funun <strong>75&#8217;inci<\/strong> y\u0131l\u0131nda ve <strong>S\u00fcrd\u00fcr\u00fclebilir Kalk\u0131nma Ama\u00e7lar\u0131<\/strong>&#8216;n\u0131n <strong>5&#8217;inci y\u0131l\u0131n\u0131<\/strong> kutlamak i\u00e7in yap\u0131lm\u0131\u015f \u00f6zel film <strong>\u201cMilletler Birle\u015fince: Acil Zamanlar i\u00e7in Acil \u00c7\u00f6z\u00fcmler\u201d (Nations United: Urgent Solutions for Urgent Times)<\/strong> ile yap\u0131lacakt\u0131r.<\/p>\n<h2><em><strong>13&#8217;\u00fcnc\u00fc y<\/strong><strong>\u0131l\u0131na giren <\/strong><strong>S\u00fcrd\u00fcr\u00fclebilir Ya\u015fam Film Festivali, i\u00e7inden ge\u00e7ti\u011fimiz bu ola\u011fan\u00fcst\u00fc d\u00f6nemde sizleri de gezegenimizin de\u011fi\u015fim \u00e7a\u011fr\u0131s\u0131na kulak vermeye davet ediyor&#8230;<\/strong><\/em><\/h2>\n<p><\/p>","protected":false},"excerpt":{"rendered":"<p>Sorry, this entry is only available in Turkish. For the sake of viewer convenience, the content is shown below in the alternative language. You may click the link to switch the active language. 19-22 Kas\u0131m 2020 tarihlerinde \u0130stanbul\u2019da Pera M\u00fczesi\u2019nde ger\u00e7ekle\u015fmesi planlanan S\u00fcrd\u00fcr\u00fclebilir Ya\u015fam Film Festivali, a\u00e7\u0131klanan pandemi tedbirleri do\u011frultusunda\u00a0iptal edilmi\u015ftir. 17 Kas\u0131m 2020 tarihinde [&hellip;]<\/p>\n","protected":false},"author":1,"featured_media":123777,"comment_status":"open","ping_status":"open","sticky":false,"template":"","format":"standard","meta":[],"categories":[51,53,52],"tags":[82517,82518,82520,82519,82216,57125,82516,54948],"views":222,"_links":{"self":[{"href":"https:\/\/www.enerjigazetesi.ist\/en\/wp-json\/wp\/v2\/posts\/123775"}],"collection":[{"href":"https:\/\/www.enerjigazetesi.ist\/en\/wp-json\/wp\/v2\/posts"}],"about":[{"href":"https:\/\/www.enerjigazetesi.ist\/en\/wp-json\/wp\/v2\/types\/post"}],"author":[{"embeddable":true,"href":"https:\/\/www.enerjigazetesi.ist\/en\/wp-json\/wp\/v2\/users\/1"}],"replies":[{"embeddable":true,"href":"https:\/\/www.enerjigazetesi.ist\/en\/wp-json\/wp\/v2\/comments?post=123775"}],"version-history":[{"count":0,"href":"https:\/\/www.enerjigazetesi.ist\/en\/wp-json\/wp\/v2\/posts\/123775\/revisions"}],"wp:featuredmedia":[{"embeddable":true,"href":"https:\/\/www.enerjigazetesi.ist\/en\/wp-json\/wp\/v2\/media\/123777"}],"wp:attachment":[{"href":"https:\/\/www.enerjigazetesi.ist\/en\/wp-json\/wp\/v2\/media?parent=123775"}],"wp:term":[{"taxonomy":"category","embeddable":true,"href":"https:\/\/www.enerjigazetesi.ist\/en\/wp-json\/wp\/v2\/categories?post=123775"},{"taxonomy":"post_tag","embeddable":true,"href":"https:\/\/www.enerjigazetesi.ist\/en\/wp-json\/wp\/v2\/tags?post=123775"}],"curies":[{"name":"wp","href":"https:\/\/api.w.org\/{rel}","templated":true}]}}