{"id":123712,"date":"2020-11-17T15:41:43","date_gmt":"2020-11-17T12:41:43","guid":{"rendered":"https:\/\/www.enerjigazetesi.ist\/?p=123712"},"modified":"2020-11-17T15:44:28","modified_gmt":"2020-11-17T12:44:28","slug":"turkiye-nin-enerji-uretiminde-gunesin-payi-yuzde-4-e-ulasti","status":"publish","type":"post","link":"https:\/\/www.enerjigazetesi.ist\/en\/turkiye-nin-enerji-uretiminde-gunesin-payi-yuzde-4-e-ulasti\/","title":{"rendered":"(Turkish) T\u00fcrkiye&#8217;nin Enerji \u00dcretiminde G\u00fcne\u015fin Pay\u0131 % 4&#8217;e Ula\u015ft\u0131"},"content":{"rendered":"<p class=\"qtranxs-available-languages-message qtranxs-available-languages-message-en\">Sorry, this entry is only available in <a href=\"https:\/\/www.enerjigazetesi.ist\/tr\/wp-json\/wp\/v2\/posts\/123712\" class=\"qtranxs-available-language-link qtranxs-available-language-link-tr\" title=\"Turkish\">Turkish<\/a>. For the sake of viewer convenience, the content is shown below in the alternative language. You may click the link to switch the active language.<\/p><p><\/p>\n<h1><strong>Enerji ve Tabii Kaynaklar Bakan\u0131 Fatih D\u00f6nmez,\u00a0TBMM Plan ve B\u00fct\u00e7e Komisyonu&#8217;nda Bakanl\u0131\u011f\u0131n\u0131n 2021 y\u0131l\u0131 b\u00fct\u00e7esinin sunumunda, T\u00fcrkiye\u2019de eyl\u00fcl <img loading=\"lazy\" class=\"alignright wp-image-123714\" src=\"https:\/\/www.enerjigazetesi.ist\/wp-content\/uploads\/2020\/11\/turkiye-nin-enerji-uretiminde-gunesin-payi-yuzde-4-e-ulasti.jpg\" alt=\"\" width=\"320\" height=\"180\" srcset=\"https:\/\/www.enerjigazetesi.ist\/wp-content\/uploads\/2020\/11\/turkiye-nin-enerji-uretiminde-gunesin-payi-yuzde-4-e-ulasti.jpg 868w, https:\/\/www.enerjigazetesi.ist\/wp-content\/uploads\/2020\/11\/turkiye-nin-enerji-uretiminde-gunesin-payi-yuzde-4-e-ulasti-300x169.jpg 300w, https:\/\/www.enerjigazetesi.ist\/wp-content\/uploads\/2020\/11\/turkiye-nin-enerji-uretiminde-gunesin-payi-yuzde-4-e-ulasti-768x432.jpg 768w, https:\/\/www.enerjigazetesi.ist\/wp-content\/uploads\/2020\/11\/turkiye-nin-enerji-uretiminde-gunesin-payi-yuzde-4-e-ulasti-500x281.jpg 500w, https:\/\/www.enerjigazetesi.ist\/wp-content\/uploads\/2020\/11\/turkiye-nin-enerji-uretiminde-gunesin-payi-yuzde-4-e-ulasti-80x45.jpg 80w\" sizes=\"(max-width: 320px) 100vw, 320px\" \/>sonu itibar\u0131yla kurulu g\u00fcc\u00fcn 93 bin 207 megavata \u00e7\u0131kt\u0131\u011f\u0131n\u0131 belirtti.<\/strong><\/h1>\n<p>D\u00f6nmez, 2020 y\u0131l\u0131n\u0131n ilk <strong>9 ay\u0131nda<\/strong> elektri\u011fin <strong>%46<\/strong>\u2019s\u0131n\u0131n <strong>yenilenebilir enerji kaynaklar\u0131ndan<\/strong> \u00fcretildi\u011fine dikkat \u00e7ekerken \u201cGeri kalan \u00fcretimin ise <strong>% 34<\/strong>\u2019\u00fc k\u00f6m\u00fcrden, <strong>% 19<\/strong>\u2019u do\u011fal gazdan, geri kalan\u0131 ise di\u011fer kaynaklardan sa\u011flan\u0131rken <strong>yerli<\/strong> ve <strong>yenilenebilir kaynaklar\u0131n<\/strong> pay\u0131 ise\u00a0<strong>% 61<\/strong> olmu\u015ftur.\u201d dedi.<\/p>\n<p>Yenilenebilir kaynaklardan <strong>elektrik \u00fcretimi<\/strong>nin <strong>2000\u2019li<\/strong> y\u0131llarda <strong>34 milyar kilovatsaat<\/strong> oldu\u011funu dile getiren Bakan D\u00f6nmez, \u201cBu, 2019\u2019da <strong>4 kat\u0131na<\/strong> \u00e7\u0131karak <strong>133 milyar kilovatsaat<\/strong> olurken\u00a0<strong>2020<\/strong>\u2019nin ilk <strong>9 ay\u0131nda<\/strong> yenilenebilir enerjiden <strong>\u00fcretilen elektri\u011fi\u00a0<\/strong>kaynak olarak incelersek toplam elektrik \u00fcretiminde hidroelektri\u011fin pay\u0131 <strong>% 29<\/strong>, r\u00fczgar\u0131n pay\u0131 <strong>% 8<\/strong>, g\u00fcne\u015fin pay\u0131 <strong>% 4<\/strong>, jeotermalin pay\u0131 <strong>% 3<\/strong> ve biyok\u00fctlenin pay\u0131 <strong>% 2<\/strong> olmu\u015ftur.\u201d ifadelerini kulland\u0131.<\/p>","protected":false},"excerpt":{"rendered":"<p>Sorry, this entry is only available in Turkish. For the sake of viewer convenience, the content is shown below in the alternative language. You may click the link to switch the active language. Enerji ve Tabii Kaynaklar Bakan\u0131 Fatih D\u00f6nmez,\u00a0TBMM Plan ve B\u00fct\u00e7e Komisyonu&#8217;nda Bakanl\u0131\u011f\u0131n\u0131n 2021 y\u0131l\u0131 b\u00fct\u00e7esinin sunumunda, T\u00fcrkiye\u2019de eyl\u00fcl sonu itibar\u0131yla kurulu g\u00fcc\u00fcn [&hellip;]<\/p>\n","protected":false},"author":1,"featured_media":123714,"comment_status":"open","ping_status":"open","sticky":false,"template":"","format":"standard","meta":[],"categories":[51,53,49],"tags":[5070,52259,27530,53157,16550,54979,12145],"views":105,"_links":{"self":[{"href":"https:\/\/www.enerjigazetesi.ist\/en\/wp-json\/wp\/v2\/posts\/123712"}],"collection":[{"href":"https:\/\/www.enerjigazetesi.ist\/en\/wp-json\/wp\/v2\/posts"}],"about":[{"href":"https:\/\/www.enerjigazetesi.ist\/en\/wp-json\/wp\/v2\/types\/post"}],"author":[{"embeddable":true,"href":"https:\/\/www.enerjigazetesi.ist\/en\/wp-json\/wp\/v2\/users\/1"}],"replies":[{"embeddable":true,"href":"https:\/\/www.enerjigazetesi.ist\/en\/wp-json\/wp\/v2\/comments?post=123712"}],"version-history":[{"count":0,"href":"https:\/\/www.enerjigazetesi.ist\/en\/wp-json\/wp\/v2\/posts\/123712\/revisions"}],"wp:featuredmedia":[{"embeddable":true,"href":"https:\/\/www.enerjigazetesi.ist\/en\/wp-json\/wp\/v2\/media\/123714"}],"wp:attachment":[{"href":"https:\/\/www.enerjigazetesi.ist\/en\/wp-json\/wp\/v2\/media?parent=123712"}],"wp:term":[{"taxonomy":"category","embeddable":true,"href":"https:\/\/www.enerjigazetesi.ist\/en\/wp-json\/wp\/v2\/categories?post=123712"},{"taxonomy":"post_tag","embeddable":true,"href":"https:\/\/www.enerjigazetesi.ist\/en\/wp-json\/wp\/v2\/tags?post=123712"}],"curies":[{"name":"wp","href":"https:\/\/api.w.org\/{rel}","templated":true}]}}