{"id":123642,"date":"2020-11-16T15:17:25","date_gmt":"2020-11-16T12:17:25","guid":{"rendered":"https:\/\/www.enerjigazetesi.ist\/?p=123642"},"modified":"2020-11-16T15:18:42","modified_gmt":"2020-11-16T12:18:42","slug":"aksa-jenerator-de-ust-duzey-atama-gerceklesti","status":"publish","type":"post","link":"https:\/\/www.enerjigazetesi.ist\/en\/aksa-jenerator-de-ust-duzey-atama-gerceklesti\/","title":{"rendered":"(Turkish) &#8217;Aksa Jenerat\u00f6r&#8217;de \u00dcst D\u00fczey Atama Ger\u00e7ekle\u015fti"},"content":{"rendered":"<p class=\"qtranxs-available-languages-message qtranxs-available-languages-message-en\">Sorry, this entry is only available in <a href=\"https:\/\/www.enerjigazetesi.ist\/tr\/wp-json\/wp\/v2\/posts\/123642\" class=\"qtranxs-available-language-link qtranxs-available-language-link-tr\" title=\"Turkish\">Turkish<\/a>. For the sake of viewer convenience, the content is shown below in the alternative language. You may click the link to switch the active language.<\/p><p><\/p>\n<h1>T\u00fcrkiye Jenerat\u00f6r pazar\u0131nda lider konumunu uzun y\u0131llard\u0131r koruyan, 173 <img loading=\"lazy\" class=\"alignright wp-image-123644\" src=\"https:\/\/www.enerjigazetesi.ist\/wp-content\/uploads\/2020\/11\/aksa-jenerator-de-ust-duzey-atama-gerceklesti.jpg\" alt=\"\" width=\"320\" height=\"321\" srcset=\"https:\/\/www.enerjigazetesi.ist\/wp-content\/uploads\/2020\/11\/aksa-jenerator-de-ust-duzey-atama-gerceklesti.jpg 487w, https:\/\/www.enerjigazetesi.ist\/wp-content\/uploads\/2020\/11\/aksa-jenerator-de-ust-duzey-atama-gerceklesti-150x150.jpg 150w, https:\/\/www.enerjigazetesi.ist\/wp-content\/uploads\/2020\/11\/aksa-jenerator-de-ust-duzey-atama-gerceklesti-300x300.jpg 300w, https:\/\/www.enerjigazetesi.ist\/wp-content\/uploads\/2020\/11\/aksa-jenerator-de-ust-duzey-atama-gerceklesti-399x400.jpg 399w, https:\/\/www.enerjigazetesi.ist\/wp-content\/uploads\/2020\/11\/aksa-jenerator-de-ust-duzey-atama-gerceklesti-50x50.jpg 50w, https:\/\/www.enerjigazetesi.ist\/wp-content\/uploads\/2020\/11\/aksa-jenerator-de-ust-duzey-atama-gerceklesti-100x100.jpg 100w\" sizes=\"(max-width: 320px) 100vw, 320px\" \/>\u00fclkeye ihracat ger\u00e7ekle\u015ftiren ve d\u00fcnyan\u0131n en b\u00fcy\u00fck \u00fc\u00e7 jenerat\u00f6r \u00fcreticisinden biri olmay\u0131 hedefleyen Aksa Jenerat\u00f6r\u2019de Pazarlama Genel M\u00fcd\u00fcrl\u00fc\u011f\u00fc g\u00f6revine Abidin Volkan Kara\u00e7al\u0131 atand\u0131.<\/h1>\n<p><em>Dokuz Eyl\u00fcl \u00dcniversitesi<\/em> Ekonomi B\u00f6l\u00fcm\u00fcnden mezun olan Kara\u00e7al\u0131, \u0130svi\u00e7re&#8217;de <em>Cenevre \u00dcniversitesi<\/em> \u0130ktisadi ve Sosyal Bilimler Fak\u00fcltesi&#8217;nde \u015eirket Y\u00f6netimi alan\u0131nda y\u00fcksek lisans yapt\u0131. 2006 y\u0131l\u0131nda i\u015f hayat\u0131na ba\u015flayan Kara\u00e7al\u0131, <em>Vestel D\u0131\u015f Ticaret A.\u015e.<\/em>&#8216;de 5 y\u0131l s\u00fcresince Sat\u0131\u015f Sorumlulu\u011fu, takip eden 5 y\u0131lda <em>Ortado\u011fu, Afrika, Hindistan, Asya Pasifik, Amerika<\/em> ve<em> Uzak Do\u011fu b\u00f6lgelerini<\/em> kapsayacak \u015fekilde B\u00f6lge Sat\u0131\u015f M\u00fcd\u00fcrl\u00fc\u011f\u00fc ve son olarak 5 y\u0131l boyunca <em>Vestel Ticaret A.\u015e.&#8217;de<\/em> sat\u0131\u015f, pazarlama ve i\u015f geli\u015ftirme faaliyetleri a\u011f\u0131rl\u0131kl\u0131 olmak \u00fczere Genel M\u00fcd\u00fcr Yard\u0131mc\u0131l\u0131\u011f\u0131 g\u00f6revlerini y\u00fcr\u00fctt\u00fc. Frans\u0131zca ve \u0130ngilizce bilen Kara\u00e7al\u0131, <em>Aksa Jenerat\u00f6r\u2019\u00fcn<\/em> yurt i\u00e7i ve <strong>yurt d\u0131\u015f\u0131 t\u00fcm pazarlama faaliyetlerini<\/strong> y\u00fcr\u00fctecek.<\/p>\n<p><em>Aksa Jenerat\u00f6r Operasyon Genel M\u00fcd\u00fcrl\u00fc\u011f\u00fc<\/em> g\u00f6revini \u00fcstlenen <strong>Nazmi Atalay<\/strong> ve <em>Aksa Jenerat\u00f6r Sat\u0131\u015f ve Kiralama Genel M\u00fcd\u00fcrl\u00fc\u011f\u00fc<\/em> g\u00f6revini \u00fcstelenen<strong> R\u0131dvan \u00d6zer<\/strong> mevcut g\u00f6revlerine devam edecek.<\/p>","protected":false},"excerpt":{"rendered":"<p>Sorry, this entry is only available in Turkish. For the sake of viewer convenience, the content is shown below in the alternative language. You may click the link to switch the active language. T\u00fcrkiye Jenerat\u00f6r pazar\u0131nda lider konumunu uzun y\u0131llard\u0131r koruyan, 173 \u00fclkeye ihracat ger\u00e7ekle\u015ftiren ve d\u00fcnyan\u0131n en b\u00fcy\u00fck \u00fc\u00e7 jenerat\u00f6r \u00fcreticisinden biri olmay\u0131 hedefleyen [&hellip;]<\/p>\n","protected":false},"author":1,"featured_media":123645,"comment_status":"open","ping_status":"open","sticky":false,"template":"","format":"standard","meta":[],"categories":[51,53],"tags":[82419,80492,80490,75783,53114,52259,64716],"views":108,"_links":{"self":[{"href":"https:\/\/www.enerjigazetesi.ist\/en\/wp-json\/wp\/v2\/posts\/123642"}],"collection":[{"href":"https:\/\/www.enerjigazetesi.ist\/en\/wp-json\/wp\/v2\/posts"}],"about":[{"href":"https:\/\/www.enerjigazetesi.ist\/en\/wp-json\/wp\/v2\/types\/post"}],"author":[{"embeddable":true,"href":"https:\/\/www.enerjigazetesi.ist\/en\/wp-json\/wp\/v2\/users\/1"}],"replies":[{"embeddable":true,"href":"https:\/\/www.enerjigazetesi.ist\/en\/wp-json\/wp\/v2\/comments?post=123642"}],"version-history":[{"count":0,"href":"https:\/\/www.enerjigazetesi.ist\/en\/wp-json\/wp\/v2\/posts\/123642\/revisions"}],"wp:featuredmedia":[{"embeddable":true,"href":"https:\/\/www.enerjigazetesi.ist\/en\/wp-json\/wp\/v2\/media\/123645"}],"wp:attachment":[{"href":"https:\/\/www.enerjigazetesi.ist\/en\/wp-json\/wp\/v2\/media?parent=123642"}],"wp:term":[{"taxonomy":"category","embeddable":true,"href":"https:\/\/www.enerjigazetesi.ist\/en\/wp-json\/wp\/v2\/categories?post=123642"},{"taxonomy":"post_tag","embeddable":true,"href":"https:\/\/www.enerjigazetesi.ist\/en\/wp-json\/wp\/v2\/tags?post=123642"}],"curies":[{"name":"wp","href":"https:\/\/api.w.org\/{rel}","templated":true}]}}