{"id":123599,"date":"2020-11-15T15:41:06","date_gmt":"2020-11-15T12:41:06","guid":{"rendered":"https:\/\/www.enerjigazetesi.ist\/?p=123599"},"modified":"2020-11-15T15:41:06","modified_gmt":"2020-11-15T12:41:06","slug":"yenader-2020-yenilenebilir-enerji-raporunu-analiz-etti","status":"publish","type":"post","link":"https:\/\/www.enerjigazetesi.ist\/en\/yenader-2020-yenilenebilir-enerji-raporunu-analiz-etti\/","title":{"rendered":"(Turkish) &#8217;YENADER&#8217; 2020 Yenilenebilir Enerji Raporu\u2019nu Analiz Etti"},"content":{"rendered":"<p class=\"qtranxs-available-languages-message qtranxs-available-languages-message-en\">Sorry, this entry is only available in <a href=\"https:\/\/www.enerjigazetesi.ist\/tr\/wp-json\/wp\/v2\/posts\/123599\" class=\"qtranxs-available-language-link qtranxs-available-language-link-tr\" title=\"Turkish\">Turkish<\/a>. For the sake of viewer convenience, the content is shown below in the alternative language. You may click the link to switch the active language.<\/p><p><\/p>\n<h1><strong>D\u00fcnyay\u0131 etkisi alt\u0131na alan ve ekonomik a\u00e7\u0131dan pek \u00e7ok etkilerinin g\u00f6r\u00fcld\u00fc\u011f\u00fc COVID-19 salg\u0131n\u0131na ra\u011fmen, yenilenebilir enerji alan\u0131nda rekor b\u00fcy\u00fcme dikkat \u00e7ekiyor. Uluslararas\u0131 Enerji Ajans\u0131 (IEA) taraf\u0131ndan yay\u0131nlanan Yenilenebilir Enerji 2020 Raporu\u2019nda, Ocak ve Ekim aylar\u0131 aras\u0131nda devreye al\u0131nan yenilenebilir enerji kapasitesinin, ge\u00e7en y\u0131l\u0131n ayn\u0131 d\u00f6nemine g\u00f6re %15 art\u0131\u015fla rekor b\u00fcy\u00fcmeye imza att\u0131\u011f\u0131 g\u00f6r\u00fcl\u00fcyor.\u00a0<\/strong><strong>Yenilenebilir Enerji Ara\u015ft\u0131rmalar\u0131 Derne\u011fi \u2013 YENADER Ba\u015fkan\u0131 Prof. Dr. Kerem Alkin IEA 2020 raporunu de\u011ferlendirdi: <em>\u201c<\/em><\/strong><strong><em>Avrupa Birli\u011fi, 2030 y\u0131l\u0131na kadar toplam enerji \u00fcretim kapasitesi i\u00e7erisinde yenilenebilir enerjinin pay\u0131n\u0131 y\u00fczde 32&#8217;ye \u00e7\u0131karmay\u0131 planl\u0131yor. D\u00fcnya Enerji Ajans\u0131n\u0131n 2020 raporuna g\u00f6re g\u00fcne\u015f enerjisinde 2023 ile 2025 y\u0131llar\u0131 aras\u0131nda 130 ile 165 GW ortalama kapasite art\u0131\u015f\u0131 beklenirken, deniz ve okyanus \u00fczerinde kurulan r\u00fczgar enerjisi santrallerinde ise yat\u0131r\u0131mlar 2020&#8217;ye g\u00f6re ikiye katlanacak. Gelecek yenilenebilir enerjide.\u201d<\/em><\/strong><\/h1>\n<p>T\u00fcm d\u00fcnyada <strong>k\u00fcresel ekonomi<\/strong> ve<strong> g\u00fcnl\u00fck ya\u015fam\u0131<\/strong> etkileyen<strong> korona vir\u00fcs salg\u0131n\u0131<\/strong>, 2020 y\u0131l\u0131n\u0131n ba\u015f\u0131ndan bu yana d\u00fcnya ve ekonomi ve sosyolojisini alt \u00fcst etti. <strong>Uluslararas\u0131 Enerji Ajans\u0131 (IEA)<\/strong> <strong>Yenilenebilir Enerji 2020 Raporu<\/strong> ile yepyeni bir d\u00fcnya vizyonu tahmin ediyor.<\/p>\n<p style=\"text-align: center;\"><img loading=\"lazy\" class=\"aligncenter wp-image-123604\" src=\"https:\/\/www.enerjigazetesi.ist\/wp-content\/uploads\/2020\/11\/yenader-2020-yenilenebilir-enerji-raporunu-analiz-etti.jpg\" alt=\"\" width=\"600\" height=\"336\" srcset=\"https:\/\/www.enerjigazetesi.ist\/wp-content\/uploads\/2020\/11\/yenader-2020-yenilenebilir-enerji-raporunu-analiz-etti.jpg 675w, https:\/\/www.enerjigazetesi.ist\/wp-content\/uploads\/2020\/11\/yenader-2020-yenilenebilir-enerji-raporunu-analiz-etti-300x168.jpg 300w, https:\/\/www.enerjigazetesi.ist\/wp-content\/uploads\/2020\/11\/yenader-2020-yenilenebilir-enerji-raporunu-analiz-etti-500x280.jpg 500w, https:\/\/www.enerjigazetesi.ist\/wp-content\/uploads\/2020\/11\/yenader-2020-yenilenebilir-enerji-raporunu-analiz-etti-80x45.jpg 80w\" sizes=\"(max-width: 600px) 100vw, 600px\" \/><\/p>\n<h2><strong>YEN\u0130LENEB\u0130L\u0130R ENERJ\u0130 KR\u0130ZE DAYANIKLI<\/strong><\/h2>\n<p><strong>Fosil yak\u0131t \u00fcretiminin azalmas\u0131 ve keskin fiyat d\u00fc\u015f\u00fc\u015fleri ile birlikte k\u00fcresel enerji talebinde %5\u2019lik d\u00fc\u015f\u00fc\u015f\u00fcn g\u00f6zlemlendi\u011fi belirtilen raporda, yenilenebilir enerji talebinde <\/strong>d\u00fcnya genelinde <strong>%1\u2019lik<\/strong> art\u0131\u015f oldu\u011fu ifade ediliyor. Di\u011fer sekt\u00f6rlere g\u00f6re, yenilenebilir enerji piyasalar\u0131n\u0131n <strong>krize kar\u015f\u0131 dayan\u0131kl\u0131<\/strong> oldu\u011funu vurgulayan rapor kapsam\u0131nda, <strong>di\u011fer t\u00fcm yak\u0131tlar\u0131n tam aksine, yenilenebilir enerji sekt\u00f6r\u00fcn\u00fcn 2020 y\u0131l\u0131nda yakla\u015f\u0131k <\/strong><strong>%7 oran\u0131nda b\u00fcy\u00fcyece\u011fi belirtiliyor.<\/strong><\/p>\n<h2><strong>SALGINA KAR\u015eI BEKLENT\u0130LER\u0130N \u00dcZER\u0130NDE B\u00dcY\u00dcME D\u0130KKAT \u00c7EK\u0130YOR<\/strong><\/h2>\n<p><strong>Korona vir\u00fcs salg\u0131n\u0131n\u0131n yay\u0131ld\u0131\u011f\u0131 2020 y\u0131l\u0131n\u0131n ilk alt\u0131 ay\u0131nda <\/strong>tedarik zincirindeki <strong>aksakl\u0131klar<\/strong> ve <strong>yeni yat\u0131r\u0131mlar\u0131n ertelenmesi, yenilenebilir enerji projeleri<\/strong>nin yava\u015flamas\u0131na neden olurken, y\u0131l\u0131n ikinci yar\u0131s\u0131ndan itibaren ayn\u0131 yat\u0131r\u0131mlar\u0131n h\u0131z kazand\u0131\u011f\u0131na vurgu yap\u0131l\u0131yor. <u>Bununla birlikte <\/u><u><strong>Ocak<\/strong> ve <strong>Ekim aylar\u0131<\/strong> aras\u0131nda devreye al\u0131nan yenilenebilir enerji kapasitesinin, ge\u00e7en y\u0131l\u0131n ayn\u0131 d\u00f6nemine g\u00f6re <strong>%15<\/strong> daha fazla oldu\u011fu ve bunun yeni bir rekor oldu\u011fu<\/u> da raporun \u00f6nemli tespitlerinden biri. Bu pozitif geli\u015fmenin, <strong>enerji uzmanlar\u0131n\u0131n<\/strong> dahi beklentileri \u00fczerinde olabilece\u011fi ifade ediliyor.<\/p>\n<h2><strong>\u201cK\u00dcRESEL FELAKETLER\u0130 \u00d6NLEMEK \u0130\u00c7\u0130N <\/strong><strong>YEN\u0130LENEB\u0130L\u0130R ENERJ\u0130 VAZGE\u00c7\u0130LMEZ STRATEJ\u0130K HAMLE\u201d<\/strong><\/h2>\n<p><u>2010&#8217;dan bu yana &#8216;yenilenebilir enerji&#8217; alan\u0131ndaki teknoloji ve kapasite yat\u0131r\u0131mlar\u0131 art\u0131\u015f\u0131n\u0131n, d\u00fcnyay\u0131 &#8216;ger\u00e7ek bir felaketten\u2019 kurtarmak ad\u0131na en &#8216;vazge\u00e7ilmez&#8217; stratejik hamle <\/u>olarak \u00f6ne \u00e7\u0131kard\u0131\u011f\u0131n\u0131 belirten <img loading=\"lazy\" class=\"alignleft wp-image-123601\" src=\"https:\/\/www.enerjigazetesi.ist\/wp-content\/uploads\/2020\/11\/yenader-2020-yenilenebilir-enerji-raporunu-analiz-etti-3-1024x683.jpg\" alt=\"\" width=\"320\" height=\"213\" srcset=\"https:\/\/www.enerjigazetesi.ist\/wp-content\/uploads\/2020\/11\/yenader-2020-yenilenebilir-enerji-raporunu-analiz-etti-3.jpg 1024w, https:\/\/www.enerjigazetesi.ist\/wp-content\/uploads\/2020\/11\/yenader-2020-yenilenebilir-enerji-raporunu-analiz-etti-3-300x200.jpg 300w, https:\/\/www.enerjigazetesi.ist\/wp-content\/uploads\/2020\/11\/yenader-2020-yenilenebilir-enerji-raporunu-analiz-etti-3-768x512.jpg 768w, https:\/\/www.enerjigazetesi.ist\/wp-content\/uploads\/2020\/11\/yenader-2020-yenilenebilir-enerji-raporunu-analiz-etti-3-500x333.jpg 500w, https:\/\/www.enerjigazetesi.ist\/wp-content\/uploads\/2020\/11\/yenader-2020-yenilenebilir-enerji-raporunu-analiz-etti-3-75x50.jpg 75w, https:\/\/www.enerjigazetesi.ist\/wp-content\/uploads\/2020\/11\/yenader-2020-yenilenebilir-enerji-raporunu-analiz-etti-3-450x300.jpg 450w\" sizes=\"(max-width: 320px) 100vw, 320px\" \/><strong>Yenilenebilir Enerji Ara\u015ft\u0131rmalar\u0131 Derne\u011fi \u2013 YENADER Ba\u015fkan\u0131 Prof. Dr. Kerem Alkin,<\/strong> raporla ilgili \u015fu a\u00e7\u0131klamalarda bulundu: <em>\u201c<\/em><em><strong>Avrupa Birli\u011fi (AB)<\/strong>, 2030 y\u0131l\u0131na kadar toplam enerji \u00fcretim kapasitesi i\u00e7erisinde yenilenebilir enerjinin pay\u0131n\u0131 <strong>y\u00fczde 32<\/strong>&#8216;ye \u00e7\u0131karmay\u0131 hedeflemi\u015fken, iklim de\u011fi\u015fikli\u011fine adaptasyon ve etkisini azaltmak ad\u0131na <strong>750 milyar Euro<\/strong>\u2019luk bir &#8216;iyile\u015ftirme&#8217; fonu konusunda mutabakata varm\u0131\u015f durumda.<strong> 2023<\/strong> ile <strong>2025<\/strong> aras\u0131 <strong>130<\/strong> ile <strong>165 GW<\/strong> ortalama kapasite art\u0131\u015f\u0131 beklenen <strong>g\u00fcne\u015f enerjisi<\/strong> alan\u0131nda, <strong>2010<\/strong> ile <strong>2020<\/strong> aras\u0131nda ger\u00e7ekle\u015fen \u00fcretim maliyetlerindeki <strong>% 82<\/strong>&#8216;lik azalman\u0131n \u00fczerine, bu d\u00f6nemde bir <strong>y\u00fczde 36<\/strong>&#8216;l\u0131k d\u00fc\u015f\u00fc\u015f daha eklenecek. Deniz ve okyanus \u00fczerinde <strong>r\u00fczgar enerjisi santralleri<\/strong> yat\u0131r\u0131mlar\u0131 ise <strong>2020&#8217;ye g\u00f6re<\/strong> ikiye katlanacak.\u201d<\/em><\/p>\n<h2><strong>YEN\u0130LENEB\u0130L\u0130R ENERJ\u0130DE B\u00dcY\u00dcME DEVAM ED\u0130YOR!<\/strong><\/h2>\n<p>Yenilenebilir enerji kaynaklar\u0131n\u0131n, ge\u00e7ti\u011fimiz y\u0131llara g\u00f6re rekor b\u00fcy\u00fcme ger\u00e7ekle\u015ftirdi\u011fini belirten <img loading=\"lazy\" class=\"alignright wp-image-123602\" src=\"https:\/\/www.enerjigazetesi.ist\/wp-content\/uploads\/2020\/11\/yenader-2020-yenilenebilir-enerji-raporunu-analiz-etti-1.jpeg\" alt=\"\" width=\"320\" height=\"330\" srcset=\"https:\/\/www.enerjigazetesi.ist\/wp-content\/uploads\/2020\/11\/yenader-2020-yenilenebilir-enerji-raporunu-analiz-etti-1.jpeg 768w, https:\/\/www.enerjigazetesi.ist\/wp-content\/uploads\/2020\/11\/yenader-2020-yenilenebilir-enerji-raporunu-analiz-etti-1-291x300.jpeg 291w, https:\/\/www.enerjigazetesi.ist\/wp-content\/uploads\/2020\/11\/yenader-2020-yenilenebilir-enerji-raporunu-analiz-etti-1-387x400.jpeg 387w, https:\/\/www.enerjigazetesi.ist\/wp-content\/uploads\/2020\/11\/yenader-2020-yenilenebilir-enerji-raporunu-analiz-etti-1-48x50.jpeg 48w, https:\/\/www.enerjigazetesi.ist\/wp-content\/uploads\/2020\/11\/yenader-2020-yenilenebilir-enerji-raporunu-analiz-etti-1-500x516.jpeg 500w\" sizes=\"(max-width: 320px) 100vw, 320px\" \/><strong>YENADER Ba\u015fkan Yard\u0131mc\u0131s\u0131 Ali Karaduman<\/strong> <em>\u201cKoronavir\u00fcs salg\u0131n\u0131na kar\u015f\u0131 dayanakl\u0131l\u0131\u011f\u0131n\u0131 g\u00f6steren yenilenebilir enerjinin <\/em><strong><em>2020&#8217;de neredeyse %7 oran\u0131nda b\u00fcy\u00fcyece\u011fi belirtiliyor. <\/em><\/strong><em>Rapor zorlu bir y\u0131l olarak nitelendirilen <strong>2020\u2019de<\/strong> de yenilenebilir enerji kaynaklar\u0131n\u0131n elektrik \u00fcretiminde kullan\u0131m\u0131n\u0131n art\u0131\u015f\u0131n\u0131 vurgulamas\u0131 a\u00e7\u0131s\u0131ndan olduk\u00e7a \u00f6nemli. T\u00fcm d\u00fcnyada artan n\u00fcfusa ve geli\u015fen teknolojiye ba\u011fl\u0131 olarak enerjiye olan ihtiya\u00e7 her ge\u00e7en g\u00fcn daha da art\u0131yor. \u00d6zellikle bu s\u00fcre\u00e7te \u00fclkemizin de <strong>yenilenebilir enerji kaynaklar\u0131<\/strong>n\u0131 do\u011fru de\u011ferlendirerek, bu alandaki \u00e7al\u0131\u015fmalar\u0131na ivedilikle a\u011f\u0131rl\u0131k vermesi gerekiyor. <strong>R\u00fczgar enerjisi<\/strong>nde<strong> 6 Kas\u0131m Cuma<\/strong> g\u00fcn\u00fc <strong>151.325 MWh<\/strong> ile bir g\u00fcnl\u00fck <strong>enerji rekorunun k\u0131r\u0131lmas\u0131<\/strong> da do\u011fru yolda oldu\u011fumuz g\u00f6steriyor. Gelecek i\u00e7in temiz enerji \u015fart\u201d<\/em> dedi.<\/p>\n<h2><strong>\u201c2022 YILINA KADAR HIZLI B\u00dcY\u00dcME DEVAM EDECEK\u201d<\/strong><\/h2>\n<p><u><img loading=\"lazy\" class=\"alignleft wp-image-123603\" src=\"https:\/\/www.enerjigazetesi.ist\/wp-content\/uploads\/2020\/11\/yenader-2020-yenilenebilir-enerji-raporunu-analiz-etti-2.jpg\" alt=\"\" width=\"320\" height=\"341\" srcset=\"https:\/\/www.enerjigazetesi.ist\/wp-content\/uploads\/2020\/11\/yenader-2020-yenilenebilir-enerji-raporunu-analiz-etti-2.jpg 458w, https:\/\/www.enerjigazetesi.ist\/wp-content\/uploads\/2020\/11\/yenader-2020-yenilenebilir-enerji-raporunu-analiz-etti-2-282x300.jpg 282w, https:\/\/www.enerjigazetesi.ist\/wp-content\/uploads\/2020\/11\/yenader-2020-yenilenebilir-enerji-raporunu-analiz-etti-2-375x400.jpg 375w, https:\/\/www.enerjigazetesi.ist\/wp-content\/uploads\/2020\/11\/yenader-2020-yenilenebilir-enerji-raporunu-analiz-etti-2-47x50.jpg 47w\" sizes=\"(max-width: 320px) 100vw, 320px\" \/>Y\u0131l\u0131n en \u00e7ok ivme kazanan yat\u0131r\u0131mlar\u0131ndan <strong>g\u00fcne\u015f enerjisi \u015firket hisseleri<\/strong>nin Ekim 2020\u2019de ge\u00e7en y\u0131l\u0131n sonuna g\u00f6re iki kattan fazla de\u011fer kazand\u0131\u011f\u0131n\u0131n<\/u> belirtildi\u011fi raporu de\u011ferlendiren <strong>YENADER Genel Sekreteri \u00a0Enerji Sistemleri Uzman\u0131 Dr. F\u00fcsun Tut Hakl\u0131d\u0131r ise<\/strong>: <em>\u201cY<\/em><em>enilenebilir enerjide bu h\u0131zl\u0131 art\u0131\u015f\u0131n <strong>2022\u2019ye<\/strong> dek devam edece\u011fi \u00f6ng\u00f6r\u00fcl\u00fcyor.<strong> 2022\u2019de<\/strong> \u00c7in ve baz\u0131 \u00fclkelerde yenilenebilir enerji te\u015fvik s\u00fcrelerinin tamamlanmas\u0131; bu tarihten itibaren <strong>yenilenebilir enerjinin h\u0131z\u0131n\u0131<\/strong> belirleyece\u011fi y\u00f6n\u00fcnde. Yenilenebilir enerjinin<strong> korona vir\u00fcse kar\u015f\u0131<\/strong> dayan\u0131kl\u0131 ama politika belirsizliklerine kar\u015f\u0131 olduk\u00e7a duyarl\u0131 oldu\u011fu da raporda \u00f6nemli bir saptamad\u0131r\u201d<\/em> \u015feklinde konu\u015ftu.<\/p>\n<h2><strong>ENERJ\u0130 SEKT\u00d6R\u00dcNDEK\u0130 DE\u011e\u0130\u015e\u0130MLER <\/strong><strong>2020 YILINI UNUTULMAZ KILIYOR<\/strong><\/h2>\n<p>D\u00fcnyadaki yeni geli\u015fmelerin pozitif etkilerinin olabilece\u011fini belirten <strong>YENADER Genel Sekreteri Dr. F\u00fcsun Tut Hakl\u0131d\u0131r<\/strong> s\u00f6zlerine \u015fu \u015fekilde devam etti: <em>\u201cEnerji sekt\u00f6r\u00fcndeki \u00f6nemli oyunculardan biri olan ABD\u2019de y\u00f6netimin de\u011fi\u015fmesi, yeni y\u00f6netimin temiz enerji ve iklim de\u011fi\u015fikli\u011fine daha duyarl\u0131 politikalar\u0131n\u0131n olmas\u0131, <strong>Avrupa\u2019da<\/strong> ise<strong> Green Deal hedefi<\/strong>nin yayg\u0131nla\u015farak devam etmesi, petroldeki \u00fcretim d\u00fc\u015f\u00fc\u015f\u00fcn\u00fcn petrol firmalar\u0131n\u0131 benzer tecr\u00fcbelere sahip olduklar\u0131 alanlardan biri olan jeotermal enerji ve di\u011fer<strong> r\u00fczgar, g\u00fcne\u015f hatta hidrojen enerji sistemleri<\/strong>ne; <strong>yenilenebilir enerjiden elektrik \u00fcretimi<\/strong>ne y\u00f6neltmesi de<strong> 2020\u2019nin<\/strong> enerji sekt\u00f6r\u00fcnde ya\u015fanan de\u011fi\u015fimler nedeniyle unutulmayacak bir y\u0131l olmas\u0131na neden olacak geli\u015fmelerden biri olarak d\u00fc\u015f\u00fcn\u00fclebilir.\u201d<\/em><\/p>","protected":false},"excerpt":{"rendered":"<p>Sorry, this entry is only available in Turkish. For the sake of viewer convenience, the content is shown below in the alternative language. You may click the link to switch the active language. D\u00fcnyay\u0131 etkisi alt\u0131na alan ve ekonomik a\u00e7\u0131dan pek \u00e7ok etkilerinin g\u00f6r\u00fcld\u00fc\u011f\u00fc COVID-19 salg\u0131n\u0131na ra\u011fmen, yenilenebilir enerji alan\u0131nda rekor b\u00fcy\u00fcme dikkat \u00e7ekiyor. Uluslararas\u0131 [&hellip;]<\/p>\n","protected":false},"author":1,"featured_media":123604,"comment_status":"open","ping_status":"open","sticky":false,"template":"","format":"standard","meta":[],"categories":[51,53],"tags":[70135,71090,69265,82374,65791,69229,19400,57216,54979,56703,75795,82373,75794],"views":212,"_links":{"self":[{"href":"https:\/\/www.enerjigazetesi.ist\/en\/wp-json\/wp\/v2\/posts\/123599"}],"collection":[{"href":"https:\/\/www.enerjigazetesi.ist\/en\/wp-json\/wp\/v2\/posts"}],"about":[{"href":"https:\/\/www.enerjigazetesi.ist\/en\/wp-json\/wp\/v2\/types\/post"}],"author":[{"embeddable":true,"href":"https:\/\/www.enerjigazetesi.ist\/en\/wp-json\/wp\/v2\/users\/1"}],"replies":[{"embeddable":true,"href":"https:\/\/www.enerjigazetesi.ist\/en\/wp-json\/wp\/v2\/comments?post=123599"}],"version-history":[{"count":0,"href":"https:\/\/www.enerjigazetesi.ist\/en\/wp-json\/wp\/v2\/posts\/123599\/revisions"}],"wp:featuredmedia":[{"embeddable":true,"href":"https:\/\/www.enerjigazetesi.ist\/en\/wp-json\/wp\/v2\/media\/123604"}],"wp:attachment":[{"href":"https:\/\/www.enerjigazetesi.ist\/en\/wp-json\/wp\/v2\/media?parent=123599"}],"wp:term":[{"taxonomy":"category","embeddable":true,"href":"https:\/\/www.enerjigazetesi.ist\/en\/wp-json\/wp\/v2\/categories?post=123599"},{"taxonomy":"post_tag","embeddable":true,"href":"https:\/\/www.enerjigazetesi.ist\/en\/wp-json\/wp\/v2\/tags?post=123599"}],"curies":[{"name":"wp","href":"https:\/\/api.w.org\/{rel}","templated":true}]}}