{"id":123571,"date":"2020-11-15T13:55:25","date_gmt":"2020-11-15T10:55:25","guid":{"rendered":"https:\/\/www.enerjigazetesi.ist\/?p=123571"},"modified":"2020-11-15T13:55:40","modified_gmt":"2020-11-15T10:55:40","slug":"4-proje-fikrinle-enerji-kat-odulune-layik-goruldu","status":"publish","type":"post","link":"https:\/\/www.enerjigazetesi.ist\/en\/4-proje-fikrinle-enerji-kat-odulune-layik-goruldu\/","title":{"rendered":"(Turkish) 4 Proje &#8216;Fikrinle Enerji Kat&#8217; \u00d6d\u00fcl\u00fcne Lay\u0131k G\u00f6r\u00fcld\u00fc"},"content":{"rendered":"<p class=\"qtranxs-available-languages-message qtranxs-available-languages-message-en\">Sorry, this entry is only available in <a href=\"https:\/\/www.enerjigazetesi.ist\/tr\/wp-json\/wp\/v2\/posts\/123571\" class=\"qtranxs-available-language-link qtranxs-available-language-link-tr\" title=\"Turkish\">Turkish<\/a>. For the sake of viewer convenience, the content is shown below in the alternative language. You may click the link to switch the active language.<\/p><p><\/p>\n<h1><strong>CK Enerji taraf\u0131ndan elektrik sekt\u00f6r\u00fcn\u00fc geli\u015ftirecek yenilik\u00e7i fikirleri te\u015fvik etmek i\u00e7in 2016 y\u0131l\u0131ndan g\u00fcn\u00fcm\u00fcze d\u00fczenli olarak ger\u00e7ekle\u015ftirilen \u201cFikrinle Enerji Kat Yar\u0131\u015fmas\u0131\u201dn\u0131n kazananlar\u0131 belli oldu. J\u00fcri, grup b\u00fcnyesindeki farkl\u0131 \u015firketlerinden 8 \u00e7al\u0131\u015fan taraf\u0131ndan geli\u015ftirilen 4 projeyi \u00f6d\u00fcle lay\u0131k g\u00f6rd\u00fc.<\/strong><\/h1>\n<p>Elektrik sekt\u00f6r\u00fcn\u00fcn \u00f6nc\u00fc \u015firketi <strong>CK Enerji<\/strong> taraf\u0131ndan <strong>2016 y\u0131l\u0131ndan<\/strong> bu yana d\u00fczenli olarak verilen <strong>\u201cFikrinle Enerji Kat \u00d6d\u00fclleri\u201d<\/strong> sahiplerini buldu. Grup b\u00fcnyesindeki farkl\u0131 \u015firketlerin <strong>Genel <img loading=\"lazy\" class=\"alignright wp-image-123573\" src=\"https:\/\/www.enerjigazetesi.ist\/wp-content\/uploads\/2020\/11\/4-proje-fikrinle-enerji-kat-odulune-layik-goruldu-2.jpg\" alt=\"\" width=\"320\" height=\"213\" srcset=\"https:\/\/www.enerjigazetesi.ist\/wp-content\/uploads\/2020\/11\/4-proje-fikrinle-enerji-kat-odulune-layik-goruldu-2.jpg 732w, https:\/\/www.enerjigazetesi.ist\/wp-content\/uploads\/2020\/11\/4-proje-fikrinle-enerji-kat-odulune-layik-goruldu-2-300x200.jpg 300w, https:\/\/www.enerjigazetesi.ist\/wp-content\/uploads\/2020\/11\/4-proje-fikrinle-enerji-kat-odulune-layik-goruldu-2-500x333.jpg 500w, https:\/\/www.enerjigazetesi.ist\/wp-content\/uploads\/2020\/11\/4-proje-fikrinle-enerji-kat-odulune-layik-goruldu-2-75x50.jpg 75w, https:\/\/www.enerjigazetesi.ist\/wp-content\/uploads\/2020\/11\/4-proje-fikrinle-enerji-kat-odulune-layik-goruldu-2-450x300.jpg 450w\" sizes=\"(max-width: 320px) 100vw, 320px\" \/>M\u00fcd\u00fcrleri<\/strong> ve <strong>\u00fcst d\u00fczey y\u00f6neticileri<\/strong>nden olu\u015fan <strong>Fikrinle Enerji Kat J\u00fcrisi<\/strong>, grubun farkl\u0131 \u015firketlerinden <strong>8 \u00e7al\u0131\u015fan<\/strong> taraf\u0131ndan geli\u015ftirilen <strong>4 projeyi<\/strong> \u00f6d\u00fcle lay\u0131k g\u00f6rd\u00fc.<\/p>\n<p>Dereceye girenlere \u00f6d\u00fcllerini vermek \u00fczere d\u00fczenlenen t\u00f6rende <strong>CK Enerji \u0130nsan Kaynaklar\u0131 Direkt\u00f6r\u00fc Bar\u0131\u015f M\u00fcstecapl\u0131o\u011flu,<\/strong> \u201c<strong>Yenilik\u00e7i fikirleri<\/strong> ve <strong>geli\u015fmeyi te\u015fvik etmek<\/strong> i\u00e7in grup b\u00fcnyesinde ba\u015flatt\u0131\u011f\u0131m\u0131z<strong> Fikrinle Enerji Kat Yar\u0131\u015fmas\u0131,<\/strong> \u00e7al\u0131\u015fma arkada\u015flar\u0131m\u0131z taraf\u0131ndan b\u00fcy\u00fck ilgi ile kar\u015f\u0131land\u0131. \u00c7al\u0131\u015fma arkada\u015flar\u0131m\u0131z taraf\u0131ndan geli\u015ftirilen bu projeler, hem \u015firketimize hem de sekt\u00f6r\u00fcn geli\u015fmesine katk\u0131 sa\u011fl\u0131yor. <strong>Verimlilik odakl\u0131<\/strong>, <strong>sekt\u00f6re yeni uygulamalar kazand\u0131ran<\/strong>, <strong>m\u00fc\u015fteri<\/strong> ve <strong>\u00e7al\u0131\u015fan memnuniyetini<\/strong> art\u0131ran <strong>\u2018fikirler\u2019in yar\u0131\u015ft\u0131\u011f\u0131<\/strong> bu platformda yer alan t\u00fcm \u00e7al\u0131\u015fma arkada\u015flar\u0131m\u0131 kutluyor, projeleriyle bize katt\u0131klar\u0131 de\u011fer i\u00e7in te\u015fekk\u00fcr ediyorum. CK Enerji olarak<strong> yepyeni yar\u0131\u015fmalar<\/strong> ve <strong>\u00f6neri sistemleri<\/strong> ile <strong>yenilik\u00e7i fikirleri,<\/strong> geli\u015fmeyi te\u015fvik etmeye tutkuyla devam edece\u011fiz\u201d diye konu\u015ftu.<\/p>\n<h2><strong>PROJELER\u0130N UYGULANMASI Y\u00d6N\u00dcNDE \u00c7ALI\u015eMA BA\u015eLAYACAK<\/strong><\/h2>\n<p><strong>Fikrinle Enerji Kat Yar\u0131\u015fmas\u0131<\/strong>\u2019na bu y\u0131l grup i\u00e7erisindeki farkl\u0131 \u015firketlerden yap\u0131lan ba\u015fvurular aras\u0131nda \u00f6n elemeyi ge\u00e7en<strong> 14 proje<\/strong>, <strong>2&#8217;inci tura<\/strong> kat\u0131lmaya hak kazand\u0131. <strong>Fikrinle Enerji Kat J\u00fcrisi<\/strong>\u2019nin titizlikle y\u00fcr\u00fctt\u00fc\u011f\u00fc de\u011ferlendirme sonras\u0131nda <strong>\u201cOtomatik Y\u00fck Transferi Devresi Projesi\u201d<\/strong> ile Hakan Yaz\u0131c\u0131 ve G\u00fcnay Mutlu, <strong>\u201cG\u00fcvenli Dijital \u0130mza Projesi\u201d<\/strong> ile \u00dcmm\u00fc G\u00fcls\u00fcm Ko\u00e7, B\u00fc\u015fra \u00d6zt\u00fcrk, Buse Yal\u00e7\u0131n,<strong> \u201cKesintisiz Manevra Projesi\u201d<\/strong> ile Taner Yaz\u0131c\u0131, Yusuf Y\u0131lmaz ve <strong>\u201cRobot Yaz\u0131l\u0131m Projesi\u201d<\/strong> ile de \u0130smail Dalaman \u00f6d\u00fcle lay\u0131k g\u00f6r\u00fcld\u00fc. <strong>Dereceye kalan yar\u0131\u015fmac\u0131lar\u0131n<\/strong>, <strong>projelerin uygulama a\u015famas\u0131<\/strong> i\u00e7in \u00e7al\u0131\u015fmalar\u0131n\u0131 y\u00fcr\u00fctecekleri ifade edildi.<\/p>","protected":false},"excerpt":{"rendered":"<p>Sorry, this entry is only available in Turkish. For the sake of viewer convenience, the content is shown below in the alternative language. You may click the link to switch the active language. CK Enerji taraf\u0131ndan elektrik sekt\u00f6r\u00fcn\u00fc geli\u015ftirecek yenilik\u00e7i fikirleri te\u015fvik etmek i\u00e7in 2016 y\u0131l\u0131ndan g\u00fcn\u00fcm\u00fcze d\u00fczenli olarak ger\u00e7ekle\u015ftirilen \u201cFikrinle Enerji Kat Yar\u0131\u015fmas\u0131\u201dn\u0131n kazananlar\u0131 [&hellip;]<\/p>\n","protected":false},"author":1,"featured_media":123574,"comment_status":"open","ping_status":"open","sticky":false,"template":"","format":"standard","meta":[],"categories":[51,53],"tags":[82341,82339,82338,53114,52259,82342,82340,82343],"views":62,"_links":{"self":[{"href":"https:\/\/www.enerjigazetesi.ist\/en\/wp-json\/wp\/v2\/posts\/123571"}],"collection":[{"href":"https:\/\/www.enerjigazetesi.ist\/en\/wp-json\/wp\/v2\/posts"}],"about":[{"href":"https:\/\/www.enerjigazetesi.ist\/en\/wp-json\/wp\/v2\/types\/post"}],"author":[{"embeddable":true,"href":"https:\/\/www.enerjigazetesi.ist\/en\/wp-json\/wp\/v2\/users\/1"}],"replies":[{"embeddable":true,"href":"https:\/\/www.enerjigazetesi.ist\/en\/wp-json\/wp\/v2\/comments?post=123571"}],"version-history":[{"count":0,"href":"https:\/\/www.enerjigazetesi.ist\/en\/wp-json\/wp\/v2\/posts\/123571\/revisions"}],"wp:featuredmedia":[{"embeddable":true,"href":"https:\/\/www.enerjigazetesi.ist\/en\/wp-json\/wp\/v2\/media\/123574"}],"wp:attachment":[{"href":"https:\/\/www.enerjigazetesi.ist\/en\/wp-json\/wp\/v2\/media?parent=123571"}],"wp:term":[{"taxonomy":"category","embeddable":true,"href":"https:\/\/www.enerjigazetesi.ist\/en\/wp-json\/wp\/v2\/categories?post=123571"},{"taxonomy":"post_tag","embeddable":true,"href":"https:\/\/www.enerjigazetesi.ist\/en\/wp-json\/wp\/v2\/tags?post=123571"}],"curies":[{"name":"wp","href":"https:\/\/api.w.org\/{rel}","templated":true}]}}