{"id":123566,"date":"2020-11-15T13:46:16","date_gmt":"2020-11-15T10:46:16","guid":{"rendered":"https:\/\/www.enerjigazetesi.ist\/?p=123566"},"modified":"2020-11-15T13:46:23","modified_gmt":"2020-11-15T10:46:23","slug":"vaillant-turkiye-gran-fondo-kapsaminda-amator-bisikletcilerin-yaninda","status":"publish","type":"post","link":"https:\/\/www.enerjigazetesi.ist\/en\/vaillant-turkiye-gran-fondo-kapsaminda-amator-bisikletcilerin-yaninda\/","title":{"rendered":"(Turkish) &#8217;Vaillant T\u00fcrkiye&#8217; Gran Fondo Kapsam\u0131nda Amat\u00f6r Bisiklet\u00e7ilerin Yan\u0131nda!"},"content":{"rendered":"<p class=\"qtranxs-available-languages-message qtranxs-available-languages-message-en\">Sorry, this entry is only available in <a href=\"https:\/\/www.enerjigazetesi.ist\/tr\/wp-json\/wp\/v2\/posts\/123566\" class=\"qtranxs-available-language-link qtranxs-available-language-link-tr\" title=\"Turkish\">Turkish<\/a>. For the sake of viewer convenience, the content is shown below in the alternative language. You may click the link to switch the active language.<\/p><p><\/p>\n<h1><strong>Spora ve sporcuya deste\u011fini s\u00fcrd\u00fcren Vaillant T\u00fcrkiye, Gran Fondo kapsam\u0131nda amat\u00f6r bisiklet\u00e7ilerin yan\u0131nda olmaya devam ediyor. Vaillant\u2019\u0131n forma deste\u011fi ile sponsor oldu\u011fu Melih Beyhan, Antalya Akra Gran Fondo\u2019dan 1&#8217;incilikle d\u00f6nd\u00fc<\/strong>.<\/h1>\n<p><img loading=\"lazy\" class=\"alignright wp-image-123568\" src=\"https:\/\/www.enerjigazetesi.ist\/wp-content\/uploads\/2020\/11\/vaillant-turkiye-gran-fondo-kapsaminda-amator-bisikletcilerin-yaninda.jpg\" alt=\"\" width=\"320\" height=\"396\" srcset=\"https:\/\/www.enerjigazetesi.ist\/wp-content\/uploads\/2020\/11\/vaillant-turkiye-gran-fondo-kapsaminda-amator-bisikletcilerin-yaninda.jpg 394w, https:\/\/www.enerjigazetesi.ist\/wp-content\/uploads\/2020\/11\/vaillant-turkiye-gran-fondo-kapsaminda-amator-bisikletcilerin-yaninda-242x300.jpg 242w, https:\/\/www.enerjigazetesi.ist\/wp-content\/uploads\/2020\/11\/vaillant-turkiye-gran-fondo-kapsaminda-amator-bisikletcilerin-yaninda-323x400.jpg 323w, https:\/\/www.enerjigazetesi.ist\/wp-content\/uploads\/2020\/11\/vaillant-turkiye-gran-fondo-kapsaminda-amator-bisikletcilerin-yaninda-40x50.jpg 40w\" sizes=\"(max-width: 320px) 100vw, 320px\" \/>Vaillant T\u00fcrkiye <strong>sporun<\/strong> ve <strong>sporcunun<\/strong> yan\u0131nda olma hedefi ile <strong>do\u011fa dostu<\/strong> a\u00e7\u0131k <strong>uzun yol bisiklet yar\u0131\u015f\u0131<\/strong> olan <strong>Gran Fondo\u2019ya<\/strong> kat\u0131lan yar\u0131\u015fmac\u0131lara <strong>3 y\u0131ld\u0131r<\/strong> sponsor oluyor. Avrupa\u2019da on y\u0131llar boyunca en pop\u00fcler organizasyonlardan biri olan Gran Fondo kapsam\u0131nda markan\u0131n bu y\u0131l destek verdi\u011fi <strong>Melih Beyhan<\/strong>, <strong>Antalya Akra Gran Fondo<\/strong>\u2019yu birincilikle bitirdi.<strong> Vaillant T\u00fcrkiye formas\u0131<\/strong> ile yar\u0131\u015fan Beyhan, <strong>2020 y\u0131l\u0131nda<\/strong> ger\u00e7ekle\u015ftirilen <strong>t\u00fcm m\u00fcsabakalardan derece<\/strong> ile d\u00f6nd\u00fc. <strong>Uluslararas\u0131 Patara Gran Fondo<\/strong>\u2019da <strong>2&#8217;inci<\/strong>, <strong>Bursa Gran Fondo<\/strong>\u2019da ise <strong>3&#8217;\u00fcnc\u00fc<\/strong> olan Beyhan, organizasyonda bug\u00fcne kadar <strong>14<\/strong> yar\u0131\u015f\u0131n <strong>8\u2018ini<\/strong> derece ile tamamlad\u0131.<\/p>\n<h2><strong>T\u00fcm derecelerini Vaillant formas\u0131 ile kazand\u0131<\/strong><\/h2>\n<p><strong>Vaillant sponsorlu\u011fu<\/strong>nda yar\u0131\u015fan <strong>Melih Beyhan<\/strong>, ilk olarak <strong>2018 y\u0131l\u0131nda<\/strong> Uluslararas\u0131 Gran Fondo Antalya\u2019da<strong> 3&#8217;\u00fcnc\u00fcl\u00fck<\/strong> derecesi kazand\u0131. Ard\u0131ndan <strong>2019\u2019da<\/strong> Akra Gran Fondo\u2019da 1&#8217;inci, Marmaris <strong>Salcano Gran Fondo<\/strong>\u2019da <strong>2&#8217;inci<\/strong>, <strong>Uluslararas\u0131 Likya Gran Fondo<\/strong>\u2019da 1&#8217;inci, <strong>\u00c7e\u015fme Gran Fondo<\/strong>\u2019da <strong>1&#8217;inci<\/strong> olan Beyhan, t\u00fcm derecelerini <strong>Vaillant formas\u0131<\/strong> ile kazand\u0131.<\/p>\n<p>Kitleleri bir araya getiren <strong>geni\u015f kat\u0131l\u0131ml\u0131 bir organizasyon<\/strong> olan <strong>Gran Fondo<\/strong>, bir spor m\u00fcsabakas\u0131ndan \u00f6te k\u00fclt\u00fcrel bir <strong>deneyim<\/strong> ve<strong> sosyal sorumluluk hareketi<\/strong> olarak nitelendiriliyor. Amat\u00f6r bisiklet\u00e7ilere y\u00f6nelik olan <strong>Gran Fondo yar\u0131\u015flar\u0131<\/strong>, \u00e7o\u011funlukla, kat\u0131l\u0131mc\u0131lar\u0131n <strong>ya\u015f<\/strong> ve <strong>d\u00fczeyine<\/strong> g\u00f6re, ayn\u0131 parkurda <strong>ama farkl\u0131 mesafe<\/strong> ve<strong> zorluk d\u00fczeyine<\/strong> g\u00f6re organize ediliyor. Farkl\u0131 mesafelerdeki yar\u0131\u015flar<strong> &#8220;Gran Fondo&#8221;, &#8220;Mezzo Fondo&#8221;<\/strong> ve <strong>&#8220;Fondo&#8221;<\/strong> olarak adland\u0131r\u0131l\u0131yor. <strong>Gran Fondo<\/strong> ismi aralar\u0131ndaki <strong>en uzun mesafeli parkura<\/strong> veriliyor.<\/p>","protected":false},"excerpt":{"rendered":"<p>Sorry, this entry is only available in Turkish. For the sake of viewer convenience, the content is shown below in the alternative language. You may click the link to switch the active language. Spora ve sporcuya deste\u011fini s\u00fcrd\u00fcren Vaillant T\u00fcrkiye, Gran Fondo kapsam\u0131nda amat\u00f6r bisiklet\u00e7ilerin yan\u0131nda olmaya devam ediyor. Vaillant\u2019\u0131n forma deste\u011fi ile sponsor oldu\u011fu [&hellip;]<\/p>\n","protected":false},"author":1,"featured_media":123569,"comment_status":"open","ping_status":"open","sticky":false,"template":"","format":"standard","meta":[],"categories":[51,53,52],"tags":[82336,52259,82333,82332,82337,82334,57125,82335,80192],"views":164,"_links":{"self":[{"href":"https:\/\/www.enerjigazetesi.ist\/en\/wp-json\/wp\/v2\/posts\/123566"}],"collection":[{"href":"https:\/\/www.enerjigazetesi.ist\/en\/wp-json\/wp\/v2\/posts"}],"about":[{"href":"https:\/\/www.enerjigazetesi.ist\/en\/wp-json\/wp\/v2\/types\/post"}],"author":[{"embeddable":true,"href":"https:\/\/www.enerjigazetesi.ist\/en\/wp-json\/wp\/v2\/users\/1"}],"replies":[{"embeddable":true,"href":"https:\/\/www.enerjigazetesi.ist\/en\/wp-json\/wp\/v2\/comments?post=123566"}],"version-history":[{"count":0,"href":"https:\/\/www.enerjigazetesi.ist\/en\/wp-json\/wp\/v2\/posts\/123566\/revisions"}],"wp:featuredmedia":[{"embeddable":true,"href":"https:\/\/www.enerjigazetesi.ist\/en\/wp-json\/wp\/v2\/media\/123569"}],"wp:attachment":[{"href":"https:\/\/www.enerjigazetesi.ist\/en\/wp-json\/wp\/v2\/media?parent=123566"}],"wp:term":[{"taxonomy":"category","embeddable":true,"href":"https:\/\/www.enerjigazetesi.ist\/en\/wp-json\/wp\/v2\/categories?post=123566"},{"taxonomy":"post_tag","embeddable":true,"href":"https:\/\/www.enerjigazetesi.ist\/en\/wp-json\/wp\/v2\/tags?post=123566"}],"curies":[{"name":"wp","href":"https:\/\/api.w.org\/{rel}","templated":true}]}}