{"id":123473,"date":"2020-11-13T11:44:17","date_gmt":"2020-11-13T08:44:17","guid":{"rendered":"https:\/\/www.enerjigazetesi.ist\/?p=123473"},"modified":"2020-11-13T11:45:11","modified_gmt":"2020-11-13T08:45:11","slug":"muzik-beethoven-in-250-inci-yasi-kutlandi","status":"publish","type":"post","link":"https:\/\/www.enerjigazetesi.ist\/en\/muzik-beethoven-in-250-inci-yasi-kutlandi\/","title":{"rendered":"(Turkish) M\u00fczik: Beethoven&#8217;\u0131n 250&#8217;inci Ya\u015f\u0131 Kutland\u0131!"},"content":{"rendered":"<p class=\"qtranxs-available-languages-message qtranxs-available-languages-message-en\">Sorry, this entry is only available in <a href=\"https:\/\/www.enerjigazetesi.ist\/tr\/wp-json\/wp\/v2\/posts\/123473\" class=\"qtranxs-available-language-link qtranxs-available-language-link-tr\" title=\"Turkish\">Turkish<\/a>. For the sake of viewer convenience, the content is shown below in the alternative language. You may click the link to switch the active language.<\/p><p><\/p>\n<h1><strong>M\u00fczik tarihinin en \u00f6nemli isimlerinden Beethoven\u2019in 250\u2019inci do\u011fumg\u00fcn\u00fc, Kad\u0131k\u00f6y Belediyesi S\u00fcreyya Operas\u0131\u2019nda d\u00fczenlenen bir dizi etkinlikle kutlan\u0131yor. Beethoven\u2019\u0131n eserlerinin icra edildi\u011fi konserlerin ilki \u0130stanbul Devlet Opera ve Balesi\u2019nin d\u00fczenledi\u011fi \u201cSenfonik Konser\u201d oldu.<\/strong><\/h1>\n<p>\u015eefli\u011fini <strong>Zdravko Lazarov<\/strong> yapt\u0131\u011f\u0131, <strong>Oleksandr Samoylenko<\/strong>\u2019nun ise solist olarak kat\u0131ld\u0131\u011f\u0131 konserde <strong>Beethoven<\/strong>\u2019\u0131n eserleri icra edildi. <strong>Pandemi nedeniyle<\/strong> gerek sahnede gerekse izleyiciler aras\u0131nda <strong>sosyal mesafe kurallar\u0131<\/strong>n\u0131n g\u00f6zetildi\u011fi <strong>konserde<\/strong>, <strong>icraac\u0131lar<\/strong> aras\u0131na <strong>\u015feffaf ayra\u00e7lar<\/strong> yerle\u015ftirildi, izleyenler de <strong>koltuklar\u0131 bo\u015f b\u0131rakarak<\/strong> ve <strong>maske kullanarak<\/strong> oturdular.<\/p>\n<h2><img loading=\"lazy\" class=\"alignright wp-image-123475\" src=\"https:\/\/www.enerjigazetesi.ist\/wp-content\/uploads\/2020\/11\/muzik-beethoven-in-250-inci-yasi-kutlandi-1.jpg\" alt=\"\" width=\"320\" height=\"256\" srcset=\"https:\/\/www.enerjigazetesi.ist\/wp-content\/uploads\/2020\/11\/muzik-beethoven-in-250-inci-yasi-kutlandi-1.jpg 611w, https:\/\/www.enerjigazetesi.ist\/wp-content\/uploads\/2020\/11\/muzik-beethoven-in-250-inci-yasi-kutlandi-1-300x240.jpg 300w, https:\/\/www.enerjigazetesi.ist\/wp-content\/uploads\/2020\/11\/muzik-beethoven-in-250-inci-yasi-kutlandi-1-500x399.jpg 500w, https:\/\/www.enerjigazetesi.ist\/wp-content\/uploads\/2020\/11\/muzik-beethoven-in-250-inci-yasi-kutlandi-1-63x50.jpg 63w\" sizes=\"(max-width: 320px) 100vw, 320px\" \/>BEETHOVEN, ESERLER\u0130 \u0130LE ANILACAK<\/h2>\n<p><strong>Kad\u0131k\u00f6y Belediyesi S\u00fcreyya Operas\u0131<\/strong> Aral\u0131k sonuna kadar b\u00fcy\u00fck besteci <strong>Beethoven<\/strong>&#8216;\u0131n \u00f6nde gelen bestelerinden \u00f6rnekler sunarak, b\u00fcy\u00fck besteciyi anacak. <strong>14 Kas\u0131m 2020<\/strong>&#8216;de <strong>Oda M\u00fczi\u011fi eserleri<\/strong>nden olu\u015fan <strong>2&#8217;inci konser<\/strong> ile devam edecek olan seri, <strong>17 Kas\u0131m 2020<\/strong>&#8216;de <strong>\u015fan eserleri<\/strong>nden olu\u015fan<strong> &#8216;Vokal&#8217; konseri<\/strong> ile son bulacak. Aral\u0131k ay\u0131nda ise bestecinin tek operas\u0131 olan <strong>Fidelio<\/strong>, <strong>\u0130stanbul Devlet Opera <\/strong>ve<strong> Balesi<\/strong> taraf\u0131ndan konser d\u00fczeninde seslendirilecek. Yine <strong>Aral\u0131k<\/strong> ay\u0131nda, <strong>Kad\u0131k\u00f6y Belediyesi<\/strong>&#8216;nin <strong>S\u00fcreyya Operas\u0131 Oda M\u00fczi\u011fi<\/strong> serisinde piyanist <strong>G\u00fclsin Onay<\/strong>, Beethoven <strong>sonatlar\u0131ndan<\/strong> olu\u015facak bir <strong>piyano resitalinde<\/strong> dinleyici ile bulu\u015facak.<\/p>\n<p><strong>M\u00fczik tarihi<\/strong>nin temel ta\u015flar\u0131n\u0131 olu\u015fturan <strong>bestecilerin<\/strong> \u00f6nde gelenlerinden olan <strong>Ludwig van Beethoven<\/strong>, <strong>16 Aral\u0131k 1770<\/strong>\u2019te <strong>Almanya<\/strong>&#8216;n\u0131n <strong>Bonn kenti<\/strong>nde d\u00fcnyaya geldi. Ya\u015fam\u0131 boyunca besteledi\u011fi <strong>32 sonatla<\/strong> kendinden <strong>sonraki nesillere<\/strong> b\u00fcy\u00fck bir miras b\u0131rakt\u0131.<\/p>","protected":false},"excerpt":{"rendered":"<p>Sorry, this entry is only available in Turkish. For the sake of viewer convenience, the content is shown below in the alternative language. You may click the link to switch the active language. M\u00fczik tarihinin en \u00f6nemli isimlerinden Beethoven\u2019in 250\u2019inci do\u011fumg\u00fcn\u00fc, Kad\u0131k\u00f6y Belediyesi S\u00fcreyya Operas\u0131\u2019nda d\u00fczenlenen bir dizi etkinlikle kutlan\u0131yor. Beethoven\u2019\u0131n eserlerinin icra edildi\u011fi konserlerin [&hellip;]<\/p>\n","protected":false},"author":1,"featured_media":123476,"comment_status":"open","ping_status":"open","sticky":false,"template":"","format":"standard","meta":[],"categories":[53],"tags":[82272,82264,82265,82267,82270,82269,82271,82266,72860,82268],"views":68,"_links":{"self":[{"href":"https:\/\/www.enerjigazetesi.ist\/en\/wp-json\/wp\/v2\/posts\/123473"}],"collection":[{"href":"https:\/\/www.enerjigazetesi.ist\/en\/wp-json\/wp\/v2\/posts"}],"about":[{"href":"https:\/\/www.enerjigazetesi.ist\/en\/wp-json\/wp\/v2\/types\/post"}],"author":[{"embeddable":true,"href":"https:\/\/www.enerjigazetesi.ist\/en\/wp-json\/wp\/v2\/users\/1"}],"replies":[{"embeddable":true,"href":"https:\/\/www.enerjigazetesi.ist\/en\/wp-json\/wp\/v2\/comments?post=123473"}],"version-history":[{"count":0,"href":"https:\/\/www.enerjigazetesi.ist\/en\/wp-json\/wp\/v2\/posts\/123473\/revisions"}],"wp:featuredmedia":[{"embeddable":true,"href":"https:\/\/www.enerjigazetesi.ist\/en\/wp-json\/wp\/v2\/media\/123476"}],"wp:attachment":[{"href":"https:\/\/www.enerjigazetesi.ist\/en\/wp-json\/wp\/v2\/media?parent=123473"}],"wp:term":[{"taxonomy":"category","embeddable":true,"href":"https:\/\/www.enerjigazetesi.ist\/en\/wp-json\/wp\/v2\/categories?post=123473"},{"taxonomy":"post_tag","embeddable":true,"href":"https:\/\/www.enerjigazetesi.ist\/en\/wp-json\/wp\/v2\/tags?post=123473"}],"curies":[{"name":"wp","href":"https:\/\/api.w.org\/{rel}","templated":true}]}}