{"id":123385,"date":"2020-11-11T16:06:13","date_gmt":"2020-11-11T13:06:13","guid":{"rendered":"https:\/\/www.enerjigazetesi.ist\/?p=123385"},"modified":"2020-11-11T16:20:22","modified_gmt":"2020-11-11T13:20:22","slug":"samsiad-in-canli-yayin-konugu-endustri-4-0-temasi-ile-ilknur-yilmaz","status":"publish","type":"post","link":"https:\/\/www.enerjigazetesi.ist\/en\/samsiad-in-canli-yayin-konugu-endustri-4-0-temasi-ile-ilknur-yilmaz\/","title":{"rendered":"(Turkish) SAMS\u0130AD&#8217;\u0131n Bu Ak\u015fam ki Konu\u011fu &#8216;End\u00fcstri 4.0&#8217; Temas\u0131 ile &#8216;\u0130lknur YILMAZ'"},"content":{"rendered":"<p class=\"qtranxs-available-languages-message qtranxs-available-languages-message-en\">Sorry, this entry is only available in <a href=\"https:\/\/www.enerjigazetesi.ist\/tr\/wp-json\/wp\/v2\/posts\/123385\" class=\"qtranxs-available-language-link qtranxs-available-language-link-tr\" title=\"Turkish\">Turkish<\/a>. For the sake of viewer convenience, the content is shown below in the alternative language. You may click the link to switch the active language.<\/p><p><\/p>\n<h1>Samsun ba\u015fta olmak \u00fczere ve toplumun ihtiya\u00e7lar\u0131n\u0131, problemlerini ve f\u0131rsatlar\u0131n\u0131 daha iyi \u00f6\u011frenmeyi ve anlamay\u0131 sa\u011flamak ve do\u011frultuda b\u00f6lgenin ve \u00fclkemizin geli\u015fimine katk\u0131da bulunmaya y\u00f6nelik faaliyetlerini s\u00fcrd\u00fcren SAMS\u0130AD &#8211; Samsun Sanayicisi ve \u0130\u015f \u0130nsanlar\u0131 Derne\u011fi&#8217;nin 11.11.2020 \u00c7ar\u015famba g\u00fcn\u00fc saat 21:00&#8217;deki konu\u011fu &#8216;IDEHA Enerji&#8217; kurucu genel m\u00fcd\u00fcr\u00fc \u0130lknur YILMAZ olacak.<\/h1>\n<p>Ba\u011flant\u0131 imkanlar\u0131n\u0131 <strong>art\u0131ran<\/strong> ve <strong>ba\u011flant\u0131 maliyetleri<\/strong>nin d\u00fc\u015f\u00fcren <strong>dijital teknoloji<\/strong> geli\u015fmeleri<strong> end\u00fcstri 4.0<\/strong> a\u015famas\u0131n\u0131n<strong> itici g\u00fcc\u00fc olup<\/strong> hemen ard\u0131ndan <strong>s\u0131n\u0131rs\u0131z ileti\u015fim olanaklar\u0131<\/strong> <img loading=\"lazy\" class=\"alignright wp-image-123391\" src=\"https:\/\/www.enerjigazetesi.ist\/wp-content\/uploads\/2020\/11\/2020-11-11_161810.jpg\" alt=\"\" width=\"210\" height=\"194\" srcset=\"https:\/\/www.enerjigazetesi.ist\/wp-content\/uploads\/2020\/11\/2020-11-11_161810.jpg 194w, https:\/\/www.enerjigazetesi.ist\/wp-content\/uploads\/2020\/11\/2020-11-11_161810-54x50.jpg 54w\" sizes=\"(max-width: 210px) 100vw, 210px\" \/>gelmektedir. \u0130leti\u015fimin \u00f6n\u00fcn\u00fcn a\u00e7\u0131lmas\u0131, i\u015fbirli\u011fi potansiyellerini art\u0131r\u0131yor. Yeni i\u015fbirlikleri olanaklar\u0131 da, a\u00e7\u0131k inovasyonlar\u0131 h\u0131zland\u0131r\u0131yor; s\u00fcre\u00e7lerin do\u011fas\u0131n\u0131 de\u011fi\u015ftiriyor, <strong>ak\u0131ll\u0131<\/strong> ve <strong>ba\u011flant\u0131l\u0131 \u00fcr\u00fcnler<\/strong> de \u00fcr\u00fcn do\u011fas\u0131n\u0131 de\u011fi\u015ftiriyor. <strong>\u0130\u015f<\/strong> ile <strong>insan ili\u015fkilerini<\/strong> belirleyen her alandaki <strong>\u201cak\u0131\u015flar farkl\u0131la\u015f\u0131yor\u201d<\/strong>. Ak\u0131\u015flar\u0131n farkl\u0131la\u015fmas\u0131, yeni \u00fcretim ve b\u00f6l\u00fc\u015f\u00fcm ili\u015fkilerini yeniden tan\u0131mlamay\u0131 gerektiriyor. Yeni \u00fcretim ve b\u00f6l\u00fc\u015f\u00fcm ili\u015fkisinin de\u011fi\u015fmesi, ya\u015fam bi\u00e7imlerimizi ve ya\u015fam tarzlar\u0131m\u0131z\u0131 de\u011fi\u015ftiriyor&#8230;<\/p>\n<p><strong>End\u00fcstri 4.0<\/strong> temas\u0131yla<strong> Zoom<\/strong> \u00fczerinden <strong>canl\u0131 olarak<\/strong> ger\u00e7ekle\u015ftirilecek <em>SAMS\u0130AD &#8211; Samsun Sanayicisi ve \u0130\u015f \u0130nsanlar\u0131 Derne\u011fi&#8217;nin\u00a0<\/em><strong>canl\u0131 yay\u0131nda\u00a0<\/strong>Samsunlu enerji sekt\u00f6r\u00fc i\u015f insan\u0131 &amp; <em>IDEHA Enerji kurucu genel m\u00fcd\u00fcr\u00fc<\/em>\u00a0<strong>\u0130lknur YILMAZ<\/strong>\u00a0konuk olacak.<\/p>\n<p><strong>Zoom Toplant\u0131 Linki:<\/strong>\u00a0<a href=\"https:\/\/us04web.zoom.us\/j\/79997971090?pwd=Z1J2SjJMQTl5cTcvSVBDaGpVRGRSdz09\" target=\"_blank\" rel=\"nofollow noopener\">https:\/\/us04web.zoom.us\/j\/79997971090?pwd=Z1J2SjJMQTl5cTcvSVBDaGpVRGRSdz09<\/a><\/p>\n<p><strong>Meeting ID:<\/strong> 799 9797 1090 &#8211; <strong>Password:<\/strong> 405738 ( Zoom Ba\u011flant\u0131s\u0131nda Teknik Yard\u0131m Almak \u0130\u00e7in: Ahmet YA\u015eAR &#8211; Gsm: 0542 781 80 35 )<\/p>\n<p><strong>IDEHA Enerji<\/strong> ve <strong>SAMS\u0130AD<\/strong> Hakk\u0131nda <strong>Detayl\u0131 Bilgi \u0130\u00e7in:<\/strong>\u00a0<a href=\"http:\/\/www.samsiad.com\/\" target=\"_blank\" rel=\"nofollow noopener\">http:\/\/www.samsiad.com\/<\/a><\/p>\n<p>ve\u00a0<a href=\"http:\/\/www.idehaenergy.com\/\" target=\"_blank\" rel=\"nofollow noopener\">http:\/\/www.idehaenergy.com\/<\/a>\u00a0web adresini ziyaret edebilirsiniz.<\/p>","protected":false},"excerpt":{"rendered":"<p>Sorry, this entry is only available in Turkish. For the sake of viewer convenience, the content is shown below in the alternative language. You may click the link to switch the active language. Samsun ba\u015fta olmak \u00fczere ve toplumun ihtiya\u00e7lar\u0131n\u0131, problemlerini ve f\u0131rsatlar\u0131n\u0131 daha iyi \u00f6\u011frenmeyi ve anlamay\u0131 sa\u011flamak ve do\u011frultuda b\u00f6lgenin ve \u00fclkemizin geli\u015fimine [&hellip;]<\/p>\n","protected":false},"author":1,"featured_media":123387,"comment_status":"open","ping_status":"open","sticky":false,"template":"","format":"standard","meta":[],"categories":[51,53,52],"tags":[68733,71600,26689,57624,52259,60403,57125,65918,82209],"views":151,"_links":{"self":[{"href":"https:\/\/www.enerjigazetesi.ist\/en\/wp-json\/wp\/v2\/posts\/123385"}],"collection":[{"href":"https:\/\/www.enerjigazetesi.ist\/en\/wp-json\/wp\/v2\/posts"}],"about":[{"href":"https:\/\/www.enerjigazetesi.ist\/en\/wp-json\/wp\/v2\/types\/post"}],"author":[{"embeddable":true,"href":"https:\/\/www.enerjigazetesi.ist\/en\/wp-json\/wp\/v2\/users\/1"}],"replies":[{"embeddable":true,"href":"https:\/\/www.enerjigazetesi.ist\/en\/wp-json\/wp\/v2\/comments?post=123385"}],"version-history":[{"count":0,"href":"https:\/\/www.enerjigazetesi.ist\/en\/wp-json\/wp\/v2\/posts\/123385\/revisions"}],"wp:featuredmedia":[{"embeddable":true,"href":"https:\/\/www.enerjigazetesi.ist\/en\/wp-json\/wp\/v2\/media\/123387"}],"wp:attachment":[{"href":"https:\/\/www.enerjigazetesi.ist\/en\/wp-json\/wp\/v2\/media?parent=123385"}],"wp:term":[{"taxonomy":"category","embeddable":true,"href":"https:\/\/www.enerjigazetesi.ist\/en\/wp-json\/wp\/v2\/categories?post=123385"},{"taxonomy":"post_tag","embeddable":true,"href":"https:\/\/www.enerjigazetesi.ist\/en\/wp-json\/wp\/v2\/tags?post=123385"}],"curies":[{"name":"wp","href":"https:\/\/api.w.org\/{rel}","templated":true}]}}