{"id":123371,"date":"2020-11-11T15:17:10","date_gmt":"2020-11-11T12:17:10","guid":{"rendered":"https:\/\/www.enerjigazetesi.ist\/?p=123371"},"modified":"2020-11-11T15:17:10","modified_gmt":"2020-11-11T12:17:10","slug":"sanofi-den-2030-a-kadar-tum-dunyada-yuzde-100-temiz-enerji-kullanim-hedefi","status":"publish","type":"post","link":"https:\/\/www.enerjigazetesi.ist\/en\/sanofi-den-2030-a-kadar-tum-dunyada-yuzde-100-temiz-enerji-kullanim-hedefi\/","title":{"rendered":"(Turkish) Sanofi&#8217;den 2030&#8217;a Kadar T\u00fcm D\u00fcnya&#8217;da % 100 Temiz Enerji Kullan\u0131m Hedefi"},"content":{"rendered":"<p class=\"qtranxs-available-languages-message qtranxs-available-languages-message-en\">Sorry, this entry is only available in <a href=\"https:\/\/www.enerjigazetesi.ist\/tr\/wp-json\/wp\/v2\/posts\/123371\" class=\"qtranxs-available-language-link qtranxs-available-language-link-tr\" title=\"Turkish\">Turkish<\/a>. For the sake of viewer convenience, the content is shown below in the alternative language. You may click the link to switch the active language.<\/p><p><\/p>\n<h1><strong>D\u00fcnya \u00fczerinde 73 \u00fcretim tesisi bulunan Sanofi, 2030 y\u0131l\u0131na kadar t\u00fcm d\u00fcnyada y\u00fczde 100 yenilenebilir elektrik kullan\u0131m\u0131 hedefliyor. <\/strong>Sanofi T\u00fcrkiye, 2020\u2019de bu hedef do\u011frultusunda \u00f6nemli bir ad\u0131m atarak, L\u00fcleburgaz Fabrikas\u0131\u2019nda % 100 yenilenebilir elektrik kullan\u0131m\u0131na ge\u00e7ti.<\/h1>\n<p><strong>Climate Group<\/strong> ve <strong>Karbon Saydaml\u0131k Projesi (CDP)<\/strong> i\u015f birli\u011finde d\u00fcnyan\u0131n en b\u00fcy\u00fck ve itibarl\u0131 \u015firketlerinin <strong>% 100<\/strong> s\u00fcrd\u00fcr\u00fclebilir enerji kullan\u0131m\u0131na ge\u00e7mesi amac\u0131yla olu\u015fturulan <strong>RE100 inisiyatifi<\/strong>nde yer alan Sanofi\u2019nin<strong> 2050\u2019ye<\/strong> dek<strong> \u201ckarbon-n\u00f6tr\u201d olma hedefi<\/strong> bulunuyor.<\/p>\n<h2><strong><img loading=\"lazy\" class=\"alignright wp-image-123376\" src=\"https:\/\/www.enerjigazetesi.ist\/wp-content\/uploads\/2020\/11\/sanofi-den-2030-a-kadar-tum-dunyada-yuzde-100-temiz-enerji-kullanim-hedefi-1.jpg\" alt=\"\" width=\"320\" height=\"233\" srcset=\"https:\/\/www.enerjigazetesi.ist\/wp-content\/uploads\/2020\/11\/sanofi-den-2030-a-kadar-tum-dunyada-yuzde-100-temiz-enerji-kullanim-hedefi-1.jpg 671w, https:\/\/www.enerjigazetesi.ist\/wp-content\/uploads\/2020\/11\/sanofi-den-2030-a-kadar-tum-dunyada-yuzde-100-temiz-enerji-kullanim-hedefi-1-300x218.jpg 300w, https:\/\/www.enerjigazetesi.ist\/wp-content\/uploads\/2020\/11\/sanofi-den-2030-a-kadar-tum-dunyada-yuzde-100-temiz-enerji-kullanim-hedefi-1-500x364.jpg 500w, https:\/\/www.enerjigazetesi.ist\/wp-content\/uploads\/2020\/11\/sanofi-den-2030-a-kadar-tum-dunyada-yuzde-100-temiz-enerji-kullanim-hedefi-1-69x50.jpg 69w\" sizes=\"(max-width: 320px) 100vw, 320px\" \/>Sanofi T\u00fcrkiye L\u00fcleburgaz \u00dcretim Merkezi \u00f6nc\u00fc oldu<\/strong><\/h2>\n<p><strong>Sanofi T\u00fcrkiye, Levant ve \u0130ran \u00dclke Ba\u015fkan\u0131 Cem \u00d6zt\u00fcrk <\/strong>Sanofi\u2019nin s\u00fcrd\u00fcr\u00fclebilirlik stratejisi do\u011frultusunda <strong>sa\u011fl\u0131kl\u0131 gezegen<\/strong> i\u00e7in ekolojik gereksinimleri desteklemenin b\u00fcy\u00fck \u00f6nem ta\u015f\u0131d\u0131\u011f\u0131n\u0131 belirterek; <em>\u201c\u015eunu gururla s\u00f6yleyebilirim ki, <strong>Sanofi\u2019nin d\u00fcnyadaki 3&#8217;\u00fcnc\u00fc b\u00fcy\u00fck \u00fcretim tesisi olan Sanofi T\u00fcrkiye\u2019nin L\u00fcleburgaz Fabrikas\u0131, 2020 y\u0131l\u0131 ba\u015f\u0131ndan itibaren % 100 yenilenebilir elektrik kullan\u0131m\u0131na <\/strong>ge\u00e7mi\u015fti. \u015eimdi de d\u00fcnya genelinde <strong>2030\u2019a kadar<\/strong> tamamen yenilenebilir elektrik kullan\u0131m\u0131na ge\u00e7ece\u011fimizi ilan ediyoruz. Bu anlamda \u00f6nc\u00fc olmak hepimiz i\u00e7in b\u00fcy\u00fck bir gurur vesilesi. Sanofi olarak, bug\u00fcn d\u00fcnya \u00fczerinde ya\u015fayan t\u00fcm insanlar\u0131 hayatlar\u0131 boyunca kar\u015f\u0131lar\u0131na \u00e7\u0131kabilecek <strong>sa\u011fl\u0131k sorunlar\u0131nda destekleme<\/strong> ve onlar\u0131n hayatlar\u0131na <strong>g\u00fc\u00e7 katma sorumlulu\u011funu hissederek<\/strong> \u00e7al\u0131\u015f\u0131yoruz. Fakat biliyoruz ki, sorumluluk alan\u0131m\u0131z bununla s\u0131n\u0131rl\u0131 de\u011fil. <strong>S\u00fcrd\u00fcr\u00fclebilirlik anlay\u0131\u015f\u0131m\u0131z<\/strong> t\u00fcm i\u015f s\u00fcre\u00e7lerimizin merkezinde ve gelecek nesillere daha ya\u015fan\u0131labilir bir d\u00fcnya b\u0131rakmak \u00fczere gerekli ad\u0131mlar atmaya, i\u015f yap\u0131\u015f bi\u00e7imlerimizi buna g\u00f6re \u015fekillendirmeye devam edece\u011fiz.\u201d<\/em><\/p>\n<p><strong>2020 ba\u015f\u0131ndan itibaren % 100 yenilebilir elektrik kullan\u0131m\u0131na ge\u00e7en Sanofi T\u00fcrkiye L\u00fcleburgaz \u00dcretim Merkezinin Direkt\u00f6r\u00fc R\u00fc\u015ft\u00fc Bahar<\/strong> ise<strong> \u201c<\/strong><em>Sekt\u00f6r\u00fcm\u00fcz ve d\u00fcnyan\u0131n gelece\u011fi ad\u0131na \u00e7ok \u00f6nemli bir ad\u0131m at\u0131larak L\u00fcleburgaz\u2019daki <\/em><strong><em>\u00fcretim merkezimizin, 2020 y\u0131l\u0131 ba\u015f\u0131ndan itibaren y\u00fczde 100 yenilenebilir elektrik kullan\u0131m\u0131na ge\u00e7mesi sa\u011fland\u0131. Bununla birlikte, tesiste y\u0131ll\u0131k ortalama 27 bin MWh\u2019e e\u015fde\u011fer bir enerji, yenilenebilir enerji kaynaklar\u0131ndan kar\u015f\u0131land\u0131. Bu yakla\u015f\u0131k 1540 konutun bir y\u0131ll\u0131k elektrik t\u00fcketimine denk d\u00fc\u015fen bir miktar\u00a0di\u011fer bir deyi\u015fle bu inisiyatif sayesinde, fosil yak\u0131t kaynakl\u0131 yakla\u015f\u0131k 170 akaryak\u0131t tankeri dolusu (7 bin ton) linyit veya 57 akaryak\u0131t tankeri dolusu (2.322 ton) fueloil kullan\u0131m\u0131 engellenmi\u015f oldu. 2020<a name=\"_ftnref2\"><\/a>\u2019nin ba\u015f\u0131ndan bu yana 210 milyon kutu ila\u00e7 \u00fcreterek insan sa\u011fl\u0131\u011f\u0131na katk\u0131da bulunmam\u0131z\u0131n yan\u0131 s\u0131ra, karbon sal\u0131n\u0131m\u0131n\u0131 da azaltarak insan sa\u011fl\u0131\u011f\u0131n\u0131 g\u00fc\u00e7lendirmeye devam ettik<\/em><\/strong><em>,\u201d dedi. <\/em><\/p>\n<h2><strong>\u0130klim De\u011fi\u015fikli\u011finin \u0130nsan Sa\u011fl\u0131\u011f\u0131 \u00dczerindeki Etkisi G\u00f6z ard\u0131 Edilemez<\/strong><\/h2>\n<p><strong>Sanofi K\u00fcresel End\u00fcstriyel B\u00f6l\u00fcm\u00fc Genel M\u00fcd\u00fcr Yard\u0131mc\u0131s\u0131 Philippe Luscan<\/strong> inisiyatife ili\u015fkin olarak yapt\u0131\u011f\u0131 a\u00e7\u0131klamada, Sanofi\u2019nin 2030&#8217;a dek k\u00fcresel operasyonlar\u0131nda<strong> % 100<\/strong> yenilenebilir elektrik kullanmaya kararl\u0131 oldu\u011funu vurgulayarak \u015funlar\u0131 kaydetti; <em>\u201c<strong>RE100 giri\u015fimine<\/strong> kat\u0131lmaktan gurur duyuyoruz. \u0130klim de\u011fi\u015fikli\u011finin sa\u011fl\u0131k \u00fczerindeki etkisi g\u00f6z \u00f6n\u00fcne al\u0131nd\u0131\u011f\u0131nda, Sanofi\u2019nin <strong>k\u00fcresel \u0131s\u0131nman\u0131n azaltmas\u0131<\/strong> ama\u00e7l\u0131 \u00f6nemli taahh\u00fctleri mevcut. De\u011fer zincirinden dolayl\u0131 emisyonlar da dahil olmak \u00fczere<strong> sera gaz\u0131 emisyonlar\u0131n\u0131 azaltma hedeflerimiz<\/strong> iddial\u0131 olarak alg\u0131lansa da t\u00fcm bunlar \u015firketin <strong>2050 y\u0131l\u0131na<\/strong> kadar <strong>karbon n\u00f6trl\u00fc\u011f\u00fcn\u00fc<\/strong> elde etmek amac\u0131yla <strong>sera gaz\u0131 emisyonlar\u0131n\u0131 azaltma<\/strong> ve <strong>yenilenebilir enerjilerin kullan\u0131m\u0131n\u0131 te\u015fvik etme taahh\u00fctleri<\/strong>ni yans\u0131t\u0131yor. &#8220;<\/em><\/p>\n<p><strong>Sanofi 2010\u00a0y\u0131l\u0131ndan bu yana daha d\u00fc\u015f\u00fck karbonlu enerjilerin kullan\u0131lmas\u0131n\u0131 ve sertifikal\u0131 yenilenebilir kaynaklardan elektrik sat\u0131n al\u0131nmas\u0131n\u0131 destekleyen bir d\u00fc\u015f\u00fck karbonlu enerji politikas\u0131 y\u00fcr\u00fct\u00fcyor. 2019 sonu itibar\u0131 ile Sanofi\u2019nin global operasyonlar\u0131nda kulland\u0131\u011f\u0131 % 100 yenilenebilir elektrik oran\u0131 % 11; yenilenebilir enerji, elektrik t\u00fcketiminin % 17&#8217;sini temsil ediyor.<\/strong><\/p>","protected":false},"excerpt":{"rendered":"<p>Sorry, this entry is only available in Turkish. For the sake of viewer convenience, the content is shown below in the alternative language. You may click the link to switch the active language. D\u00fcnya \u00fczerinde 73 \u00fcretim tesisi bulunan Sanofi, 2030 y\u0131l\u0131na kadar t\u00fcm d\u00fcnyada y\u00fczde 100 yenilenebilir elektrik kullan\u0131m\u0131 hedefliyor. Sanofi T\u00fcrkiye, 2020\u2019de bu [&hellip;]<\/p>\n","protected":false},"author":1,"featured_media":123377,"comment_status":"open","ping_status":"open","sticky":false,"template":"","format":"standard","meta":[],"categories":[51,53,50],"tags":[82195,21604,82194,82198,5070,65424,82196,82197,82192,9164,54979,82193,6379],"views":86,"_links":{"self":[{"href":"https:\/\/www.enerjigazetesi.ist\/en\/wp-json\/wp\/v2\/posts\/123371"}],"collection":[{"href":"https:\/\/www.enerjigazetesi.ist\/en\/wp-json\/wp\/v2\/posts"}],"about":[{"href":"https:\/\/www.enerjigazetesi.ist\/en\/wp-json\/wp\/v2\/types\/post"}],"author":[{"embeddable":true,"href":"https:\/\/www.enerjigazetesi.ist\/en\/wp-json\/wp\/v2\/users\/1"}],"replies":[{"embeddable":true,"href":"https:\/\/www.enerjigazetesi.ist\/en\/wp-json\/wp\/v2\/comments?post=123371"}],"version-history":[{"count":1,"href":"https:\/\/www.enerjigazetesi.ist\/en\/wp-json\/wp\/v2\/posts\/123371\/revisions"}],"predecessor-version":[{"id":123372,"href":"https:\/\/www.enerjigazetesi.ist\/en\/wp-json\/wp\/v2\/posts\/123371\/revisions\/123372"}],"wp:featuredmedia":[{"embeddable":true,"href":"https:\/\/www.enerjigazetesi.ist\/en\/wp-json\/wp\/v2\/media\/123377"}],"wp:attachment":[{"href":"https:\/\/www.enerjigazetesi.ist\/en\/wp-json\/wp\/v2\/media?parent=123371"}],"wp:term":[{"taxonomy":"category","embeddable":true,"href":"https:\/\/www.enerjigazetesi.ist\/en\/wp-json\/wp\/v2\/categories?post=123371"},{"taxonomy":"post_tag","embeddable":true,"href":"https:\/\/www.enerjigazetesi.ist\/en\/wp-json\/wp\/v2\/tags?post=123371"}],"curies":[{"name":"wp","href":"https:\/\/api.w.org\/{rel}","templated":true}]}}