{"id":123336,"date":"2020-11-11T13:12:34","date_gmt":"2020-11-11T10:12:34","guid":{"rendered":"https:\/\/www.enerjigazetesi.ist\/?p=123336"},"modified":"2020-11-11T13:24:00","modified_gmt":"2020-11-11T10:24:00","slug":"2021de-muayene-sonrasi-damga-suresi-dolan-isi-sayac-af-getirilmeli-mi","status":"publish","type":"post","link":"https:\/\/www.enerjigazetesi.ist\/en\/2021de-muayene-sonrasi-damga-suresi-dolan-isi-sayac-af-getirilmeli-mi\/","title":{"rendered":"(Turkish) 2021&#8217;de Muayene Sonras\u0131 Damga S\u00fcresi Dolan Is\u0131 Saya\u00e7 Af Getirilmeli mi?"},"content":{"rendered":"<p class=\"qtranxs-available-languages-message qtranxs-available-languages-message-en\">Sorry, this entry is only available in <a href=\"https:\/\/www.enerjigazetesi.ist\/tr\/wp-json\/wp\/v2\/posts\/123336\" class=\"qtranxs-available-language-link qtranxs-available-language-link-tr\" title=\"Turkish\">Turkish<\/a>. For the sake of viewer convenience, the content is shown below in the alternative language. You may click the link to switch the active language.<\/p><p><\/p>\n<h1><strong>1 Ocak-28 \u015eubat 2020 tarihleri aras\u0131nda, \u00d6l\u00e7\u00fcler ve Ayar Kanunu gere\u011fi olarak, damga s\u00fcresi dolmu\u015f olan \u0131s\u0131 saya\u00e7lar\u0131n\u0131n periyodik muayene ba\u015fvurusu Sanayi ve Teknoloji Bakanl\u0131\u011f\u0131 taraf\u0131ndan yetkilendirilmi\u015f yetkili kurumlara yap\u0131lmad\u0131\u011f\u0131 takdirde, 2021\u2019de kullan\u0131m\u0131 kanunen yasakt\u0131r. Belediyelerin ve \u00f6zel \u015firketlerin dolayl\u0131 olarak b\u00f6lgesel \u0131s\u0131tma (jeotermal veya at\u0131k \u0131s\u0131 kullan\u0131m\u0131) uygulamalar\u0131 nedeni ile sorumlu olduklar\u0131 \u0131s\u0131 saya\u00e7lar\u0131 kapsam\u0131nda yap\u0131lan denetimlerde damga s\u00fcresi ge\u00e7mi\u015f \u0131s\u0131 sayac\u0131 kullan\u0131m\u0131n\u0131n tespiti halinde, kullan\u0131m amac\u0131na g\u00f6re 500-10.000 TL\u2019ye kadar para cezalar\u0131 uygulanmakta ve \u0131s\u0131 sayac\u0131na el konulmaktad\u0131r.<\/strong><\/h1>\n<p><strong>Sanayi ve Teknoloji Bakanl\u0131\u011f\u0131<\/strong>\u2019n\u0131n, <strong>6 Temmuz 2018<\/strong> tarihinde <strong>Resmi Gazete&#8217;de<\/strong> yay\u0131mlanarak y\u00fcr\u00fcrl\u00fc\u011fe giren<strong> 30470<\/strong> say\u0131l\u0131 <strong>Is\u0131 Saya\u00e7lar\u0131 Muayene Y\u00f6netmeli\u011fi<\/strong> ile <strong>merkezi sistem<\/strong> ve <strong>b\u00f6lgesel \u0131s\u0131tma<\/strong> ile<strong> \u0131s\u0131t\u0131lan konutlarda, \u0131s\u0131 enerjisinin kullan\u0131m\u0131<\/strong>n\u0131 \u00f6l\u00e7erek maliyetlerin payla\u015ft\u0131r\u0131lmas\u0131nda kullan\u0131lan \u0131s\u0131 saya\u00e7lar\u0131na <img loading=\"lazy\" class=\"alignright wp-image-123338\" src=\"https:\/\/www.enerjigazetesi.ist\/wp-content\/uploads\/2020\/11\/2021de-muayene-sonrasi-damga-suresi-dolan-isi-sayac-af-getirilmeli-mi-1.jpg\" alt=\"\" width=\"320\" height=\"213\" srcset=\"https:\/\/www.enerjigazetesi.ist\/wp-content\/uploads\/2020\/11\/2021de-muayene-sonrasi-damga-suresi-dolan-isi-sayac-af-getirilmeli-mi-1.jpg 732w, https:\/\/www.enerjigazetesi.ist\/wp-content\/uploads\/2020\/11\/2021de-muayene-sonrasi-damga-suresi-dolan-isi-sayac-af-getirilmeli-mi-1-300x200.jpg 300w, https:\/\/www.enerjigazetesi.ist\/wp-content\/uploads\/2020\/11\/2021de-muayene-sonrasi-damga-suresi-dolan-isi-sayac-af-getirilmeli-mi-1-500x333.jpg 500w, https:\/\/www.enerjigazetesi.ist\/wp-content\/uploads\/2020\/11\/2021de-muayene-sonrasi-damga-suresi-dolan-isi-sayac-af-getirilmeli-mi-1-75x50.jpg 75w, https:\/\/www.enerjigazetesi.ist\/wp-content\/uploads\/2020\/11\/2021de-muayene-sonrasi-damga-suresi-dolan-isi-sayac-af-getirilmeli-mi-1-450x300.jpg 450w\" sizes=\"(max-width: 320px) 100vw, 320px\" \/>periyodik muayene \u015fart\u0131 getirilmi\u015ftir. <strong>Is\u0131 Saya\u00e7lar\u0131n\u0131n Periyodik Muayeneleri<\/strong> i\u00e7in<strong> bina y\u00f6netim kurulu, bina y\u00f6neticisi, bina sahibi<\/strong> ve<strong> b\u00f6lgesel \u0131s\u0131tma firmalar\u0131<\/strong> taraf\u0131ndan, bakanl\u0131k taraf\u0131ndan yetkilendirilmi\u015f bir servise yap\u0131lacak ba\u015fvurular<strong> 1 Ocak<\/strong> tarihinde ba\u015flay\u0131p ve <strong>28 \u015eubat<\/strong> tarihinde tamamlanmaktad\u0131r. Periyodik muayene ba\u015fvurular\u0131<strong>, 5 ya\u015f\u0131n\u0131 dolduran \u0131s\u0131 saya\u00e7lar\u0131<\/strong> i\u00e7in ge\u00e7erli olmakla birlikte, Y\u00f6netmelik \u00e7\u0131kt\u0131\u011f\u0131nda, bir kereye mahsus, <strong>5 ya\u015f\u0131ndan b\u00fcy\u00fck \u0131s\u0131 saya\u00e7lar\u0131<\/strong> da ba\u015fvuru kapsam\u0131na al\u0131nm\u0131\u015ft\u0131r. Ancak, sahada \u00e7al\u0131\u015f\u0131r durumda olan <strong>\u00e7ok fazla \u0131s\u0131 sayac\u0131 bulunmas\u0131, yeterli duyuru<\/strong> ve <strong>bilgilendirme yap\u0131lamam\u0131\u015f<\/strong> olmas\u0131 nedeni ile zaman\u0131nda ba\u015fvurusu yap\u0131lmayan \u00f6nemli miktarda<strong> \u0131s\u0131 sayac\u0131n\u0131n kullan\u0131m\u0131<\/strong> kanunen yasak hale gelecektir.<\/p>\n<p>Konuya ili\u015fkin <strong>QLAB\u2019\u0131n (Is\u0131lab \u00d6l\u00e7\u00fcm ve Kontrol Sistemleri A.\u015e.)<\/strong> Kurucusu ve Teknik M\u00fcd\u00fcr\u00fc <strong>Ergun Veysel Ta\u015fdemiro\u011flu<\/strong>, \u015fu bilgileri veriyor: \u201c6 Temmuz 2018 tarihinde Resmi Gazete&#8217;de yay\u0131nlanarak y\u00fcr\u00fcrl\u00fc\u011fe giren <strong>30470<\/strong> say\u0131l\u0131 <strong>Is\u0131 Saya\u00e7lar\u0131 Muayene Y\u00f6netmeli\u011fi<\/strong>,<strong> merkezi \u0131s\u0131tma<\/strong> ve <strong>b\u00f6lgesel \u0131s\u0131tma sistemleri<\/strong>nde kullan\u0131c\u0131lar\u0131n \u0131s\u0131nma bedellerini hakkaniyetli bir \u015fekilde payla\u015ft\u0131r\u0131labilmesini g\u00f6zetmek \u00fczere, <strong>\u0131s\u0131 saya\u00e7lar\u0131n\u0131n periyodik muayenesini zorunlu<\/strong> hale getirdi.<\/p>\n<p>Y\u00f6netmeli\u011fe g\u00f6re yap\u0131lacak muayenelerde hata s\u0131n\u0131rlar\u0131 i\u00e7inde \u00e7al\u0131\u015ft\u0131\u011f\u0131 do\u011frulanan <strong>5 y\u0131l\u0131n\u0131 dolduran<\/strong> \u0131s\u0131 saya\u00e7lar\u0131,<strong> 5 y\u0131l daha<\/strong> kullan\u0131lmak \u00fczere damgalanmaktad\u0131r.<\/p>\n<p>Y\u00f6netmelik uygulamaya girdi\u011fi tarihte ge\u00e7ici bir madde ile, <strong>5 ya\u015f\u0131ndan b\u00fcy\u00fck \u0131s\u0131 saya\u00e7lar\u0131<\/strong> da ilk ba\u015fvuru d\u00f6neminde kapsama dahil edildi ve<strong> ertesi y\u0131l ge\u00e7ici madde tekrar uyguland\u0131<\/strong>.<\/p>\n<p><strong>QLAB (Is\u0131lab \u00d6l\u00e7\u00fcm ve Kontrol Sistemleri A.\u015e.)<\/strong> olarak bu uygulama neticesinde sadece bu sene 5 y\u0131ldan daha ya\u015fl\u0131 <strong>20.000 adetten<\/strong> fazla<strong> \u0131s\u0131 sayac\u0131n\u0131n muayenesini<\/strong> ger\u00e7ekle\u015ftirdik ve kullan\u0131lmak \u00fczere damgalad\u0131k.<\/p>\n<p>Bu s\u00fcre bir d\u00f6nem daha uzat\u0131lm\u0131\u015ft\u0131. <strong>31 Aral\u0131k 2020<\/strong> tarihine kadar muayenesini yapt\u0131rmam\u0131\u015f olan 5 ya\u015f ve \u00fcst\u00fc \u0131s\u0131 saya\u00e7lar\u0131n\u0131n kullan\u0131m\u0131 halinde y\u00fck\u00fcml\u00fcler hakk\u0131nda <strong>\u2018damga s\u00fcresi dolmu\u015f \u00f6l\u00e7\u00fc aleti kullanma fiilinden dolay\u0131 3516 say\u0131l\u0131 Kanun h\u00fck\u00fcmlerine g\u00f6re idari ve cezai i\u015flemler\u2019<\/strong> yap\u0131lacak.<\/p>\n<p>QLAB firmas\u0131 olarak \u00e7e\u015fitli <strong>marka, model<\/strong> ve <strong>boyutlarda<\/strong> g\u00fcn\u00fcm\u00fcze kadar toplam <strong>58.451 adet \u0131s\u0131 sayac\u0131<\/strong> muayenesi tamamlad\u0131k.<\/p>\n<p><strong>1 Ocak-28 \u015eubat 2021<\/strong> tarihleri aras\u0131nda be\u015f ya\u015f\u0131n\u0131 dolduran, yani<strong> 2016 tarihli \u0131s\u0131 saya\u00e7lar\u0131<\/strong> i\u00e7in <strong>zorunlu periyodik muayene ba\u015fvurular\u0131<\/strong>n\u0131n yap\u0131lmas\u0131 gerekmektedir.<\/p>\n<p><strong>1 Ocak-28 \u015eubat 2021<\/strong> ba\u015fvuru d\u00f6neminde <strong>5 ya\u015f\u0131ndan b\u00fcy\u00fck<\/strong> \u0131s\u0131 saya\u00e7lar\u0131 i\u00e7in ba\u015fvuru yap\u0131lamayacak, hala sa\u011fl\u0131kl\u0131 i\u015fleyi\u015fini s\u00fcrd\u00fcren tahminen <strong>150.000 adet<\/strong> Avrupa\u2019dan ithal edilmi\u015f ve \u00e7ok uzun y\u0131llar kullan\u0131ma uygun \u0131s\u0131 sayac\u0131, ne yaz\u0131k ki kullan\u0131m d\u0131\u015f\u0131 kalacakt\u0131r. Bu durum, hem <strong>\u0131s\u0131 sayac\u0131 kullan\u0131c\u0131lar\u0131<\/strong> ve sahipleri hem de \u00fclke ekonomisine <strong>ciddi bir maddi kayba<\/strong> yol a\u00e7acakt\u0131r.<\/p>\n<p>Ge\u00e7erli y\u0131la sahip damgas\u0131 olmayan \u0131s\u0131 saya\u00e7lar\u0131n\u0131n kullan\u0131m\u0131, <strong>3516 Say\u0131l\u0131 \u00d6l\u00e7\u00fcler ve Ayar Kanunu<\/strong>\u2019nca yasaklanm\u0131\u015ft\u0131r. <em>Damgas\u0131 kopmu\u015f, bozulmu\u015f, damga s\u00fcresi ge\u00e7mi\u015f \u00f6l\u00e7\u00fc aletini kullanan ki\u015fiye, \u00f6l\u00e7\u00fc aletinin t\u00fcr\u00fcne<\/em> ve <em>kullan\u0131ld\u0131\u011f\u0131 i\u015fin niteli\u011fine g\u00f6re<\/em> de\u011fi\u015fen, \u00f6nemli miktarlarda<strong> para cezas\u0131n\u0131n verilmesi<\/strong>nin yan\u0131 s\u0131ra <strong>\u0131s\u0131 sayac\u0131na el konularak<\/strong> m\u00fclkiyeti kamuya devrolmaktad\u0131r.<\/p>\n<p>Zaman\u0131nda ba\u015fvurular\u0131 yap\u0131lmayan, olduk\u00e7a \u00fcst\u00fcn kaliteye sahip, neredeyse <strong>20 y\u0131l kullan\u0131m \u00f6mr\u00fc<\/strong> olabilecek <strong>\u0131s\u0131 saya\u00e7lar\u0131<\/strong>, <strong>yeni damga al\u0131mlar\u0131n\u0131<\/strong> ger\u00e7ekle\u015ftiremeyecekleri i\u00e7in<strong> de\u011fi\u015fmek zorunda kalmaktad\u0131r.<\/strong><\/p>\n<p>Uzun y\u0131llar \u0131s\u0131 sayac\u0131<strong> Ar-Ge\u2019<\/strong>sinde <strong>Proje Y\u00f6neticisi<\/strong> olarak g\u00f6rev alm\u0131\u015f biri olarak \u015funu s\u00f6yleyebilirim, \u0131s\u0131 saya\u00e7lar\u0131nda yerli olarak an\u0131lan ve piyasaya sunulmu\u015f saya\u00e7lar\u0131n imalat\u0131nda kullan\u0131lan malzemelerin <strong>%85\u2019i<\/strong> ithal edilmektedir.<\/p>\n<p>Konuyu daha derinlemesine a\u00e7mak gerekirse, \u0131s\u0131 sayac\u0131 imalat\u0131nda kullan\u0131lan ithal par\u00e7alar\u0131; <em>s\u0131cakl\u0131k sens\u00f6rleri, ak\u0131\u015f sens\u00f6rleri, elektronik b\u00fct\u00fcn mikro\u00e7ip ve \u00f6l\u00e7\u00fcm entegreleri, d\u00fc\u015f\u00fck ak\u0131m \u00f6zel pilleri<\/em> olmak \u00fczere s\u0131ralayabiliriz. <strong>Yerli \u0131s\u0131 saya\u00e7lar\u0131<\/strong>nda yerli olan \u2013neredeyse- tek \u015fey <strong>yaz\u0131l\u0131m demek<\/strong> yanl\u0131\u015f olmaz diye d\u00fc\u015f\u00fcn\u00fcyorum.<\/p>\n<p>Pek \u00e7ok y\u00fcksek kaliteli, d\u00f6vizle ald\u0131\u011f\u0131m\u0131z <strong>\u0131s\u0131 sayac\u0131 ve\/veya \u0131s\u0131 sayac\u0131 par\u00e7alar\u0131<\/strong>, kullan\u0131m \u00f6mr\u00fcn\u00fc tamamlamadan s\u00f6k\u00fclecek. D\u00f6vizde ya\u015fanan y\u00fckseli\u015fin de etkisiyle<strong> \u2018en ucuz ve d\u00fc\u015f\u00fck kalite\u2019<\/strong> \u0131s\u0131 saya\u00e7lar\u0131 bu \u0131s\u0131 saya\u00e7lar\u0131n\u0131n yerini alacak. <strong>Sadece fiyat\u0131n\u0131n d\u00fc\u015f\u00fckl\u00fc\u011f\u00fc<\/strong> nedeniyle al\u0131m karar\u0131 verilen, d\u00fc\u015f\u00fck vas\u0131fl\u0131 <strong>\u0131s\u0131 saya\u00e7lar\u0131<\/strong>, kullan\u0131c\u0131s\u0131na da <strong>\u00fclke ekonomisine de<\/strong> kaybettiriyor.<\/p>\n<p><strong>Is\u0131 giderleri payla\u015f\u0131m\u0131<\/strong> ile ilgili pek \u00e7ok soruna, <strong>salt ucuzlu\u011fu nedeniyle al\u0131nm\u0131\u015f<\/strong> ve kullan\u0131lan bu \u0131s\u0131 saya\u00e7lar\u0131 neden oluyor.<\/p>\n<p>\u00d6zellikle <strong>b\u00f6lgesel \u0131s\u0131tma uygulamalar\u0131<\/strong>nda kullan\u0131lan <strong>ithal \u0131s\u0131 saya\u00e7lar\u0131 y\u00fcksek kalitesi<\/strong> nedeniyle <strong>15-25 y\u0131l<\/strong> aras\u0131nda, <strong>muayene, bak\u0131m, ayar<\/strong> ve <strong>tamirlerinin yap\u0131lmas\u0131<\/strong> ko\u015fulu ile sorunsuz bir \u015fekilde i\u015fletilebiliyor.<strong> 5 y\u0131lda bir<\/strong> yap\u0131lan bu i\u015flemlerin maliyetleri yeni bir \u0131s\u0131 sayac\u0131n\u0131n <strong>%15-20<\/strong>\u2019si kadar\u0131d\u0131r. <strong>Bu \u0131s\u0131 saya\u00e7lar\u0131 sera \u0131s\u0131tmalar\u0131<\/strong> gibi uygulamalarda kullan\u0131m\u0131 nedeniyle <strong>tar\u0131msal<\/strong> ve <strong>end\u00fcstriyel<\/strong> boyutlarda olmakta ve \u00fcr\u00fcnlerin sat\u0131\u015f fiyatlar\u0131<strong> 300-2000 Euro<\/strong> aras\u0131nda, boyut, marka, model ve haberle\u015fme aray\u00fcz\u00fcne (Mbus, WMbus, LoRa, GPRS) g\u00f6re de\u011fi\u015fiklik g\u00f6stermektedir. <strong>B\u00f6lgesel \u0131s\u0131tma uygulamalar\u0131<\/strong> \u00fclkemizde genellikle belediyeler taraf\u0131ndan olu\u015fturulan i\u015ftirak \u015firketleri taraf\u0131ndan i\u015fletilmekte olup, <strong>Is\u0131 Sayac\u0131 Muayene y\u00f6netmeli\u011fine<\/strong> bir sene sonra sorumlu olarak dahil edilmeleri nedeni ile y\u00f6netmelik ile ilgili bilgilendirme maalesef yeteri kadar yap\u0131lamam\u0131\u015ft\u0131r.<\/p>\n<p>\u00dclkemizde b\u00f6lgesel \u0131s\u0131tma ile <strong>100.000\u2019den fazla<\/strong><em> konut, sera, i\u015fletme vb.<\/em> \u0131s\u0131t\u0131lmaktad\u0131r ve bilgilendirme yetersizli\u011fi nedeni ile bir\u00e7ok y\u00fcksek kalitedeki \u0131s\u0131 sayac\u0131n\u0131n kullan\u0131m\u0131 <strong>2020 y\u0131l\u0131 Ocak \u2013 \u015eubat d\u00f6neminde<\/strong> ba\u015fvuru yap\u0131lmad\u0131\u011f\u0131 i\u00e7in <strong>kanunen yasak hale<\/strong> gelecektir. Bu nedenle<strong> 5 y\u0131l\u0131n\u0131 doldurmu\u015f binlerce \u0131s\u0131 saya\u00e7lar\u0131<\/strong>n\u0131n muayenesi ve damga alabilmesi i\u00e7in <strong>2021 y\u0131l\u0131<\/strong> i\u00e7in ba\u015fvuru hakk\u0131n\u0131n tan\u0131nmas\u0131n\u0131n, bu kay\u0131plar\u0131n \u00f6n\u00fcne ge\u00e7ebilece\u011fi kan\u0131s\u0131nday\u0131z.<\/p>\n<h2><strong>Do\u011fru \u0131s\u0131 sayac\u0131 se\u00e7imi kadar, muayene ve teknik hizmetler konusunda da do\u011fru bir servis ile \u00e7al\u0131\u015fmak b\u00fcy\u00fck \u00f6nem ta\u015f\u0131yor. <\/strong><\/h2>\n<p><strong>Test ve kontrol<\/strong>, her \u015feyden \u00f6nce tarafs\u0131z bir merci taraf\u0131ndan yap\u0131lmal\u0131. Zira markas\u0131 ne olursa olsun, test ve kontrol i\u00e7in gereken <strong>fiziki<\/strong> ve <strong>teknik ko\u015fullara<\/strong> sahip t\u00fcm \u0131s\u0131 saya\u00e7lar\u0131, ayn\u0131 <strong>titizlik<\/strong> ve <strong>tarafs\u0131zl\u0131k<\/strong> i\u00e7inde <strong>muayene s\u00fcrecinden<\/strong> ge\u00e7melidir. Yetkili servis olarak bu g\u00fcveni verebilmelisiniz. <strong>QLAB\u2019da<\/strong> b\u00fct\u00fcn makine ve ekipmanlar sadece; <strong>\u0131s\u0131 sayac\u0131 servis i\u015flemleri<\/strong> i\u00e7in kullan\u0131l\u0131yor. Tamamen tarafs\u0131z hizmet veren QLAB, \u0131s\u0131 sayac\u0131 \u00fcretimi yapm\u0131yor, <strong>Landis Gyr+<\/strong> ve<strong> Kamstrup AS<\/strong> marka \u00fcr\u00fcnlerin<strong> yetkili <\/strong>ve<strong> sertifikal\u0131 servisi<\/strong> olarak hizmet veriyor.<\/p>\n<p>Bu alanda do\u011fru ve g\u00fcvenilir hizmet i\u00e7in<strong> bilgi<\/strong> ve<strong> tecr\u00fcbe<\/strong> a\u00e7\u0131s\u0131ndan yetkinlik ile <strong>\u0131s\u0131 sayac\u0131 sahiplerine<\/strong> katma de\u011fer \u00fcretme anlay\u0131\u015f\u0131 gerekiyor. Bunun i\u00e7in<strong> QLAB,<\/strong> pek \u00e7ok serviste yap\u0131lmayan servisler konusunda yurtd\u0131\u015f\u0131nda \u00fcreticilerden ve <strong>muayene servislerinden e\u011fitimler<\/strong> alm\u0131\u015ft\u0131r.<\/p>\n<p><strong>Pil de\u011fi\u015fimi, ayar (kalibrasyon) i\u015flemi, ak\u0131\u015f sens\u00f6r\u00fc bak\u0131m ve temizli\u011fi, s\u0131cakl\u0131k sens\u00f6r\u00fc de\u011fi\u015fimi, yedek par\u00e7a temini<\/strong> ve ilgili uygulamalar \u015feklinde ek hizmetler vermektedirler. Verilen ek hizmetler sonucunda ayar tutmayan \u0131s\u0131 saya\u00e7lar\u0131 i\u00e7in herhangi bir <strong>ek \u00fccret talep e<\/strong>dilmemektedir. Bu ek hizmetlerin \u00f6nemi; \u0131s\u0131 sayac\u0131 de\u011fi\u015fimi yerine<strong> orijinal yedek par\u00e7alar<\/strong> ile tamiri veya lisansl\u0131 firma yaz\u0131l\u0131mlar\u0131 ile ayar\u0131n d\u00fczeltilmesi sonucu yeni bir \u0131s\u0131 sayac\u0131na k\u0131yasla <strong>%15-20 maliyetlerde<\/strong> \u0131s\u0131 sayac\u0131n\u0131n kullan\u0131ma tekrar kazand\u0131r\u0131labilmesidir. QLAB, k\u0131sa s\u00fcrede sa\u011flad\u0131\u011f\u0131 m\u00fc\u015fteri memnuniyetinin ivmesi ile kapasitesini iki kat\u0131na \u00e7\u0131kard\u0131. Bu s\u00fcre\u00e7te muayene i\u015fleminde uygulanan testler i\u00e7in gerekli etalon (referans) makine ekipmanlar (Mettler Toledo, Yokogawa, DF, Huayi, Labo, Baykon vb.) yurtd\u0131\u015f\u0131 ve yurti\u00e7inde en iyi firmalardan temin edildi.<\/p>\n<p>QLAB, her \u015feyden \u00f6nce kendi teknolojik altyap\u0131s\u0131n\u0131 d\u00fczenli olarak, <strong>g\u00fcnl\u00fck, ayl\u0131k, 3<\/strong> ve<strong> 6 ayl\u0131k<\/strong> periyodlarla kontrol ediyor. Etalon ekipmanlar\u0131n <strong>periyodik kalibrasyon i\u015flemleri<\/strong> ILAC ve T\u00dcRKAK onayl\u0131 laboratuvarlarda yap\u0131lm\u0131\u015f olup, g\u00fcncel kalibrasyon i\u015flemlerinde T\u00fcrk Standartlar\u0131 Enstit\u00fcs\u00fc\u2019nden hizmet al\u0131n\u0131yor. <em>ISO IEC TS 17020 Uygunluk de\u011ferlendirmesi &#8211; \u00c7e\u015fitli tiplerdeki muayene kurulu\u015flar\u0131n\u0131n i\u015fletimi i\u00e7in \u015fartlar (ISO\/IEC 17020: 2012)<\/em> kapsam\u0131nda <strong>T\u00dcRKAK<\/strong> taraf\u0131ndan ilk denetimi ger\u00e7ekle\u015ftirilerek akredite edilen ilk \u0131s\u0131 sayac\u0131 servisi <strong>QLAB<\/strong>\u2019d\u0131r.<\/p>\n<p>QLAB yetkin teknik kadrosu, <strong>\u0131s\u0131 saya\u00e7lar\u0131 alan\u0131nda<\/strong> k\u00fcresel lider kurulu\u015flar\u0131n e\u011fitimlerini, yetkinlik sertifikalar\u0131n\u0131 al\u0131yor. \u00dcretici kurulu\u015flarla kurdu\u011fu sa\u011fl\u0131kl\u0131 ili\u015fkiler neticesinde <strong>h\u0131zl\u0131 yedek par\u00e7a temini<\/strong> ve <strong>teknik bilgi deste\u011fi<\/strong> sayesinde, pek \u00e7ok<strong> \u0131s\u0131 sayac\u0131n\u0131n kullan\u0131m \u00f6mr\u00fcn\u00fc<\/strong> uzatacak iyile\u015ftirmeleri ger\u00e7ekle\u015ftirebiliyor. QLAB, hizmet kalitesinde kendisiyle yar\u0131\u015fan bir kurulu\u015f. Bu do\u011frultuda yeni hedeflerimizle, fark yaratan <strong>hizmet kalitemizi s\u00fcrd\u00fcr\u00fclebilir geli\u015fim ivmesi<\/strong> i\u00e7inde devam ettirece\u011fiz.\u201d<\/p>","protected":false},"excerpt":{"rendered":"<p>Sorry, this entry is only available in Turkish. For the sake of viewer convenience, the content is shown below in the alternative language. You may click the link to switch the active language. 1 Ocak-28 \u015eubat 2020 tarihleri aras\u0131nda, \u00d6l\u00e7\u00fcler ve Ayar Kanunu gere\u011fi olarak, damga s\u00fcresi dolmu\u015f olan \u0131s\u0131 saya\u00e7lar\u0131n\u0131n periyodik muayene ba\u015fvurusu Sanayi [&hellip;]<\/p>\n","protected":false},"author":1,"featured_media":123339,"comment_status":"open","ping_status":"open","sticky":false,"template":"","format":"standard","meta":[],"categories":[53,52],"tags":[52259,58103,82162,82159,82160,82157,82155,11764,82164,82158,82161,82156,82163],"views":196,"_links":{"self":[{"href":"https:\/\/www.enerjigazetesi.ist\/en\/wp-json\/wp\/v2\/posts\/123336"}],"collection":[{"href":"https:\/\/www.enerjigazetesi.ist\/en\/wp-json\/wp\/v2\/posts"}],"about":[{"href":"https:\/\/www.enerjigazetesi.ist\/en\/wp-json\/wp\/v2\/types\/post"}],"author":[{"embeddable":true,"href":"https:\/\/www.enerjigazetesi.ist\/en\/wp-json\/wp\/v2\/users\/1"}],"replies":[{"embeddable":true,"href":"https:\/\/www.enerjigazetesi.ist\/en\/wp-json\/wp\/v2\/comments?post=123336"}],"version-history":[{"count":0,"href":"https:\/\/www.enerjigazetesi.ist\/en\/wp-json\/wp\/v2\/posts\/123336\/revisions"}],"wp:featuredmedia":[{"embeddable":true,"href":"https:\/\/www.enerjigazetesi.ist\/en\/wp-json\/wp\/v2\/media\/123339"}],"wp:attachment":[{"href":"https:\/\/www.enerjigazetesi.ist\/en\/wp-json\/wp\/v2\/media?parent=123336"}],"wp:term":[{"taxonomy":"category","embeddable":true,"href":"https:\/\/www.enerjigazetesi.ist\/en\/wp-json\/wp\/v2\/categories?post=123336"},{"taxonomy":"post_tag","embeddable":true,"href":"https:\/\/www.enerjigazetesi.ist\/en\/wp-json\/wp\/v2\/tags?post=123336"}],"curies":[{"name":"wp","href":"https:\/\/api.w.org\/{rel}","templated":true}]}}