{"id":12324,"date":"2013-06-25T17:15:59","date_gmt":"2013-06-25T14:15:59","guid":{"rendered":"https:\/\/www.enerjigazetesi.ist\/?p=12324"},"modified":"2013-06-25T17:19:30","modified_gmt":"2013-06-25T14:19:30","slug":"kurulu-guc-5-kat-artacak","status":"publish","type":"post","link":"https:\/\/www.enerjigazetesi.ist\/en\/kurulu-guc-5-kat-artacak\/","title":{"rendered":"(Turkish) Kurulu G\u00fc\u00e7 5 Kat Artacak!"},"content":{"rendered":"<p class=\"qtranxs-available-languages-message qtranxs-available-languages-message-en\">Sorry, this entry is only available in <a href=\"https:\/\/www.enerjigazetesi.ist\/tr\/wp-json\/wp\/v2\/posts\/12324\" class=\"qtranxs-available-language-link qtranxs-available-language-link-tr\" title=\"Turkish\">Turkish<\/a>. For the sake of viewer convenience, the content is shown below in the alternative language. You may click the link to switch the active language.<\/p><p><strong>Denizlili T\u00fcma\u015f Mermer, hem madenlerinde hem de fabrikalar\u0131nda g\u00fcne\u015f enerjisiyle \u00fcretim ger\u00e7ekle\u015ftiren \u00e7ok \u00f6zel bir tesis kurdu.<\/strong><\/p>\n<p>\u0130malat sekt\u00f6r\u00fcn\u00fcn en \u00f6nemli maliyet kalemlerinden olan enerjide inovatif yat\u0131r\u0131mlar her ge\u00e7en g\u00fcn art\u0131yor.<\/p>\n<p>\u00d6zellikle yenilenebilir enerji kaynaklar\u0131na y\u00f6nelen \u015firketler, bu yat\u0131r\u0131mlarla bir\u00e7ok ilke imza at\u0131yor. Denizli&#8217;de Bereket Enerji Grubu&#8217;na ait olan T\u00fcma\u015f Mermer de bu alanda \u00f6rnek olacak bir \u00e7al\u0131\u015fma y\u00fcr\u00fct\u00fcyor. \u015eirket, rakiplerinden farkl\u0131 olarak \u00fcretimde kullanaca\u011f\u0131 elektri\u011fi g\u00fcne\u015f panellerinden elde etti\u011fi enerjiyle kar\u015f\u0131l\u0131yor. \u015eirket, y\u0131lba\u015f\u0131nda start alan inovatif projesi kapsam\u0131nda Bozburun B\u00f6lgesi&#8217;ndeki mermer fabrikas\u0131nda g\u00fcne\u015f enerjisini kullanmaya ba\u015flad\u0131. Bu kapsamda mermer fabrikas\u0131n\u0131n hemen yan\u0131na g\u00fcne\u015f enerjisi panelleri kuruldu. \u015eirketin hedefinde ise mermerin ham halinden \u00fcr\u00fcne d\u00f6n\u00fc\u015fene kadar t\u00fcm kademelerinde g\u00fcne\u015f enerjisinden yararlanmak var. <a href=\"https:\/\/www.enerjigazetesi.ist\/wp-content\/uploads\/2013\/04\/gunes-kulesi-ne-yurdisi-ndan-talep.jpg\"><img loading=\"lazy\" class=\"alignright size-medium wp-image-9896\" title=\"gunes-enerjisi-kurulu-guc-5-kat-artacak\" src=\"https:\/\/www.enerjigazetesi.ist\/wp-content\/uploads\/2013\/04\/gunes-kulesi-ne-yurdisi-ndan-talep-300x181.jpg\" alt=\"\" width=\"300\" height=\"181\" srcset=\"https:\/\/www.enerjigazetesi.ist\/wp-content\/uploads\/2013\/04\/gunes-kulesi-ne-yurdisi-ndan-talep-300x181.jpg 300w, https:\/\/www.enerjigazetesi.ist\/wp-content\/uploads\/2013\/04\/gunes-kulesi-ne-yurdisi-ndan-talep-80x48.jpg 80w, https:\/\/www.enerjigazetesi.ist\/wp-content\/uploads\/2013\/04\/gunes-kulesi-ne-yurdisi-ndan-talep.jpg 480w\" sizes=\"(max-width: 300px) 100vw, 300px\" \/><\/a><\/p>\n<p>1986&#8217;da kurulan T\u00fcma\u015f Mermer&#8217;in Y\u00f6netim Kurulu Ba\u015fkan\u0131 Ceyhan Sandall\u0131, hayata ge\u00e7irdikleri sistemin kendileri i\u00e7in olduk\u00e7a \u00f6nemli oldu\u011funu ifade ediyor. Do\u011fal ta\u015flar\u0131n \u00e7\u0131kar\u0131lmas\u0131 ve kesilmesinin ciddi bir enerji maliyet olu\u015fturuyor. Yetkililer sistemi \u015fu s\u00f6zlerle anlat\u0131yor: &#8220;Belirli noktalarda bu projemizi hayata ge\u00e7irdik. 4 madenimizde de g\u00fcne\u015f enerjisinden istifade edece\u011fiz.<\/p>\n<p>Yapt\u0131\u011f\u0131m\u0131z hesaplara g\u00f6re yat\u0131r\u0131m\u0131m\u0131z 7 y\u0131l i\u00e7inde kendini amorti edecek. Amac\u0131m\u0131z hem sekt\u00f6r\u00fcm\u00fcze hem de di\u011fer sanayi sekt\u00f6rlerine \u00f6rnek olacak bir yat\u0131r\u0131m ger\u00e7ekle\u015ftirmek. Ayr\u0131ca mermerci ve madenciler olarak \u00e7evreye duyarl\u0131y\u0131z. Art\u0131k \u00e7evreye duyarl\u0131, enerjisini g\u00fcne\u015ften elde eden, t\u00fcm i\u00e7 ayd\u0131nlatmada kulland\u0131\u011f\u0131m\u0131z, makinelerimizi \u00e7al\u0131\u015ft\u0131rd\u0131\u011f\u0131m\u0131z bir enerjimiz var. Bu tamamen do\u011fal bir kaynak.&#8221;<\/p>\n<p>T\u00fcma\u015f Mermer Genel M\u00fcd\u00fcr\u00fc Serdar Sungur ise g\u00fcne\u015f enerjisine dayal\u0131 yat\u0131r\u0131mlar\u0131 2014&#8217;te daha da art\u0131racaklar\u0131n\u0131 s\u00f6yledi. Hedeflerinin \u00f6n\u00fcm\u00fczdeki y\u0131l elektrik \u00fcreten kurulu g\u00fcc\u00fc daha da art\u0131rmak oldu\u011funu belirten Sungur, &#8220;Mevcut yat\u0131r\u0131m\u0131 5 kat daha art\u0131rma hedefimiz var. T\u00fcm \u00fcretim a\u011f\u0131m\u0131z\u0131 g\u00fcne\u015f enerjisiyle yapabilir hale gelmek istiyoruz. Bu sayede hem enerji ba\u011f\u0131ms\u0131zl\u0131\u011f\u0131m\u0131z artacak hem de maliyetlerimiz a\u015fa\u011f\u0131 \u00e7ekilecek&#8221; dedi.<\/p>\n<p>Kaynak: <a href=\"http:\/\/www.energyworld.com.tr\/root.vol?title=kurulu-guc-5-kat-artacak&amp;exec=page&amp;nid=550310\" target=\"_blank\">Energy World<\/a><\/p>","protected":false},"excerpt":{"rendered":"<p>Sorry, this entry is only available in Turkish. For the sake of viewer convenience, the content is shown below in the alternative language. You may click the link to switch the active language.Denizlili T\u00fcma\u015f Mermer, hem madenlerinde hem de fabrikalar\u0131nda g\u00fcne\u015f enerjisiyle \u00fcretim ger\u00e7ekle\u015ftiren \u00e7ok \u00f6zel bir tesis kurdu. \u0130malat sekt\u00f6r\u00fcn\u00fcn en \u00f6nemli maliyet kalemlerinden [&hellip;]<\/p>\n","protected":false},"author":1,"featured_media":9896,"comment_status":"open","ping_status":"open","sticky":false,"template":"","format":"standard","meta":[],"categories":[53,49],"tags":[845,6305,19,63,67,165,227,13,5392,108,6306,5562,6307,508],"views":775,"_links":{"self":[{"href":"https:\/\/www.enerjigazetesi.ist\/en\/wp-json\/wp\/v2\/posts\/12324"}],"collection":[{"href":"https:\/\/www.enerjigazetesi.ist\/en\/wp-json\/wp\/v2\/posts"}],"about":[{"href":"https:\/\/www.enerjigazetesi.ist\/en\/wp-json\/wp\/v2\/types\/post"}],"author":[{"embeddable":true,"href":"https:\/\/www.enerjigazetesi.ist\/en\/wp-json\/wp\/v2\/users\/1"}],"replies":[{"embeddable":true,"href":"https:\/\/www.enerjigazetesi.ist\/en\/wp-json\/wp\/v2\/comments?post=12324"}],"version-history":[{"count":3,"href":"https:\/\/www.enerjigazetesi.ist\/en\/wp-json\/wp\/v2\/posts\/12324\/revisions"}],"predecessor-version":[{"id":12327,"href":"https:\/\/www.enerjigazetesi.ist\/en\/wp-json\/wp\/v2\/posts\/12324\/revisions\/12327"}],"wp:featuredmedia":[{"embeddable":true,"href":"https:\/\/www.enerjigazetesi.ist\/en\/wp-json\/wp\/v2\/media\/9896"}],"wp:attachment":[{"href":"https:\/\/www.enerjigazetesi.ist\/en\/wp-json\/wp\/v2\/media?parent=12324"}],"wp:term":[{"taxonomy":"category","embeddable":true,"href":"https:\/\/www.enerjigazetesi.ist\/en\/wp-json\/wp\/v2\/categories?post=12324"},{"taxonomy":"post_tag","embeddable":true,"href":"https:\/\/www.enerjigazetesi.ist\/en\/wp-json\/wp\/v2\/tags?post=12324"}],"curies":[{"name":"wp","href":"https:\/\/api.w.org\/{rel}","templated":true}]}}