{"id":123056,"date":"2020-11-05T16:54:26","date_gmt":"2020-11-05T13:54:26","guid":{"rendered":"https:\/\/www.enerjigazetesi.ist\/?p=123056"},"modified":"2020-11-05T16:56:32","modified_gmt":"2020-11-05T13:56:32","slug":"yedas-is-hayatina-atilacak-ilk-adim-icin-genc-muhendisleri-bilgilendirdi","status":"publish","type":"post","link":"https:\/\/www.enerjigazetesi.ist\/en\/yedas-is-hayatina-atilacak-ilk-adim-icin-genc-muhendisleri-bilgilendirdi\/","title":{"rendered":"(Turkish) &#8217;YEDA\u015e&#8217; \u0130\u015f Hayat\u0131na At\u0131lacak \u0130lk Ad\u0131m \u0130\u00e7in Gen\u00e7 M\u00fchendisleri Bilgilendirdi"},"content":{"rendered":"<p class=\"qtranxs-available-languages-message qtranxs-available-languages-message-en\">Sorry, this entry is only available in <a href=\"https:\/\/www.enerjigazetesi.ist\/tr\/wp-json\/wp\/v2\/posts\/123056\" class=\"qtranxs-available-language-link qtranxs-available-language-link-tr\" title=\"Turkish\">Turkish<\/a>. For the sake of viewer convenience, the content is shown below in the alternative language. You may click the link to switch the active language.<\/p><p><\/p>\n<h1>Elektrik M\u00fchendisleri Odas\u0131 Samsun \u015eubesi ile YEDA\u015e i\u015f birli\u011fi do\u011frultusunda, \u2018Etkili \u00d6zge\u00e7mi\u015f Haz\u0131rlama ve \u0130\u015f G\u00f6r\u00fc\u015fmelerine Haz\u0131rlanma\u2019 konular\u0131n\u0131 i\u00e7eren seminer ger\u00e7ekle\u015ftirdi.<\/h1>\n<p>Sekt\u00f6r\u00fcnde t\u00fcm t\u00fcketicilerine\u00a0 kaliteli ve kesintisiz elektrik hizmeti sunmay\u0131 misyon edinen, insan odakl\u0131l\u0131ktan \u00f6d\u00fcn vermeden \u00e7al\u0131\u015fan YEDA\u015e, online platform \u00fczerinden gen\u00e7 m\u00fchendislerle bulu\u015ftu.<\/p>\n<h2><img loading=\"lazy\" class=\"alignright wp-image-123058\" src=\"https:\/\/www.enerjigazetesi.ist\/wp-content\/uploads\/2020\/11\/yedas-is-hayatina-atilacak-ilk-adim-icin-genc-muhendisleri-bilgilendirdi-2.jpg\" alt=\"\" width=\"320\" height=\"242\" srcset=\"https:\/\/www.enerjigazetesi.ist\/wp-content\/uploads\/2020\/11\/yedas-is-hayatina-atilacak-ilk-adim-icin-genc-muhendisleri-bilgilendirdi-2.jpg 646w, https:\/\/www.enerjigazetesi.ist\/wp-content\/uploads\/2020\/11\/yedas-is-hayatina-atilacak-ilk-adim-icin-genc-muhendisleri-bilgilendirdi-2-300x227.jpg 300w, https:\/\/www.enerjigazetesi.ist\/wp-content\/uploads\/2020\/11\/yedas-is-hayatina-atilacak-ilk-adim-icin-genc-muhendisleri-bilgilendirdi-2-500x378.jpg 500w, https:\/\/www.enerjigazetesi.ist\/wp-content\/uploads\/2020\/11\/yedas-is-hayatina-atilacak-ilk-adim-icin-genc-muhendisleri-bilgilendirdi-2-66x50.jpg 66w\" sizes=\"(max-width: 320px) 100vw, 320px\" \/>M\u00dcHEND\u0130SLER B\u0130LG\u0130LEND\u0130R\u0130LD\u0130<\/h2>\n<p>Seminere <strong>YEDA\u015e<\/strong> ad\u0131na kat\u0131l\u0131m sa\u011flayan \u0130nsan Kaynaklar\u0131 Koordinat\u00f6r\u00fc <strong>Emre O\u011fuz<\/strong>, i\u015f hayat\u0131na haz\u0131rlanan <strong>gen\u00e7 m\u00fchendislere<\/strong> \u00f6nemli tavsiyelerde bulundu. \u0130\u015f hayat\u0131na ilk ad\u0131mda en kritik s\u00fcre\u00e7lerden biri olan \u00d6zge\u00e7mi\u015f haz\u0131rl\u0131\u011f\u0131 ve \u0130\u015f G\u00f6r\u00fc\u015fmelerine dair \u00f6nemli ip u\u00e7lar\u0131n\u0131n payla\u015f\u0131ld\u0131\u011f\u0131 seminerde, YEDA\u015e\u2019\u0131n m\u00fchendislerden beklentileri, <strong>YEDA\u015e\u2019taki kariyer olanaklar\u0131<\/strong> ve <strong>i\u015f imkanlar\u0131<\/strong>na da de\u011finildi.<\/p>\n<h2>SEM\u0130NERE B\u00dcY\u00dcK \u0130LG\u0130<\/h2>\n<p><strong>Gen\u00e7 m\u00fchendislerin<\/strong> ilgi g\u00f6sterdi\u011fi seminer, ayn\u0131 zamanda <strong>EMO Samsun \u015eubesi<\/strong>nin <strong>Pandemi d\u00f6nemi<\/strong>nde \u00fcyeleri i\u00e7in <strong>organize etti\u011fi<\/strong> ilk etkinlik oldu. <strong>Online<\/strong> ve <strong>interaktif<\/strong> olarak ger\u00e7ekle\u015ftirilen seminerde <strong>gen\u00e7 m\u00fchendisler<\/strong> de sorular\u0131na yan\u0131tlar ald\u0131. Seminer sonunda yap\u0131lan <strong>bilgi yar\u0131\u015fmas\u0131<\/strong> ve <strong>s\u00fcrpriz \u00f6d\u00fcllerle<\/strong> keyifli dakikalar ya\u015fand\u0131.<strong> Gen\u00e7 m\u00fchendisler<\/strong> hem kendilerini i\u015f hayat\u0131na haz\u0131rlayacak <strong>\u00f6nemli<\/strong> <strong>bilgiler edindi<\/strong> hem de <strong>keyifli anlar<\/strong> ya\u015fad\u0131.<\/p>\n<p><strong>Samsun EMO Y\u00f6neticileri<\/strong> ve <strong>YEDA\u015e \u0130nsan Kaynaklar\u0131 Koordinat\u00f6r\u00fc<\/strong>, <strong>e\u011fitim<\/strong> ve <strong>seminerlerin<\/strong> bundan <strong>sonraki s\u00fcre\u00e7te de devam edece\u011fi<\/strong> m\u00fcjdesini verdi.<\/p>","protected":false},"excerpt":{"rendered":"<p>Sorry, this entry is only available in Turkish. For the sake of viewer convenience, the content is shown below in the alternative language. You may click the link to switch the active language. Elektrik M\u00fchendisleri Odas\u0131 Samsun \u015eubesi ile YEDA\u015e i\u015f birli\u011fi do\u011frultusunda, \u2018Etkili \u00d6zge\u00e7mi\u015f Haz\u0131rlama ve \u0130\u015f G\u00f6r\u00fc\u015fmelerine Haz\u0131rlanma\u2019 konular\u0131n\u0131 i\u00e7eren seminer ger\u00e7ekle\u015ftirdi. Sekt\u00f6r\u00fcnde [&hellip;]<\/p>\n","protected":false},"author":1,"featured_media":123059,"comment_status":"open","ping_status":"open","sticky":false,"template":"","format":"standard","meta":[],"categories":[51,53],"tags":[53114,1887,81775,52259,81774,79641,81773],"views":92,"_links":{"self":[{"href":"https:\/\/www.enerjigazetesi.ist\/en\/wp-json\/wp\/v2\/posts\/123056"}],"collection":[{"href":"https:\/\/www.enerjigazetesi.ist\/en\/wp-json\/wp\/v2\/posts"}],"about":[{"href":"https:\/\/www.enerjigazetesi.ist\/en\/wp-json\/wp\/v2\/types\/post"}],"author":[{"embeddable":true,"href":"https:\/\/www.enerjigazetesi.ist\/en\/wp-json\/wp\/v2\/users\/1"}],"replies":[{"embeddable":true,"href":"https:\/\/www.enerjigazetesi.ist\/en\/wp-json\/wp\/v2\/comments?post=123056"}],"version-history":[{"count":0,"href":"https:\/\/www.enerjigazetesi.ist\/en\/wp-json\/wp\/v2\/posts\/123056\/revisions"}],"wp:featuredmedia":[{"embeddable":true,"href":"https:\/\/www.enerjigazetesi.ist\/en\/wp-json\/wp\/v2\/media\/123059"}],"wp:attachment":[{"href":"https:\/\/www.enerjigazetesi.ist\/en\/wp-json\/wp\/v2\/media?parent=123056"}],"wp:term":[{"taxonomy":"category","embeddable":true,"href":"https:\/\/www.enerjigazetesi.ist\/en\/wp-json\/wp\/v2\/categories?post=123056"},{"taxonomy":"post_tag","embeddable":true,"href":"https:\/\/www.enerjigazetesi.ist\/en\/wp-json\/wp\/v2\/tags?post=123056"}],"curies":[{"name":"wp","href":"https:\/\/api.w.org\/{rel}","templated":true}]}}