{"id":123013,"date":"2020-11-05T14:15:10","date_gmt":"2020-11-05T11:15:10","guid":{"rendered":"https:\/\/www.enerjigazetesi.ist\/?p=123013"},"modified":"2020-11-05T14:15:10","modified_gmt":"2020-11-05T11:15:10","slug":"birol-turkiye-enerji-verimliligi-nde-onemli-potansiyele-sahip","status":"publish","type":"post","link":"https:\/\/www.enerjigazetesi.ist\/en\/birol-turkiye-enerji-verimliligi-nde-onemli-potansiyele-sahip\/","title":{"rendered":"(Turkish) Birol: &#8220;T\u00fcrkiye Enerji Verimlili\u011finde \u00d6nemli Potansiyele Sahip&#8221;"},"content":{"rendered":"<p class=\"qtranxs-available-languages-message qtranxs-available-languages-message-en\">Sorry, this entry is only available in <a href=\"https:\/\/www.enerjigazetesi.ist\/tr\/wp-json\/wp\/v2\/posts\/123013\" class=\"qtranxs-available-language-link qtranxs-available-language-link-tr\" title=\"Turkish\">Turkish<\/a>. For the sake of viewer convenience, the content is shown below in the alternative language. You may click the link to switch the active language.<\/p><p><\/p>\n<h1>Uluslararas\u0131 Enerji Ajans\u0131\u00a0(IEA)\u00a0Ba\u015fkan\u0131 Fatih Birol, M\u00fcstakil Sanayici ve \u0130\u015fadamlar\u0131 Derne\u011fi (M\u00dcS\u0130AD) taraf\u0131ndan dijital ortamda d\u00fczenlenen &#8220;K\u00fcresel Enerji G\u00f6r\u00fcn\u00fcm\u00fc 2020 ve T\u00fcrkiye&#8221; ba\u015fl\u0131kl\u0131 toplant\u0131da, T\u00fcrkiye&#8217;nin enerji verimlili\u011finde b\u00fcy\u00fck potansiyeli oldu\u011funu ifade etti.<\/h1>\n<p><img loading=\"lazy\" class=\"alignright wp-image-123016\" src=\"https:\/\/www.enerjigazetesi.ist\/wp-content\/uploads\/2020\/11\/birol-turkiye-enerji-verimliligi-nde-onemli-potansiyele-sahip.jpg\" alt=\"\" width=\"320\" height=\"207\" srcset=\"https:\/\/www.enerjigazetesi.ist\/wp-content\/uploads\/2020\/11\/birol-turkiye-enerji-verimliligi-nde-onemli-potansiyele-sahip.jpg 753w, https:\/\/www.enerjigazetesi.ist\/wp-content\/uploads\/2020\/11\/birol-turkiye-enerji-verimliligi-nde-onemli-potansiyele-sahip-300x194.jpg 300w, https:\/\/www.enerjigazetesi.ist\/wp-content\/uploads\/2020\/11\/birol-turkiye-enerji-verimliligi-nde-onemli-potansiyele-sahip-500x323.jpg 500w, https:\/\/www.enerjigazetesi.ist\/wp-content\/uploads\/2020\/11\/birol-turkiye-enerji-verimliligi-nde-onemli-potansiyele-sahip-77x50.jpg 77w\" sizes=\"(max-width: 320px) 100vw, 320px\" \/><strong>Enerji Verimlili\u011fi&#8217;<\/strong>ndeki en b\u00fcy\u00fck te\u015fvi\u011fin faturan\u0131n azalmas\u0131 oldu\u011funu belirten Birol, &#8220;T\u00fcketici enerji verimlili\u011fiyle kendi <strong>enerji faturas\u0131n\u0131 azalt\u0131yor<\/strong> ama bunu yaparken \u00fclkenin <strong>cari a\u00e7\u0131kla olan m\u00fccadelesi<\/strong>ne de katk\u0131 sunacak. Bu kapsamda, T\u00fcrkiye&#8217;nin <strong>yenilenebilir enerji potansiyeli<\/strong> kadar enerji verimlili\u011fi potansiyeli var.&#8221; dedi.<\/p>\n<p>Ayr\u0131ca Birol, mevzuattaki \u00f6nerileri yerine getirerek <strong>enerjinin verimli kullan\u0131labilece\u011fine<\/strong> vurgu yaparak, &#8220;\u00d6zellikle <strong>sanayide motorlar\u0131n<\/strong> daha <strong>verimli hale getirilmesi<\/strong> b\u00fcy\u00fck bir fark yaratacakt\u0131r. Bir sanayi \u015firketi, hi\u00e7bir \u015feyi d\u00fc\u015f\u00fcnmeyip sadece kendi cebini dahi d\u00fc\u015f\u00fcnse <strong>enerji verimlili\u011fi<\/strong>ni bir numaral\u0131 <strong>g\u00fcndem maddesi<\/strong> haline getirmeli.&#8221; de\u011ferlendirmesini yaparken\u00a0D\u00fcnyadaki enerji yat\u0131r\u0131mlar\u0131n\u0131n bu y\u0131l <strong>% 20<\/strong> seviyesinde d\u00fc\u015fece\u011fini belirten Birol, salg\u0131nda sadece <strong>yenilenebilir enerji kaynaklar\u0131<\/strong>n\u0131n b\u00fcy\u00fcme g\u00f6sterdi\u011fini, <strong>g\u00fcne\u015f<\/strong> ve <strong>r\u00fczgar enerjisi<\/strong>nin b\u00fcy\u00fcmesini s\u00fcrd\u00fcrece\u011finin de alt\u0131n\u0131 \u00e7izdi.<\/p>","protected":false},"excerpt":{"rendered":"<p>Sorry, this entry is only available in Turkish. For the sake of viewer convenience, the content is shown below in the alternative language. You may click the link to switch the active language. Uluslararas\u0131 Enerji Ajans\u0131\u00a0(IEA)\u00a0Ba\u015fkan\u0131 Fatih Birol, M\u00fcstakil Sanayici ve \u0130\u015fadamlar\u0131 Derne\u011fi (M\u00dcS\u0130AD) taraf\u0131ndan dijital ortamda d\u00fczenlenen &#8220;K\u00fcresel Enerji G\u00f6r\u00fcn\u00fcm\u00fc 2020 ve T\u00fcrkiye&#8221; ba\u015fl\u0131kl\u0131 [&hellip;]<\/p>\n","protected":false},"author":1,"featured_media":123016,"comment_status":"open","ping_status":"open","sticky":false,"template":"","format":"standard","meta":[],"categories":[51,53,52],"tags":[52259,58103,81739,57125,75800,793],"views":72,"_links":{"self":[{"href":"https:\/\/www.enerjigazetesi.ist\/en\/wp-json\/wp\/v2\/posts\/123013"}],"collection":[{"href":"https:\/\/www.enerjigazetesi.ist\/en\/wp-json\/wp\/v2\/posts"}],"about":[{"href":"https:\/\/www.enerjigazetesi.ist\/en\/wp-json\/wp\/v2\/types\/post"}],"author":[{"embeddable":true,"href":"https:\/\/www.enerjigazetesi.ist\/en\/wp-json\/wp\/v2\/users\/1"}],"replies":[{"embeddable":true,"href":"https:\/\/www.enerjigazetesi.ist\/en\/wp-json\/wp\/v2\/comments?post=123013"}],"version-history":[{"count":0,"href":"https:\/\/www.enerjigazetesi.ist\/en\/wp-json\/wp\/v2\/posts\/123013\/revisions"}],"wp:featuredmedia":[{"embeddable":true,"href":"https:\/\/www.enerjigazetesi.ist\/en\/wp-json\/wp\/v2\/media\/123016"}],"wp:attachment":[{"href":"https:\/\/www.enerjigazetesi.ist\/en\/wp-json\/wp\/v2\/media?parent=123013"}],"wp:term":[{"taxonomy":"category","embeddable":true,"href":"https:\/\/www.enerjigazetesi.ist\/en\/wp-json\/wp\/v2\/categories?post=123013"},{"taxonomy":"post_tag","embeddable":true,"href":"https:\/\/www.enerjigazetesi.ist\/en\/wp-json\/wp\/v2\/tags?post=123013"}],"curies":[{"name":"wp","href":"https:\/\/api.w.org\/{rel}","templated":true}]}}