{"id":122953,"date":"2020-11-04T13:30:11","date_gmt":"2020-11-04T10:30:11","guid":{"rendered":"https:\/\/www.enerjigazetesi.ist\/?p=122953"},"modified":"2020-11-04T13:32:34","modified_gmt":"2020-11-04T10:32:34","slug":"atlas-copco-dan-hava-kurutuculari-icin-nem-giderici-teknolojisi-cerades","status":"publish","type":"post","link":"https:\/\/www.enerjigazetesi.ist\/en\/atlas-copco-dan-hava-kurutuculari-icin-nem-giderici-teknolojisi-cerades\/","title":{"rendered":"(Turkish) Atlas Copco&#8217;dan Hava Kurutucular\u0131 \u0130\u00e7in Nem Giderici Teknoloji &#8216;CERADES'"},"content":{"rendered":"<p class=\"qtranxs-available-languages-message qtranxs-available-languages-message-en\">Sorry, this entry is only available in <a href=\"https:\/\/www.enerjigazetesi.ist\/tr\/wp-json\/wp\/v2\/posts\/122953\" class=\"qtranxs-available-language-link qtranxs-available-language-link-tr\" title=\"Turkish\">Turkish<\/a>. For the sake of viewer convenience, the content is shown below in the alternative language. You may click the link to switch the active language.<\/p><p><\/p>\n<h1><strong>D\u00fcnya&#8217;n\u0131n lider end\u00fcstri kurulu\u015flar\u0131ndan Atlas Copco, sekt\u00f6r\u00fcn geli\u015fimi i\u00e7in ger\u00e7ekle\u015ftirdi\u011fi AR-GE geli\u015ftirdi\u011fi devrim niteli\u011finde \u00fcretti\u011fi ilk silindirik yap\u0131l\u0131 nem giderici \u201cCerades\u201d teknolojisini duyurdu. Atlas Copco&#8217;nun hava kurutucular\u0131 i\u00e7in \u00fcretti\u011fi d\u00fcnyan\u0131n ilk kat\u0131, seramik nem gidericisi \u201cCerades\u201d teknolojisi; Enerji verimlili\u011fi, daha d\u00fc\u015f\u00fck hizmet masraf\u0131 ve daha \u00e7evreci faydalar\u0131yla birlikte bas\u0131n\u00e7 d\u00fc\u015f\u00fc\u015flerini% 70&#8217;e varan oranlarda azaltarak \u00f6nemli \u00f6l\u00e7\u00fcde daha iyi hava kalitesi sunuyor.<\/strong><\/h1>\n<p><strong>Atlas Copco,<\/strong> <strong>nem gidericilerin verimlili\u011fi<\/strong>ni ve <strong>performans\u0131n\u0131 iyile\u015ftirmek<\/strong> amac\u0131yla uzun ve kapsaml\u0131 <strong>AR-GE \u00e7al\u0131\u015fmalar\u0131<\/strong> sonucu \u00fcretti\u011fi, d\u00fcnyan\u0131n ilk kat\u0131 nem giderici\u00a0<strong>\u201cCerades\u201d <\/strong>teknolojisi ile sekt\u00f6re farkl\u0131 bir boyut kazand\u0131r\u0131yor. <strong>Bas\u0131n\u00e7l\u0131 hava kurutucular\u0131<\/strong> i\u00e7in devrimsel nitelikte olan, patentli nem giderici <strong>Cerades teknolojisi<\/strong>, iyile\u015ftirilmi\u015f<strong> enerji verimlili\u011fi<\/strong>, daha d\u00fc\u015f\u00fck servis <img loading=\"lazy\" class=\"alignright wp-image-122955\" src=\"https:\/\/www.enerjigazetesi.ist\/wp-content\/uploads\/2020\/11\/atlas-copco-dan-hava-kurutuculari-icin-nem-giderici-teknolojisi-cerades-2.jpg\" alt=\"\" width=\"320\" height=\"427\" srcset=\"https:\/\/www.enerjigazetesi.ist\/wp-content\/uploads\/2020\/11\/atlas-copco-dan-hava-kurutuculari-icin-nem-giderici-teknolojisi-cerades-2.jpg 366w, https:\/\/www.enerjigazetesi.ist\/wp-content\/uploads\/2020\/11\/atlas-copco-dan-hava-kurutuculari-icin-nem-giderici-teknolojisi-cerades-2-225x300.jpg 225w, https:\/\/www.enerjigazetesi.ist\/wp-content\/uploads\/2020\/11\/atlas-copco-dan-hava-kurutuculari-icin-nem-giderici-teknolojisi-cerades-2-300x400.jpg 300w, https:\/\/www.enerjigazetesi.ist\/wp-content\/uploads\/2020\/11\/atlas-copco-dan-hava-kurutuculari-icin-nem-giderici-teknolojisi-cerades-2-38x50.jpg 38w\" sizes=\"(max-width: 320px) 100vw, 320px\" \/>masraf\u0131 ve <strong>iyile\u015ftirilmi\u015f \u00e7evresel faydalarla<\/strong> birlikte bas\u0131n\u00e7 d\u00fc\u015f\u00fc\u015flerini <strong>%70<\/strong>&#8216;e varan oranlarda azaltarak \u00f6nemli \u00f6l\u00e7\u00fcde <strong>daha iyi hava kalitesi<\/strong> sunuyor.<\/p>\n<p>Cerades&#8217;in temsil etti\u011fi teknolojik ilerleme; Atlas Copco\u2019nun, <strong>nem gidericilerin tasar\u0131m\u0131<\/strong>n\u0131, <strong>verimlili\u011fini<\/strong> ve <strong>performans\u0131n\u0131<\/strong> b\u00fcy\u00fck \u00f6l\u00e7\u00fcde iyile\u015ftiren bir <strong>Ar-Ge projesi<\/strong> olarak dikkat \u00e7ekiyor. Titre\u015fim diren\u00e7li <strong>Cerades nem giderici<\/strong>, ula\u015f\u0131m sekt\u00f6r\u00fcnde oldu\u011fu gibi titre\u015fimin fazla oldu\u011fu uygulamalarda<strong> sorunsuz kurulum<\/strong> ve <strong>s\u00fcrd\u00fcrebilir \u00e7al\u0131\u015fabilme<\/strong> \u00f6zelli\u011fi sa\u011fl\u0131yor.<\/p>\n<p>Bas\u0131n\u00e7l\u0131 havan\u0131n desikkantl\u0131 kurutucudan ge\u00e7erken ak\u0131\u015f\u0131n\u0131 kolayla\u015ft\u0131rarak \u00f6nemli \u00f6l\u00e7\u00fcde enerjiden tasarruf sa\u011flayacak \u015fekilde tasarlanan Cerades,<strong> konveksiyonel desikkant kurutucularda<\/strong> bulunan birbirinden ayr\u0131 binlerce tanecik aras\u0131ndan yol a\u00e7man\u0131n aksine;<strong> silindirik, kat\u0131 desikkantlardan do\u011frudan ge\u00e7erek fark\u0131n\u0131<\/strong> ortaya koyuyor. B\u00f6ylece kar\u015f\u0131 direnci olayan bas\u0131n\u00e7l\u0131 hava,kurutucudan ge\u00e7erken <strong>daha d\u00fc\u015f\u00fck bas\u0131n\u00e7 kayb\u0131<\/strong> ve <strong>kurutucudan kaynakl\u0131 enerji maliyeti<\/strong>nin \u00f6nemli \u00f6l\u00e7\u00fcde azalmas\u0131n\u0131 sa\u011fl\u0131yor.<\/p>\n<p><strong>Cerades teknolojisi<\/strong>nin, kurutucu performans\u0131 bak\u0131m\u0131ndan bir sekt\u00f6r\u00fcn bak\u0131\u015f a\u00e7\u0131s\u0131n\u0131 de\u011fi\u015ftiren de\u011fi\u015fimi temsil etti\u011fini s\u00f6yleyen <strong>Atlas Copco T\u00fcrkiye End\u00fcstriyel Hava Kompres\u00f6rleri B\u00f6l\u00fcm M\u00fcd\u00fcr\u00fc V.\u00d6zg\u00fcn \u015eenol<\/strong>, \u201cCerades, sadecebas\u0131n\u00e7l\u0131 havedaki nemin azalt\u0131lmas\u0131na y\u00f6nelik inovatif bir \u00e7\u00f6z\u00fcmolman\u0131n \u00f6tesinde, Atlas Copco\u2019nun<strong> bas\u0131n\u00e7l\u0131 hava \u00e7\u00f6z\u00fcm\u00fc<\/strong>ne kapsaml\u0131 bak\u0131\u015f\u0131n\u0131n ba\u015far\u0131l\u0131 bir \u00f6rne\u011fi. Desikkantl\u0131 kurutucular\u0131n yap\u0131s\u0131 onlarca y\u0131ld\u0131r de\u011fi\u015fmedi, ama yeni patenli Cerades, her seviyedeki geleneksel <strong>nem gidericiden<\/strong> daha iyi performans g\u00f6steriyor.\u201d dedi.<\/p>\n<p>Cerades ayr\u0131ca, <strong>yap\u0131sal b\u00fct\u00fcnl\u00fc\u011f\u00fc<\/strong> ve <strong>uzun \u00f6mr\u00fc<\/strong> ile \u00e7\u00f6z\u00fcm ortaklar\u0131na operasyonel ve \u00e7evresel faydalar sa\u011fl\u0131yor. Geleneksel desikkantl\u0131 kurutucular, d\u00f6ng\u00fc s\u0131ras\u0131nda par\u00e7ac\u0131klar s\u00fcrekli birbirine s\u00fcrt\u00fcnmesi nedeniyle zaman i\u00e7inde \u00f6zelli\u011fini kaybediyor ve bu durum geleneksel desikkantl\u0131 <strong>kurutucular\u0131n hava kalitesi<\/strong>ni bozabiliyor, <strong>daha s\u0131k bir bak\u0131m ihtiyac\u0131<\/strong>na neden olabiliyor. Ek olarak, geleneksel desikkanl\u0131 kurutuculu bas\u0131n\u00e7l\u0131 hava sisteminde ince par\u00e7ac\u0131klar\u0131n sisteme gitmesi sonucunda, ekstra filtreleme ve bak\u0131m gerektiriyor. Yeni nesil Cerades ise bu <strong>toz sorununu ortadan kald\u0131r\u0131yor<\/strong> ve kullan\u0131c\u0131lara <strong>ekstra filtreleme<\/strong>ye gerek kalmadan, partik\u00fcllere kar\u015f\u0131 <strong>ISO 8573-1:2010 S\u0131n\u0131f 2 hava kalitesi<\/strong> s\u0131n\u0131f\u0131n\u0131 sunuyor.<\/p>\n<p>Geleneksel nem gidericiden en az <strong>2 y\u0131l<\/strong> daha uzun s\u00fcre dayan\u0131kl\u0131l\u0131k vaat eden Cerades <strong>nem giderici<\/strong> ile normal i\u015fletim \u015fartlar\u0131nda silindirik kat\u0131 par\u00e7ac\u0131klar\u0131n sadece<strong> 7 senede<\/strong> bir de\u011fi\u015fime ihtiya\u00e7 duyulmas\u0131n\u0131 sa\u011flar. <strong>Geleceksel desikkantl\u0131 kurutucularda<\/strong> kullan\u0131lan partik\u00fcllerin yap\u0131s\u0131 nedeniyle zaman harcatan, <strong>sa\u011fl\u0131\u011fa<\/strong> ve <strong>\u00e7evreye zararl\u0131<\/strong> bir i\u015flem iken <strong>Cerades teknolojisi<\/strong> ise bu durumu elimine ediyor.<\/p>\n<p>30&#8217;dan fazla model i\u00e7eren yeni <strong>CD 20-335<sup>+ <\/sup>(CD<sup>+<\/sup>) serisi<\/strong>, Cerades silindirik kat\u0131 desikkantl\u0131 tip ilk kurutucular olarak <strong>\u00fcr\u00fcn segmentinde<\/strong> yer al\u0131yor. Cerades kullan\u0131m\u0131n\u0131n sa\u011flad\u0131\u011f\u0131 faydalar\u0131n yan\u0131 s\u0131ra CD<sup>+<\/sup>, s\u00fcrekli olarak <strong>%100 hava ak\u0131\u015f\u0131<\/strong>yla \u00e7al\u0131\u015fabilen son derece <strong>g\u00fc\u00e7l\u00fc, verimli, g\u00fcvenilir<\/strong> ve <strong>sessiz<\/strong> bir kurutucu olarak da dikkat \u00e7ekiyor. <strong>CD<sup>+<\/sup><\/strong> serisi,<strong> -40\u00b0C\/-40\u00b0F<\/strong> seviyesinde standart bir bas\u0131n\u00e7 \u00e7i\u011flenme noktas\u0131 sunuyor; kullan\u0131c\u0131lar bu <strong>yo\u011fu\u015fma noktas\u0131<\/strong>n\u0131, kurutucu performans\u0131n\u0131 kendi \u00f6zel uygulamalar\u0131n\u0131n ihtiya\u00e7lar\u0131na en uygun hale getirecek \u015fekilde ayarlayabilme imkan\u0131na sahip oluyor.<\/p>\n<p><strong>Elektronikon<sup>\u00ae<\/sup> Touch kumanda<\/strong>, CD<sup>+<\/sup> serisiyle birlikte sipari\u015f edilebilirken, dokunmatik ekran \u00f6zeli\u011fi olan <strong>SMARTLINK uzaktan izleme<\/strong>yle birlikte daha da iyi bir \u015fekilde, kullan\u0131c\u0131lar\u0131n kurutucunun <strong>performans<\/strong> ve <strong>verimlili\u011fini<\/strong> kolayca en y\u00fcksek seviyeye \u00e7\u0131karabilmelerine olanak sa\u011fl\u0131yor.<\/p>","protected":false},"excerpt":{"rendered":"<p>Sorry, this entry is only available in Turkish. For the sake of viewer convenience, the content is shown below in the alternative language. You may click the link to switch the active language. D\u00fcnya&#8217;n\u0131n lider end\u00fcstri kurulu\u015flar\u0131ndan Atlas Copco, sekt\u00f6r\u00fcn geli\u015fimi i\u00e7in ger\u00e7ekle\u015ftirdi\u011fi AR-GE geli\u015ftirdi\u011fi devrim niteli\u011finde \u00fcretti\u011fi ilk silindirik yap\u0131l\u0131 nem giderici \u201cCerades\u201d teknolojisini [&hellip;]<\/p>\n","protected":false},"author":1,"featured_media":122956,"comment_status":"open","ping_status":"open","sticky":false,"template":"","format":"standard","meta":[],"categories":[51,53,52],"tags":[80650,81703,81704,81706,52259,58103,81707,57125,81705],"views":167,"_links":{"self":[{"href":"https:\/\/www.enerjigazetesi.ist\/en\/wp-json\/wp\/v2\/posts\/122953"}],"collection":[{"href":"https:\/\/www.enerjigazetesi.ist\/en\/wp-json\/wp\/v2\/posts"}],"about":[{"href":"https:\/\/www.enerjigazetesi.ist\/en\/wp-json\/wp\/v2\/types\/post"}],"author":[{"embeddable":true,"href":"https:\/\/www.enerjigazetesi.ist\/en\/wp-json\/wp\/v2\/users\/1"}],"replies":[{"embeddable":true,"href":"https:\/\/www.enerjigazetesi.ist\/en\/wp-json\/wp\/v2\/comments?post=122953"}],"version-history":[{"count":0,"href":"https:\/\/www.enerjigazetesi.ist\/en\/wp-json\/wp\/v2\/posts\/122953\/revisions"}],"wp:featuredmedia":[{"embeddable":true,"href":"https:\/\/www.enerjigazetesi.ist\/en\/wp-json\/wp\/v2\/media\/122956"}],"wp:attachment":[{"href":"https:\/\/www.enerjigazetesi.ist\/en\/wp-json\/wp\/v2\/media?parent=122953"}],"wp:term":[{"taxonomy":"category","embeddable":true,"href":"https:\/\/www.enerjigazetesi.ist\/en\/wp-json\/wp\/v2\/categories?post=122953"},{"taxonomy":"post_tag","embeddable":true,"href":"https:\/\/www.enerjigazetesi.ist\/en\/wp-json\/wp\/v2\/tags?post=122953"}],"curies":[{"name":"wp","href":"https:\/\/api.w.org\/{rel}","templated":true}]}}