{"id":122876,"date":"2020-11-03T13:19:54","date_gmt":"2020-11-03T10:19:54","guid":{"rendered":"https:\/\/www.enerjigazetesi.ist\/?p=122876"},"modified":"2020-11-03T13:29:31","modified_gmt":"2020-11-03T10:29:31","slug":"11inci-turkiye-enerji-zirvesi-23-24-kasim-2020-istanbulda-duzenleniyor","status":"publish","type":"post","link":"https:\/\/www.enerjigazetesi.ist\/en\/11inci-turkiye-enerji-zirvesi-23-24-kasim-2020-istanbulda-duzenleniyor\/","title":{"rendered":"(Turkish) 11&#8217;inci T\u00fcrkiye Enerji Zirvesi 23-24 Kas\u0131m 2020 \u0130stanbul&#8217;da D\u00fczenleniyor&#8230;"},"content":{"rendered":"<p class=\"qtranxs-available-languages-message qtranxs-available-languages-message-en\">Sorry, this entry is only available in <a href=\"https:\/\/www.enerjigazetesi.ist\/tr\/wp-json\/wp\/v2\/posts\/122876\" class=\"qtranxs-available-language-link qtranxs-available-language-link-tr\" title=\"Turkish\">Turkish<\/a>. For the sake of viewer convenience, the content is shown below in the alternative language. You may click the link to switch the active language.<\/p><p><\/p>\n<h1>T.C. Enerji ve Tabii Kaynaklar Bakanl\u0131\u011f\u0131\u2019n\u0131n himayelerinde ve Enerji Piyasas\u0131 D\u00fczenleme Kurulu (EPDK)\u2019n\u0131n destekleriyle d\u00fczenlenmekte olan T\u00fcrkiye Enerji Zirvesi her sene 1.500\u2019\u00fcn \u00fczerinde ulusal ve uluslararas\u0131 kat\u0131l\u0131mc\u0131y\u0131 T\u00fcrkiye ve b\u00f6lge \u00fclkelerinin kamu kurum ve kurulu\u015flar\u0131n\u0131n \u00fcst d\u00fczey isimleri ile bulu\u015ftururken yeni i\u015fbirli\u011fi imkanlar\u0131na da kap\u0131 aral\u0131yor.<\/h1>\n<p style=\"text-align: center;\"><img loading=\"lazy\" class=\"aligncenter wp-image-122881\" src=\"https:\/\/www.enerjigazetesi.ist\/wp-content\/uploads\/2020\/11\/11inci-turkiye-enerji-zirvesi-enerjinin-kalbi-istanbulda-atiyor-1.jpg\" alt=\"\" width=\"550\" height=\"146\" srcset=\"https:\/\/www.enerjigazetesi.ist\/wp-content\/uploads\/2020\/11\/11inci-turkiye-enerji-zirvesi-enerjinin-kalbi-istanbulda-atiyor-1.jpg 609w, https:\/\/www.enerjigazetesi.ist\/wp-content\/uploads\/2020\/11\/11inci-turkiye-enerji-zirvesi-enerjinin-kalbi-istanbulda-atiyor-1-300x80.jpg 300w, https:\/\/www.enerjigazetesi.ist\/wp-content\/uploads\/2020\/11\/11inci-turkiye-enerji-zirvesi-enerjinin-kalbi-istanbulda-atiyor-1-500x133.jpg 500w, https:\/\/www.enerjigazetesi.ist\/wp-content\/uploads\/2020\/11\/11inci-turkiye-enerji-zirvesi-enerjinin-kalbi-istanbulda-atiyor-1-80x21.jpg 80w\" sizes=\"(max-width: 550px) 100vw, 550px\" \/><\/p>\n<div class=\"content\">\n<div class=\"home-news bg-creme\">\n<div class=\"container py-5\">\n<div class=\"row\">\n<div class=\"col-xl-4 col-lg-4 col-md-6 col-sm-12 col-12 mb-4\">\n<p><strong>T\u00fcrkiye Enerji Zirvesi<\/strong> 2010 y\u0131l\u0131ndan itibaren t\u00fcm enerji sekt\u00f6r\u00fcn\u00fc bir araya getiren taraflar\u0131n <strong>g\u00fcncel konular\u0131 tart\u0131\u015fmas\u0131na<\/strong> ortam yaratan, kendine \u00f6zg\u00fc sergi alan\u0131yla firmalar\u0131n <strong>\u00fcr\u00fcn<\/strong> ve <strong>yeni teknolojileri<\/strong> tan\u0131tt\u0131\u011f\u0131, ba\u015fta <strong>elektrik<\/strong> ve <strong>do\u011fal gaz sekt\u00f6rleri<\/strong> olmak \u00fczere <strong>yenilenebilir enerji<\/strong> ve <strong>n\u00fckleer enerji<\/strong> alanlar\u0131nda birbirinden <strong>\u00f6nemli konu v<\/strong>e <strong>konuklar\u0131n<\/strong> kat\u0131l\u0131mlar\u0131yla ger\u00e7ekle\u015ftirilmektedir.<\/p>\n<\/div>\n<\/div>\n<\/div>\n<\/div>\n<\/div>\n<p><strong>23-24 Kas\u0131m 2020<\/strong>&#8216;de <strong>Hilton \u0130stanbul Bomonti Hotel &amp; Conference Center<\/strong>&#8216;da d\u00fczenlenecek <strong>T\u00fcrkiye Enerji Zirvesi<\/strong>; <strong>elektrik, do\u011fal gaz, akaryak\u0131t ve LPG piyasalar\u0131<\/strong>n\u0131 tek \u00e7at\u0131 alt\u0131nda toplayan ilk ve tek organizasyondur. Enerji piyasalar\u0131nda ya\u015fanan d\u00f6n\u00fc\u015f\u00fcm s\u00fcrecinin <strong>T\u00fcrkiye<\/strong> ve <strong>global enerji piyasalar\u0131<\/strong>na etkileri, gelecek trendleri, <strong>T\u00fcrkiye enerji piyasalar\u0131<\/strong>n\u0131n bu s\u00fcre\u00e7teki beklenti ve <img loading=\"lazy\" class=\"alignright wp-image-122880\" src=\"https:\/\/www.enerjigazetesi.ist\/wp-content\/uploads\/2020\/11\/11inci-turkiye-enerji-zirvesi-enerjinin-kalbi-istanbulda-atiyor.jpg\" alt=\"\" width=\"320\" height=\"181\" srcset=\"https:\/\/www.enerjigazetesi.ist\/wp-content\/uploads\/2020\/11\/11inci-turkiye-enerji-zirvesi-enerjinin-kalbi-istanbulda-atiyor.jpg 615w, https:\/\/www.enerjigazetesi.ist\/wp-content\/uploads\/2020\/11\/11inci-turkiye-enerji-zirvesi-enerjinin-kalbi-istanbulda-atiyor-300x170.jpg 300w, https:\/\/www.enerjigazetesi.ist\/wp-content\/uploads\/2020\/11\/11inci-turkiye-enerji-zirvesi-enerjinin-kalbi-istanbulda-atiyor-500x283.jpg 500w, https:\/\/www.enerjigazetesi.ist\/wp-content\/uploads\/2020\/11\/11inci-turkiye-enerji-zirvesi-enerjinin-kalbi-istanbulda-atiyor-80x45.jpg 80w\" sizes=\"(max-width: 320px) 100vw, 320px\" \/>gereksinimleri, dijitalle\u015fmenin sekt\u00f6rde yaratt\u0131\u011f\u0131 <strong>de\u011fi\u015fimler, enerji finansman ko\u015fullar\u0131<\/strong>ndaki de\u011fi\u015fim, <strong>yenilenebilir enerji d\u00f6n\u00fc\u015f\u00fcm\u00fc<\/strong> ile T\u00fcrkiye\u2019yi yak\u0131ndan ilgilendiren <strong>Do\u011fu Akdeniz<\/strong> ve <strong>Orta Do\u011fu\u2019da<\/strong> ya\u015fanan ve enerji piyasalar\u0131n\u0131 etkileyen konular t\u00fcm boyutlar\u0131 ile ele al\u0131n\u0131yor. T\u00fcrkiye Enerji Zirvesi kat\u0131l\u0131mc\u0131lar\u0131n ve karar al\u0131c\u0131lar\u0131n gelecek \u00f6ng\u00f6r\u00fclerine katk\u0131 sa\u011flarken b\u00f6lgede <strong>yeni i\u015f birliklerinin kurulmas\u0131<\/strong>na imkan sa\u011flamay\u0131 ama\u00e7l\u0131yor.<\/p>\n<h2>Bu y\u0131l 5&#8217;inci ISTRADE Enerji Ticareti ve Tedari\u011fi Zirvesi ile birle\u015ftirilen zirve kapsam\u0131nda ele al\u0131nacak konulardan baz\u0131lar\u0131 ise:<\/h2>\n<p>&#8211; <strong>Covid-19 pandemisi<\/strong>nin <strong>T\u00fcrkiye elektrik piyasas\u0131<\/strong>na etkisi<\/p>\n<p>&#8211; <strong>Covid-19 pandemisi<\/strong>nin <strong>d\u00fcnya ekonomisi<\/strong> ve <strong>sermaye piyasalar\u0131na<\/strong> etkileri<\/p>\n<p>&#8211; <strong>Sakarya gaz sahas\u0131 ke\u015ffi<\/strong> ve <strong>T\u00fcrkiye do\u011fal gaz piyasas\u0131<\/strong>na etkileri<\/p>\n<p>&#8211; <strong>Mini YEKA-Yeni YEKDEM<\/strong> ve <strong>YEKA<\/strong>\u2019lar ekseninde <strong>yenilenebilir enerji yat\u0131r\u0131mlar\u0131<\/strong> i\u00e7in piyasa ve gelecek beklentileri<\/p>\n<p>&#8211; T\u00fcrkiye <strong>elektrik piyasas\u0131nda \u00fcretim, ticaret <\/strong>ve<strong> da\u011f\u0131t\u0131m<\/strong>: sorunlar ve gelecek beklentileri<\/p>\n<p>&#8211; <strong>Covid-19 pandemisi<\/strong> ve k\u00fcresel ekonomik geli\u015fmeler \u0131\u015f\u0131\u011f\u0131nda <strong>enerji yat\u0131r\u0131m finansman\u0131<\/strong><\/p>\n<p>&#8211; G\u00fcncel geli\u015fmeler \u0131\u015f\u0131\u011f\u0131nda <strong>T\u00fcrkiye akaryak\u0131t piyasas\u0131<\/strong><\/p>\n<p>&#8211; <strong>Elektrikli ara\u00e7lar<\/strong>, <em>gelecek trendleri, d\u00fczenleyici perspektif ve T\u00fcrkiye<\/em><\/p>\n<p>&#8211; <strong>Alternatif yak\u0131t teknolojileri<\/strong>ndeki geli\u015fim ekseninde <strong>LPG\u2019nin gelece\u011fi<\/strong> ve <strong>T\u00fcrkiye LPG piyasas\u0131<\/strong><\/p>\n<p>&#8211; <strong>T\u00fcrkiye do\u011fal gaz piyasas\u0131<\/strong>: g\u00fcncel durum, gelece\u011fe bak\u0131\u015f ve de\u011fi\u015fen trendler<\/p>\n<p><strong>Daha Detayl\u0131 Bilgi \u0130\u00e7in:<\/strong>\u00a0<a href=\"http:\/\/turkeyenergysummit.com\/tr\/index.html\" target=\"_blank\" rel=\"nofollow noopener\">http:\/\/turkeyenergysummit.com\/tr\/index.html<\/a> adresini ziyaret edebilirsiniz.<\/p>","protected":false},"excerpt":{"rendered":"<p>Sorry, this entry is only available in Turkish. For the sake of viewer convenience, the content is shown below in the alternative language. You may click the link to switch the active language. T.C. Enerji ve Tabii Kaynaklar Bakanl\u0131\u011f\u0131\u2019n\u0131n himayelerinde ve Enerji Piyasas\u0131 D\u00fczenleme Kurulu (EPDK)\u2019n\u0131n destekleriyle d\u00fczenlenmekte olan T\u00fcrkiye Enerji Zirvesi her sene 1.500\u2019\u00fcn [&hellip;]<\/p>\n","protected":false},"author":1,"featured_media":122880,"comment_status":"open","ping_status":"open","sticky":false,"template":"","format":"standard","meta":[],"categories":[46,51,53,52,49,44,50],"tags":[81645,52407,58539,72842,53114,54965,63838,52259,63729,81646,57125,39590,81647,426,81648,25578,28116,1245],"views":166,"_links":{"self":[{"href":"https:\/\/www.enerjigazetesi.ist\/en\/wp-json\/wp\/v2\/posts\/122876"}],"collection":[{"href":"https:\/\/www.enerjigazetesi.ist\/en\/wp-json\/wp\/v2\/posts"}],"about":[{"href":"https:\/\/www.enerjigazetesi.ist\/en\/wp-json\/wp\/v2\/types\/post"}],"author":[{"embeddable":true,"href":"https:\/\/www.enerjigazetesi.ist\/en\/wp-json\/wp\/v2\/users\/1"}],"replies":[{"embeddable":true,"href":"https:\/\/www.enerjigazetesi.ist\/en\/wp-json\/wp\/v2\/comments?post=122876"}],"version-history":[{"count":1,"href":"https:\/\/www.enerjigazetesi.ist\/en\/wp-json\/wp\/v2\/posts\/122876\/revisions"}],"predecessor-version":[{"id":122877,"href":"https:\/\/www.enerjigazetesi.ist\/en\/wp-json\/wp\/v2\/posts\/122876\/revisions\/122877"}],"wp:featuredmedia":[{"embeddable":true,"href":"https:\/\/www.enerjigazetesi.ist\/en\/wp-json\/wp\/v2\/media\/122880"}],"wp:attachment":[{"href":"https:\/\/www.enerjigazetesi.ist\/en\/wp-json\/wp\/v2\/media?parent=122876"}],"wp:term":[{"taxonomy":"category","embeddable":true,"href":"https:\/\/www.enerjigazetesi.ist\/en\/wp-json\/wp\/v2\/categories?post=122876"},{"taxonomy":"post_tag","embeddable":true,"href":"https:\/\/www.enerjigazetesi.ist\/en\/wp-json\/wp\/v2\/tags?post=122876"}],"curies":[{"name":"wp","href":"https:\/\/api.w.org\/{rel}","templated":true}]}}