{"id":122825,"date":"2020-11-02T13:44:48","date_gmt":"2020-11-02T10:44:48","guid":{"rendered":"https:\/\/www.enerjigazetesi.ist\/?p=122825"},"modified":"2020-11-02T13:57:18","modified_gmt":"2020-11-02T10:57:18","slug":"turkiye-ruzgar-enerjisi-kongresi-turekhome-adiyla-dijitale-tasiniyor","status":"publish","type":"post","link":"https:\/\/www.enerjigazetesi.ist\/en\/turkiye-ruzgar-enerjisi-kongresi-turekhome-adiyla-dijitale-tasiniyor\/","title":{"rendered":"(Turkish) T\u00fcrkiye R\u00fczgar Enerjisi Kongresi &#8216;T\u00dcREK@home&#8217; Ad\u0131yla Dijitale Ta\u015f\u0131n\u0131yor!"},"content":{"rendered":"<p class=\"qtranxs-available-languages-message qtranxs-available-languages-message-en\">Sorry, this entry is only available in <a href=\"https:\/\/www.enerjigazetesi.ist\/tr\/wp-json\/wp\/v2\/posts\/122825\" class=\"qtranxs-available-language-link qtranxs-available-language-link-tr\" title=\"Turkish\">Turkish<\/a>. For the sake of viewer convenience, the content is shown below in the alternative language. You may click the link to switch the active language.<\/p><p><\/p>\n<h1><strong>\u201cT\u00dcREK@home\u201d <\/strong>panellerinin ilki <strong>25 Kas\u0131m 2020\u2019de<\/strong> yap\u0131lacak \u201c\u201d<strong>A\u00e7\u0131l\u0131\u015f Oturumu: R\u00fczgar S\u00f6yle\u015fisi\u201d <\/strong>konusu ile <strong>Enerji ve Tabii Kaynaklar Bakan\u0131 Fatih D\u00f6nmez, Sanayi ve Teknoloji Bakan\u0131 Mustafa Varank<\/strong> (tb), <strong>TBMM Sanayi, Ticaret, Enerji, Tabii Kaynaklar, Bilgi ve Teknoloji Komisyonu Ba\u015fkan\u0131 Mustafa Elita\u015f <\/strong>ve<strong> EPDK Ba\u015fkan\u0131 Mustafa Y\u0131lmaz <\/strong>kat\u0131l\u0131mlar\u0131yla ba\u015flayacak.<\/h1>\n<p><strong>T\u00fcrkiye R\u00fczgar Enerjisi Birli\u011fi (T\u00dcREB)<\/strong>, i\u00e7inde bulundu\u011fumuz <strong>koronavir\u00fcs salg\u0131n s\u00fcreci<\/strong>nde t\u00fcm y\u0131l boyunca &#8216;r\u00fczgar&#8217; konu\u015fabilme f\u0131rsat\u0131 sunacak bir dijital platform olu\u015fturdu. Daha evvel her y\u0131l <img loading=\"lazy\" class=\"alignright wp-image-122829\" src=\"https:\/\/www.enerjigazetesi.ist\/wp-content\/uploads\/2020\/11\/turkiye-ruzgar-enerjisi-kongresi-turekhome-adiyla-dijitale-tasiniyor-1.jpg\" alt=\"\" width=\"320\" height=\"323\" srcset=\"https:\/\/www.enerjigazetesi.ist\/wp-content\/uploads\/2020\/11\/turkiye-ruzgar-enerjisi-kongresi-turekhome-adiyla-dijitale-tasiniyor-1.jpg 483w, https:\/\/www.enerjigazetesi.ist\/wp-content\/uploads\/2020\/11\/turkiye-ruzgar-enerjisi-kongresi-turekhome-adiyla-dijitale-tasiniyor-1-150x150.jpg 150w, https:\/\/www.enerjigazetesi.ist\/wp-content\/uploads\/2020\/11\/turkiye-ruzgar-enerjisi-kongresi-turekhome-adiyla-dijitale-tasiniyor-1-297x300.jpg 297w, https:\/\/www.enerjigazetesi.ist\/wp-content\/uploads\/2020\/11\/turkiye-ruzgar-enerjisi-kongresi-turekhome-adiyla-dijitale-tasiniyor-1-396x400.jpg 396w, https:\/\/www.enerjigazetesi.ist\/wp-content\/uploads\/2020\/11\/turkiye-ruzgar-enerjisi-kongresi-turekhome-adiyla-dijitale-tasiniyor-1-49x50.jpg 49w, https:\/\/www.enerjigazetesi.ist\/wp-content\/uploads\/2020\/11\/turkiye-ruzgar-enerjisi-kongresi-turekhome-adiyla-dijitale-tasiniyor-1-100x100.jpg 100w\" sizes=\"(max-width: 320px) 100vw, 320px\" \/>fiziksel ortamda geni\u015f kat\u0131l\u0131mla yap\u0131lan <strong>T\u00fcrkiye R\u00fczgar Enerjisi Kongresi T\u00dcREK<\/strong>, \u201c<strong>T\u00dcREK@home<\/strong>\u201d ad\u0131 ve \u201c<strong>R\u00fczgar Bize Yeter<\/strong>\u201d mottosuyla <a href=\"http:\/\/www.turek.org.tr\/\" target=\"_blank\" rel=\"nofollow noopener\">www.turek.org.tr<\/a> adresi \u00fczerinden ger\u00e7ekle\u015ftirilecek. <strong>25 Kas\u0131m 2020<\/strong> tarihinden ba\u015flayarak her iki ayda bir d\u00fczenlenecek olan toplamda be\u015f panel ile, r\u00fczgar enerjisi sekt\u00f6r\u00fc i\u00e7in \u00f6nem arz eden t\u00fcm konular kamu ve \u00f6zel sekt\u00f6rden \u00f6nde gelen konuklarla birlikte ele al\u0131nacak. <strong>Paneller<\/strong> ve bir <strong>g\u00fcnl\u00fck<\/strong> sanal fuar, <a href=\"http:\/\/www.turek.org.tr\/\" target=\"_blank\" rel=\"nofollow noopener\">www.turek.org.tr<\/a> adresi \u00fczerinden <strong>canl\u0131 olarak<\/strong> yay\u0131nlanacak.<\/p>\n<p>\u201c<strong>T\u00dcREK@home<\/strong>\u201d <strong>Paneller Serisi<\/strong>\u2019nin takvimi ise <span style=\"text-decoration: underline;\">\u015f\u00f6yle belirlendi:<\/span><\/p>\n<p>&#8211; <strong>25 Kas\u0131m 2020<\/strong> \u2013 A\u00e7\u0131l\u0131\u015f Toplant\u0131s\u0131: R\u00fczgar S\u00f6yle\u015fisi<\/p>\n<p>&#8211; <strong>27 Ocak 2021<\/strong> \u2013 K\u00fcresel G\u00f6r\u00fcn\u00fcm: Yenilikler ve F\u0131rsatlar<\/p>\n<p>&#8211; <strong>24 Mart 2021<\/strong>&#8211; TR R\u00fczgar Piyasas\u0131 G\u00f6r\u00fcn\u00fcm\u00fc: Yerli ve K\u00fcresel Pazarlardan \u00c7\u0131kar\u0131lan Dersler &amp; \u0130\u015f Modeli Kar\u015f\u0131la\u015ft\u0131rmalar\u0131<\/p>\n<p>&#8211; <strong>26 May\u0131s 2021<\/strong> \u2013 \u0130lk YEKA Deneyimleri ve Gelecekteki Kapasite Tahsis Modelleri<\/p>\n<p>&#8211; <strong>28 Temmuz 2021<\/strong> \u2013 T\u00fcrkiye Tedarik Zincirine Genel Bak\u0131\u015f<\/p>\n<p>T\u00dcREB ad\u0131na konuyla ilgili bilgi veren Kongre Ba\u015fkan\u0131 <strong>Hakan Y\u0131ld\u0131r\u0131m<\/strong> <span style=\"text-decoration: underline;\">\u015funlar\u0131 s\u00f6yledi:<\/span> \u201c<strong>Koronavir\u00fcs salg\u0131n\u0131<\/strong> ile fosil yak\u0131tlardan enerji \u00fcretiminde h\u0131zla d\u00fc\u015f\u00fc\u015f ya\u015fanan d\u00fcnyada temiz ve ucuz kaynaklara y\u00f6nelim art\u0131yor. Ba\u015fta <strong>Uluslararas\u0131 Enerji Ajans\u0131<\/strong> olmak \u00fczere ilgili t\u00fcm enerji kurulu\u015flar\u0131 da bu gidi\u015fin alt\u0131n\u0131 kal\u0131n bir \u015fekilde \u00e7iziyor. <strong>Yenilenebilir enerji kaynaklar\u0131<\/strong>nda ba\u015f\u0131 \u00e7eken <strong>r\u00fczgar enerjisi sekt\u00f6r\u00fc<\/strong> <strong>ise, kar\u015f\u0131la\u015ft\u0131\u011f\u0131 pek \u00e7ok zorlu\u011fa ra\u011fmen g\u00f6sterdi\u011fi b\u00fcy\u00fcme ile d\u00fcnyada ve \u00fclkemizde dayan\u0131kl\u0131l\u0131\u011f\u0131n\u0131 kan\u0131tlad\u0131<\/strong>. \u00d6yle ki, <strong>2020 y\u0131l\u0131<\/strong> ilk yar\u0131s\u0131nda T\u00fcrkiye\u2019nin hemen her yerinde toplam 197 santralde faaliyette olan <strong>3.351 t\u00fcrbin<\/strong> ile enerji ihtiyac\u0131m\u0131z\u0131n zaman zaman <strong>% 10<\/strong>\u2019undan fazlas\u0131n\u0131 r\u00fczgardan kar\u015f\u0131lam\u0131\u015f olduk. \u00dclkemizin halihaz\u0131rda i\u015fletmedeki <strong>8.299 MW<\/strong>\u2019l\u0131k RES kurulu g\u00fcc\u00fcn\u00fcn <strong>2021<\/strong> sonunda <strong>10 GW<\/strong>\u2019\u0131n \u00fcst\u00fcne \u00e7\u0131kmas\u0131n\u0131 \u00f6ng\u00f6r\u00fcyoruz. <strong>Salg\u0131n s\u00fcrecini r\u00fczgar sekt\u00f6r\u00fc<\/strong> ad\u0131na bir f\u0131rsat olarak kullanmak istedik ve her y\u0131l d\u00fczenledi\u011fimiz <strong>T\u00dcREK etkinli\u011fi<\/strong>mizi g\u00fcn\u00fcn gereklerine uygun olarak dijital ortama ta\u015f\u0131d\u0131k. <strong>Tek seferde yapmak<\/strong> yerine Kongre\u2019yi t\u00fcm y\u0131la yayarak bir y\u0131l boyunca <strong>\u201cr\u00fczgar\u201d sekt\u00f6r\u00fc<\/strong>n\u00fc konu\u015fma f\u0131rsat\u0131m\u0131z olacak. B\u00f6ylece sekt\u00f6r i\u00e7in <strong>\u00f6nem arz eden konular\u0131<\/strong> ve<strong> ihtiya\u00e7lar\u0131n\u0131<\/strong> g\u00fcndemde tutaca\u011f\u0131z.\u201d<\/p>","protected":false},"excerpt":{"rendered":"<p>Sorry, this entry is only available in Turkish. For the sake of viewer convenience, the content is shown below in the alternative language. You may click the link to switch the active language. \u201cT\u00dcREK@home\u201d panellerinin ilki 25 Kas\u0131m 2020\u2019de yap\u0131lacak \u201c\u201dA\u00e7\u0131l\u0131\u015f Oturumu: R\u00fczgar S\u00f6yle\u015fisi\u201d konusu ile Enerji ve Tabii Kaynaklar Bakan\u0131 Fatih D\u00f6nmez, Sanayi ve [&hellip;]<\/p>\n","protected":false},"author":1,"featured_media":122827,"comment_status":"open","ping_status":"open","sticky":false,"template":"","format":"standard","meta":[],"categories":[51,53,50],"tags":[52259,66104,81616,53282,81615,54979,81613,81614,60295,6644,1022,508],"views":192,"_links":{"self":[{"href":"https:\/\/www.enerjigazetesi.ist\/en\/wp-json\/wp\/v2\/posts\/122825"}],"collection":[{"href":"https:\/\/www.enerjigazetesi.ist\/en\/wp-json\/wp\/v2\/posts"}],"about":[{"href":"https:\/\/www.enerjigazetesi.ist\/en\/wp-json\/wp\/v2\/types\/post"}],"author":[{"embeddable":true,"href":"https:\/\/www.enerjigazetesi.ist\/en\/wp-json\/wp\/v2\/users\/1"}],"replies":[{"embeddable":true,"href":"https:\/\/www.enerjigazetesi.ist\/en\/wp-json\/wp\/v2\/comments?post=122825"}],"version-history":[{"count":0,"href":"https:\/\/www.enerjigazetesi.ist\/en\/wp-json\/wp\/v2\/posts\/122825\/revisions"}],"wp:featuredmedia":[{"embeddable":true,"href":"https:\/\/www.enerjigazetesi.ist\/en\/wp-json\/wp\/v2\/media\/122827"}],"wp:attachment":[{"href":"https:\/\/www.enerjigazetesi.ist\/en\/wp-json\/wp\/v2\/media?parent=122825"}],"wp:term":[{"taxonomy":"category","embeddable":true,"href":"https:\/\/www.enerjigazetesi.ist\/en\/wp-json\/wp\/v2\/categories?post=122825"},{"taxonomy":"post_tag","embeddable":true,"href":"https:\/\/www.enerjigazetesi.ist\/en\/wp-json\/wp\/v2\/tags?post=122825"}],"curies":[{"name":"wp","href":"https:\/\/api.w.org\/{rel}","templated":true}]}}