{"id":122760,"date":"2020-10-31T12:37:56","date_gmt":"2020-10-31T09:37:56","guid":{"rendered":"https:\/\/www.enerjigazetesi.ist\/?p=122760"},"modified":"2020-10-31T12:44:28","modified_gmt":"2020-10-31T09:44:28","slug":"ulkemizin-herhangi-bir-bolgesi-nde-yikici-deprem-olasiligi-cok-yuksek","status":"publish","type":"post","link":"https:\/\/www.enerjigazetesi.ist\/en\/ulkemizin-herhangi-bir-bolgesi-nde-yikici-deprem-olasiligi-cok-yuksek\/","title":{"rendered":"(Turkish) &#8221;\u00dclkemizin Herhangi bir B\u00f6lgesinde Y\u0131k\u0131c\u0131 Deprem Olas\u0131l\u0131\u011f\u0131 \u00c7ok Y\u00fcksek&#8221;"},"content":{"rendered":"<p class=\"qtranxs-available-languages-message qtranxs-available-languages-message-en\">Sorry, this entry is only available in <a href=\"https:\/\/www.enerjigazetesi.ist\/tr\/wp-json\/wp\/v2\/posts\/122760\" class=\"qtranxs-available-language-link qtranxs-available-language-link-tr\" title=\"Turkish\">Turkish<\/a>. For the sake of viewer convenience, the content is shown below in the alternative language. You may click the link to switch the active language.<\/p><p><\/p>\n<h1>Is\u0131 Su Ses ve Yang\u0131n Yal\u0131t\u0131mc\u0131lar\u0131 Derne\u011fi <img loading=\"lazy\" class=\"alignright wp-image-122762\" src=\"https:\/\/www.enerjigazetesi.ist\/wp-content\/uploads\/2020\/10\/ulkemizin-herhangi-bir-bolgesinde-yikici-deprem-olasiligi-cok-yuksek.jpg\" alt=\"\" width=\"320\" height=\"237\" srcset=\"https:\/\/www.enerjigazetesi.ist\/wp-content\/uploads\/2020\/10\/ulkemizin-herhangi-bir-bolgesinde-yikici-deprem-olasiligi-cok-yuksek.jpg 658w, https:\/\/www.enerjigazetesi.ist\/wp-content\/uploads\/2020\/10\/ulkemizin-herhangi-bir-bolgesinde-yikici-deprem-olasiligi-cok-yuksek-300x222.jpg 300w, https:\/\/www.enerjigazetesi.ist\/wp-content\/uploads\/2020\/10\/ulkemizin-herhangi-bir-bolgesinde-yikici-deprem-olasiligi-cok-yuksek-500x371.jpg 500w, https:\/\/www.enerjigazetesi.ist\/wp-content\/uploads\/2020\/10\/ulkemizin-herhangi-bir-bolgesinde-yikici-deprem-olasiligi-cok-yuksek-67x50.jpg 67w\" sizes=\"(max-width: 320px) 100vw, 320px\" \/>\u0130ZODER, \u0130zmir\u2019de meydana gelen ve geni\u015f bir b\u00f6lgeyi etkileyen deprem ile ilgili a\u00e7\u0131klama yapt\u0131.<\/h1>\n<p><strong>\u0130ZODER<\/strong> Y\u00f6netim Kurulu Ba\u015fkan\u0131<strong> Levent G\u00f6k\u00e7e<\/strong>, \u201cDepremde hayat\u0131n\u0131 kaybeden vatanda\u015flar\u0131m\u0131za <strong>Allah\u2019tan rahmet<\/strong>, yaralananlara <strong>acil \u015fifalar<\/strong> diliyoruz. B\u00f6lgedeki <strong>t\u00fcm vatanda\u015flar\u0131m\u0131za<\/strong> ge\u00e7mi\u015f olsun.<\/p>\n<p><strong>\u0130zmir depremi<\/strong>, \u00fclkemizin herhangi bir b\u00f6lgesinde <strong>orta b\u00fcy\u00fckl\u00fckte<\/strong> veya <strong>y\u0131k\u0131c\u0131 nitelikte<\/strong> bir depremin meydana gelme olas\u0131l\u0131\u011f\u0131 <strong>\u00e7ok y\u00fcksek oldu\u011funu<\/strong> g\u00f6stermi\u015ftir. Dolay\u0131s\u0131yla <strong>depremle ya\u015famay\u0131<\/strong> \u00f6\u011frenmeliyiz. Yapmam\u0131z gereken <strong>T\u00fcrkiye\u2019nin deprem ku\u015fa\u011f\u0131nda<\/strong> oldu\u011fu bilinciyle <strong>hareket etmek<\/strong> ve <strong>gerekli \u00f6nlemleri<\/strong> almakt\u0131r\u201d ifadelerini kulland\u0131.<\/p>","protected":false},"excerpt":{"rendered":"<p>Sorry, this entry is only available in Turkish. For the sake of viewer convenience, the content is shown below in the alternative language. You may click the link to switch the active language. Is\u0131 Su Ses ve Yang\u0131n Yal\u0131t\u0131mc\u0131lar\u0131 Derne\u011fi \u0130ZODER, \u0130zmir\u2019de meydana gelen ve geni\u015f bir b\u00f6lgeyi etkileyen deprem ile ilgili a\u00e7\u0131klama yapt\u0131. \u0130ZODER [&hellip;]<\/p>\n","protected":false},"author":1,"featured_media":122764,"comment_status":"open","ping_status":"open","sticky":false,"template":"","format":"standard","meta":[],"categories":[53,52],"tags":[81576,52259,25455,81575,76929,675,65651,43363,81577],"views":171,"_links":{"self":[{"href":"https:\/\/www.enerjigazetesi.ist\/en\/wp-json\/wp\/v2\/posts\/122760"}],"collection":[{"href":"https:\/\/www.enerjigazetesi.ist\/en\/wp-json\/wp\/v2\/posts"}],"about":[{"href":"https:\/\/www.enerjigazetesi.ist\/en\/wp-json\/wp\/v2\/types\/post"}],"author":[{"embeddable":true,"href":"https:\/\/www.enerjigazetesi.ist\/en\/wp-json\/wp\/v2\/users\/1"}],"replies":[{"embeddable":true,"href":"https:\/\/www.enerjigazetesi.ist\/en\/wp-json\/wp\/v2\/comments?post=122760"}],"version-history":[{"count":0,"href":"https:\/\/www.enerjigazetesi.ist\/en\/wp-json\/wp\/v2\/posts\/122760\/revisions"}],"wp:featuredmedia":[{"embeddable":true,"href":"https:\/\/www.enerjigazetesi.ist\/en\/wp-json\/wp\/v2\/media\/122764"}],"wp:attachment":[{"href":"https:\/\/www.enerjigazetesi.ist\/en\/wp-json\/wp\/v2\/media?parent=122760"}],"wp:term":[{"taxonomy":"category","embeddable":true,"href":"https:\/\/www.enerjigazetesi.ist\/en\/wp-json\/wp\/v2\/categories?post=122760"},{"taxonomy":"post_tag","embeddable":true,"href":"https:\/\/www.enerjigazetesi.ist\/en\/wp-json\/wp\/v2\/tags?post=122760"}],"curies":[{"name":"wp","href":"https:\/\/api.w.org\/{rel}","templated":true}]}}