{"id":122744,"date":"2020-10-30T14:31:02","date_gmt":"2020-10-30T11:31:02","guid":{"rendered":"https:\/\/www.enerjigazetesi.ist\/?p=122744"},"modified":"2020-10-30T14:31:12","modified_gmt":"2020-10-30T11:31:12","slug":"29-ekim-cumhuriyet-bayraminda-19-23te-istiklal-marsi-coskusu-yasandi","status":"publish","type":"post","link":"https:\/\/www.enerjigazetesi.ist\/en\/29-ekim-cumhuriyet-bayraminda-19-23te-istiklal-marsi-coskusu-yasandi\/","title":{"rendered":"(Turkish) 29 Ekim Cumhuriyet Bayram\u0131nda 19.23&#8217;te \u0130stiklal Mar\u015f\u0131 Co\u015fkusu Ya\u015fand\u0131!"},"content":{"rendered":"<p class=\"qtranxs-available-languages-message qtranxs-available-languages-message-en\">Sorry, this entry is only available in <a href=\"https:\/\/www.enerjigazetesi.ist\/tr\/wp-json\/wp\/v2\/posts\/122744\" class=\"qtranxs-available-language-link qtranxs-available-language-link-tr\" title=\"Turkish\">Turkish<\/a>. For the sake of viewer convenience, the content is shown below in the alternative language. You may click the link to switch the active language.<\/p><p><\/p>\n<h1><strong>Cumhuriyet Bayram\u0131 kutlamalar\u0131 kapsam\u0131nda, Kad\u0131k\u00f6yl\u00fcler saatler 19.23\u2019\u00fc g\u00f6sterdi\u011finde hep bir a\u011f\u0131zdan \u0130stiklal <img loading=\"lazy\" class=\"alignright wp-image-122746\" src=\"https:\/\/www.enerjigazetesi.ist\/wp-content\/uploads\/2020\/10\/29-ekim-cumhuriyet-bayraminda-19-23te-istiklal-marsi-coskusu-yasandi-2.jpg\" alt=\"\" width=\"320\" height=\"200\" srcset=\"https:\/\/www.enerjigazetesi.ist\/wp-content\/uploads\/2020\/10\/29-ekim-cumhuriyet-bayraminda-19-23te-istiklal-marsi-coskusu-yasandi-2.jpg 623w, https:\/\/www.enerjigazetesi.ist\/wp-content\/uploads\/2020\/10\/29-ekim-cumhuriyet-bayraminda-19-23te-istiklal-marsi-coskusu-yasandi-2-300x187.jpg 300w, https:\/\/www.enerjigazetesi.ist\/wp-content\/uploads\/2020\/10\/29-ekim-cumhuriyet-bayraminda-19-23te-istiklal-marsi-coskusu-yasandi-2-500x312.jpg 500w, https:\/\/www.enerjigazetesi.ist\/wp-content\/uploads\/2020\/10\/29-ekim-cumhuriyet-bayraminda-19-23te-istiklal-marsi-coskusu-yasandi-2-80x50.jpg 80w\" sizes=\"(max-width: 320px) 100vw, 320px\" \/>Mar\u015f\u0131\u2019n\u0131 okudu.<\/strong><\/h1>\n<p>Her y\u0131l <strong>geleneksel<\/strong> olarak d\u00fczenlenen <strong>Cumhuriyet Y\u00fcr\u00fcy\u00fc\u015f\u00fc<\/strong> pandemi nedeniyle bu y\u0131l <strong>kol kola, omuz omuza<\/strong> d\u00fczenlenemedi. Ancak<strong> pandemi \u00f6nlemleri<\/strong>ni g\u00f6zeten <strong>Kad\u0131k\u00f6y Belediyesi<\/strong>, y\u00fcr\u00fcy\u00fc\u015f yerine <strong>Cumhuriyet T\u0131r\u0131 \u00f6nc\u00fcl\u00fc\u011f\u00fc<\/strong>nde olu\u015fan ara\u00e7 konvoyu ile<strong> Cumhuriyet Bayram\u0131<\/strong>n\u0131 her y\u0131l oldu\u011fu gibi bu y\u0131l da co\u015fkuyla kutlad\u0131.<strong> \u201cDaima Cumhuriyet\u201d<\/strong> slogan\u0131yla ilerleyen <strong>Cumhuriyet T\u0131r\u0131ndan mar\u015flar<\/strong> ve <strong>\u015fark\u0131lar<\/strong> \u00e7al\u0131nd\u0131. <strong>T\u0131ra<\/strong> uzun bir <strong>ara\u00e7 konvoyu<\/strong> e\u015flik etti. Saat<strong> 19.00\u2019da<\/strong> Suadiye\u2019den hareket eden Cumhuriyet T\u0131r\u0131ndan saatler <strong>19.23\u2019\u00fc<\/strong> g\u00f6sterdi\u011finde <strong>\u0130stiklal Mar\u015f\u0131<\/strong> y\u00fckseldi. <strong>Ba\u011fdat Caddesi<\/strong>nde bulunan yurtta\u015flar hep bir a\u011f\u0131zdan <strong>\u0130stiklal Mar\u015f\u0131<\/strong>\u2019na e\u015flik etti. Cumhuriyet sevdal\u0131lar\u0131 <strong>evlerinin pencerelerinden, balkonlar\u0131ndan<\/strong> sallad\u0131klar\u0131 <strong>T\u00fcrk Bayraklar\u0131<\/strong> ile <strong>Cumhuriyet co\u015fkusuna<\/strong> kat\u0131ld\u0131.<\/p>","protected":false},"excerpt":{"rendered":"<p>Sorry, this entry is only available in Turkish. For the sake of viewer convenience, the content is shown below in the alternative language. You may click the link to switch the active language. Cumhuriyet Bayram\u0131 kutlamalar\u0131 kapsam\u0131nda, Kad\u0131k\u00f6yl\u00fcler saatler 19.23\u2019\u00fc g\u00f6sterdi\u011finde hep bir a\u011f\u0131zdan \u0130stiklal Mar\u015f\u0131\u2019n\u0131 okudu. Her y\u0131l geleneksel olarak d\u00fczenlenen Cumhuriyet Y\u00fcr\u00fcy\u00fc\u015f\u00fc pandemi [&hellip;]<\/p>\n","protected":false},"author":1,"featured_media":122747,"comment_status":"open","ping_status":"open","sticky":false,"template":"","format":"standard","meta":[],"categories":[51,53],"tags":[19201,81562,81563,81561,81559,52259,60686,5416,81560],"views":93,"_links":{"self":[{"href":"https:\/\/www.enerjigazetesi.ist\/en\/wp-json\/wp\/v2\/posts\/122744"}],"collection":[{"href":"https:\/\/www.enerjigazetesi.ist\/en\/wp-json\/wp\/v2\/posts"}],"about":[{"href":"https:\/\/www.enerjigazetesi.ist\/en\/wp-json\/wp\/v2\/types\/post"}],"author":[{"embeddable":true,"href":"https:\/\/www.enerjigazetesi.ist\/en\/wp-json\/wp\/v2\/users\/1"}],"replies":[{"embeddable":true,"href":"https:\/\/www.enerjigazetesi.ist\/en\/wp-json\/wp\/v2\/comments?post=122744"}],"version-history":[{"count":0,"href":"https:\/\/www.enerjigazetesi.ist\/en\/wp-json\/wp\/v2\/posts\/122744\/revisions"}],"wp:featuredmedia":[{"embeddable":true,"href":"https:\/\/www.enerjigazetesi.ist\/en\/wp-json\/wp\/v2\/media\/122747"}],"wp:attachment":[{"href":"https:\/\/www.enerjigazetesi.ist\/en\/wp-json\/wp\/v2\/media?parent=122744"}],"wp:term":[{"taxonomy":"category","embeddable":true,"href":"https:\/\/www.enerjigazetesi.ist\/en\/wp-json\/wp\/v2\/categories?post=122744"},{"taxonomy":"post_tag","embeddable":true,"href":"https:\/\/www.enerjigazetesi.ist\/en\/wp-json\/wp\/v2\/tags?post=122744"}],"curies":[{"name":"wp","href":"https:\/\/api.w.org\/{rel}","templated":true}]}}