{"id":12270,"date":"2013-06-24T16:31:20","date_gmt":"2013-06-24T13:31:20","guid":{"rendered":"https:\/\/www.enerjigazetesi.ist\/?p=12270"},"modified":"2013-06-24T16:31:20","modified_gmt":"2013-06-24T13:31:20","slug":"gunes-enerjisi-ile-aydinlanacak-park-yapiliyor","status":"publish","type":"post","link":"https:\/\/www.enerjigazetesi.ist\/en\/gunes-enerjisi-ile-aydinlanacak-park-yapiliyor\/","title":{"rendered":"(Turkish) G\u00fcne\u015f Enerjisi ile Ayd\u0131nlanacak Park Yap\u0131l\u0131yor&#8230;"},"content":{"rendered":"<p class=\"qtranxs-available-languages-message qtranxs-available-languages-message-en\">Sorry, this entry is only available in <a href=\"https:\/\/www.enerjigazetesi.ist\/tr\/wp-json\/wp\/v2\/posts\/12270\" class=\"qtranxs-available-language-link qtranxs-available-language-link-tr\" title=\"Turkish\">Turkish<\/a>. For the sake of viewer convenience, the content is shown below in the alternative language. You may click the link to switch the active language.<\/p><p><strong>Karaman&#8217;\u0131n en b\u00fcy\u00fck ye\u015fil alan\u0131 olma \u00f6zelli\u011fi ta\u015f\u0131yacak olan Mir Ali Park\u0131&#8217;n\u0131n t\u00fcm ayd\u0131nlatma sistemleri g\u00fcne\u015f enerjisi ile yap\u0131lacak. Kurulacak olan g\u00fcne\u015f panellerinden \u00fcretilecek olan elektrik ile park\u0131n t\u00fcm elektrik ihtiyac\u0131 kar<a href=\"https:\/\/www.enerjigazetesi.ist\/wp-content\/uploads\/2013\/06\/gunes-enerji-si-ile-aydinlanacak-park-yapiliyor.jpg\"><img loading=\"lazy\" class=\"alignright size-medium wp-image-12271\" title=\"gunes-enerji-si-ile-aydinlanacak-park-yapiliyor\" src=\"https:\/\/www.enerjigazetesi.ist\/wp-content\/uploads\/2013\/06\/gunes-enerji-si-ile-aydinlanacak-park-yapiliyor-300x181.jpg\" alt=\"\" width=\"300\" height=\"181\" srcset=\"https:\/\/www.enerjigazetesi.ist\/wp-content\/uploads\/2013\/06\/gunes-enerji-si-ile-aydinlanacak-park-yapiliyor-300x181.jpg 300w, https:\/\/www.enerjigazetesi.ist\/wp-content\/uploads\/2013\/06\/gunes-enerji-si-ile-aydinlanacak-park-yapiliyor-80x48.jpg 80w, https:\/\/www.enerjigazetesi.ist\/wp-content\/uploads\/2013\/06\/gunes-enerji-si-ile-aydinlanacak-park-yapiliyor.jpg 480w\" sizes=\"(max-width: 300px) 100vw, 300px\" \/><\/a>\u015f\u0131lanm\u0131\u015f olacak. Bu sistem \u00f6zellikle tasarruf a\u00e7\u0131s\u0131ndan b\u00fcy\u00fck \u00f6nem ta\u015f\u0131yor.<\/strong><\/p>\n<p>Belediye Ba\u015fkan\u0131 Kamil U\u011furlu konu ile ilgili yapt\u0131\u011f\u0131 a\u00e7\u0131klamada, &#8220;H\u00fcrriyet Mahallesi&#8217;nde \u00e7al\u0131\u015fmalar\u0131 devam eden Mir Ali Park\u0131 ve Mesire Alan\u0131, vatanda\u015flar\u0131m\u0131z\u0131n keyifle gezebilece\u011fi ve piknik yapabilece\u011fi, g\u00fczel bir park olacakt\u0131r. Karaman&#8217;\u0131n merkezinin en b\u00fcy\u00fck ye\u015fil alan\u0131 olacak olan bu park\u0131m\u0131z\u0131n i\u00e7erisinde y\u00fcr\u00fcy\u00fc\u015f yollar\u0131, oyun parklar\u0131, basketbol sahas\u0131, voleybol sahas\u0131, tenis kortu, fitnes alanlar\u0131 ve piknik yap\u0131labilecek alanlar olacakt\u0131r.&#8221; dedi.<\/p>\n<p>Park alan\u0131na dikilecek olan a\u011fa\u00e7lar; Karaman iklimine uygun, dayan\u0131kl\u0131 olmalar\u0131n\u0131n yan\u0131 s\u0131ra g\u00f6r\u00fcn\u00fcmleri ile de g\u00fczel bir ortam olu\u015fturacak. Bol miktarda kurulacak olan piknik masalar\u0131 ile vatanda\u015flar\u0131n piknik yapabilece\u011fi konseptler olu\u015fturulacak. Son sulama sistemleri ile yap\u0131lan park\u0131n t\u00fcm alt yap\u0131 \u00e7al\u0131\u015fmalar\u0131 tamamlanm\u0131\u015f durumda ve \u00f6n\u00fcm\u00fczdeki ay vatanda\u015flar\u0131n hizmetine sunulacak.<\/p>\n<p>Kaynak: <a href=\"http:\/\/www.energyworld.com.tr\/root.vol?title=gunes-enerjisi-ile-aydinlanacak-park-yapiliyor&amp;exec=page&amp;nid=550074\" target=\"_blank\">Energy World<\/a><\/p>","protected":false},"excerpt":{"rendered":"<p>Sorry, this entry is only available in Turkish. For the sake of viewer convenience, the content is shown below in the alternative language. You may click the link to switch the active language.Karaman&#8217;\u0131n en b\u00fcy\u00fck ye\u015fil alan\u0131 olma \u00f6zelli\u011fi ta\u015f\u0131yacak olan Mir Ali Park\u0131&#8217;n\u0131n t\u00fcm ayd\u0131nlatma sistemleri g\u00fcne\u015f enerjisi ile yap\u0131lacak. Kurulacak olan g\u00fcne\u015f panellerinden [&hellip;]<\/p>\n","protected":false},"author":1,"featured_media":12271,"comment_status":"open","ping_status":"open","sticky":false,"template":"","format":"standard","meta":[],"categories":[53,49],"tags":[63,67,227,13,108,1679,6261,6262],"views":1720,"_links":{"self":[{"href":"https:\/\/www.enerjigazetesi.ist\/en\/wp-json\/wp\/v2\/posts\/12270"}],"collection":[{"href":"https:\/\/www.enerjigazetesi.ist\/en\/wp-json\/wp\/v2\/posts"}],"about":[{"href":"https:\/\/www.enerjigazetesi.ist\/en\/wp-json\/wp\/v2\/types\/post"}],"author":[{"embeddable":true,"href":"https:\/\/www.enerjigazetesi.ist\/en\/wp-json\/wp\/v2\/users\/1"}],"replies":[{"embeddable":true,"href":"https:\/\/www.enerjigazetesi.ist\/en\/wp-json\/wp\/v2\/comments?post=12270"}],"version-history":[{"count":2,"href":"https:\/\/www.enerjigazetesi.ist\/en\/wp-json\/wp\/v2\/posts\/12270\/revisions"}],"predecessor-version":[{"id":12273,"href":"https:\/\/www.enerjigazetesi.ist\/en\/wp-json\/wp\/v2\/posts\/12270\/revisions\/12273"}],"wp:featuredmedia":[{"embeddable":true,"href":"https:\/\/www.enerjigazetesi.ist\/en\/wp-json\/wp\/v2\/media\/12271"}],"wp:attachment":[{"href":"https:\/\/www.enerjigazetesi.ist\/en\/wp-json\/wp\/v2\/media?parent=12270"}],"wp:term":[{"taxonomy":"category","embeddable":true,"href":"https:\/\/www.enerjigazetesi.ist\/en\/wp-json\/wp\/v2\/categories?post=12270"},{"taxonomy":"post_tag","embeddable":true,"href":"https:\/\/www.enerjigazetesi.ist\/en\/wp-json\/wp\/v2\/tags?post=12270"}],"curies":[{"name":"wp","href":"https:\/\/api.w.org\/{rel}","templated":true}]}}