{"id":122690,"date":"2020-10-29T14:43:08","date_gmt":"2020-10-29T11:43:08","guid":{"rendered":"https:\/\/www.enerjigazetesi.ist\/?p=122690"},"modified":"2020-10-29T14:46:21","modified_gmt":"2020-10-29T11:46:21","slug":"cumhuriyetin-getirdigi-demokrasi-ve-ozgurlukler-kalkinmanin-temel-tasidir","status":"publish","type":"post","link":"https:\/\/www.enerjigazetesi.ist\/en\/cumhuriyetin-getirdigi-demokrasi-ve-ozgurlukler-kalkinmanin-temel-tasidir\/","title":{"rendered":"(Turkish) Cumhuriyetimizin Getirdi\u011fi Demokrasi ve \u00d6zg\u00fcrl\u00fckler Kalk\u0131nman\u0131n Temel Ta\u015f\u0131d\u0131r!"},"content":{"rendered":"<p class=\"qtranxs-available-languages-message qtranxs-available-languages-message-en\">Sorry, this entry is only available in <a href=\"https:\/\/www.enerjigazetesi.ist\/tr\/wp-json\/wp\/v2\/posts\/122690\" class=\"qtranxs-available-language-link qtranxs-available-language-link-tr\" title=\"Turkish\">Turkish<\/a>. For the sake of viewer convenience, the content is shown below in the alternative language. You may click the link to switch the active language.<\/p><p><\/p>\n<h1><strong>Uluslararas\u0131 Yat\u0131r\u0131mc\u0131lar Derne\u011fi (YASED) Ba\u015fkan\u0131 Ay\u015fem Sarg\u0131n 29 Ekim Cumhuriyet Bayram\u0131 nedeniyle yay\u0131nlad\u0131\u011f\u0131 mesaj\u0131nda \u201c\u00c7a\u011fda\u015f T\u00fcrkiye\u2019nin temellerini atan Mustafa Kemal Atat\u00fcrk ve Cumhuriyetimizin kurucular\u0131n\u0131 minnetle an\u0131yoruz. Cumhuriyetimizin getirdi\u011fi demokrasi ve \u00f6zg\u00fcrl\u00fckler, \u00fclkemizin kalk\u0131nmas\u0131n\u0131n temel ta\u015f\u0131d\u0131r\u201d dedi.<img loading=\"lazy\" class=\"alignright wp-image-122692\" src=\"https:\/\/www.enerjigazetesi.ist\/wp-content\/uploads\/2020\/10\/cumhuriyetin-getirdigi-demokrasi-ve-ozgurlukler-kalkinmanin-temel-tasidir.jpg\" alt=\"\" width=\"320\" height=\"245\" srcset=\"https:\/\/www.enerjigazetesi.ist\/wp-content\/uploads\/2020\/10\/cumhuriyetin-getirdigi-demokrasi-ve-ozgurlukler-kalkinmanin-temel-tasidir.jpg 637w, https:\/\/www.enerjigazetesi.ist\/wp-content\/uploads\/2020\/10\/cumhuriyetin-getirdigi-demokrasi-ve-ozgurlukler-kalkinmanin-temel-tasidir-300x230.jpg 300w, https:\/\/www.enerjigazetesi.ist\/wp-content\/uploads\/2020\/10\/cumhuriyetin-getirdigi-demokrasi-ve-ozgurlukler-kalkinmanin-temel-tasidir-500x383.jpg 500w, https:\/\/www.enerjigazetesi.ist\/wp-content\/uploads\/2020\/10\/cumhuriyetin-getirdigi-demokrasi-ve-ozgurlukler-kalkinmanin-temel-tasidir-65x50.jpg 65w, https:\/\/www.enerjigazetesi.ist\/wp-content\/uploads\/2020\/10\/cumhuriyetin-getirdigi-demokrasi-ve-ozgurlukler-kalkinmanin-temel-tasidir-260x200.jpg 260w\" sizes=\"(max-width: 320px) 100vw, 320px\" \/><\/strong><\/h1>\n<p><strong>Uluslararas\u0131 Yat\u0131r\u0131mc\u0131lar Derne\u011fi (YASED)<\/strong> Ba\u015fkan\u0131 <strong>Ay\u015fem Sarg\u0131n<\/strong>, <strong>29 Ekim Cumhuriyet Bayram\u0131<\/strong> nedeniyle yaz\u0131l\u0131 bir mesaj yay\u0131nlad\u0131. \u00c7a\u011fda\u015f T\u00fcrkiye\u2019nin temellerini atan <strong>Mustafa Kemal Atat\u00fcrk<\/strong> ve <strong>Cumhuriyetimizin kurucular\u0131<\/strong>n\u0131 minnetle and\u0131klar\u0131n\u0131 ifade eden Sarg\u0131n, <strong>uluslararas\u0131 yat\u0131r\u0131mc\u0131lar<\/strong> olarak Cumhuriyetin getirmi\u015f oldu\u011fu<strong> demokrasi<\/strong> ve <strong>\u00f6zg\u00fcrl\u00fck ortam\u0131<\/strong>n\u0131n, <strong>T\u00fcrkiye\u2019nin<\/strong> kalk\u0131nmas\u0131n\u0131n temel ta\u015f\u0131 oldu\u011funu belirtti.<\/p>\n<p><strong>YASED \u00fcyeleri<\/strong> aras\u0131nda <strong>100 y\u0131l\u0131 a\u015fk\u0131n<\/strong> s\u00fcredir bu topraklarda faaliyet g\u00f6steren \u015firketlerin oldu\u011funu belirten Sarg\u0131n, \u201c<strong>\u00c7a\u011fda\u015f T\u00fcrkiye<\/strong>\u2019nin <strong>97\u2019nci<\/strong> y\u0131l\u0131na tan\u0131kl\u0131k etmenin <strong>gururunu<\/strong> ve <strong>mutlulu\u011funu<\/strong> ya\u015f\u0131yoruz. \u00dcyelerimizle birlikte \u00fclkemizin gelece\u011fine her zaman g\u00fcvenle bak\u0131yoruz. Cumhuriyetimizin kurucusu <strong>Mustafa Kemal Atat\u00fcrk<\/strong>\u2019\u00fcn<em> \u2018Ekonomik kalk\u0131nma, T\u00fcrkiye&#8217;nin h\u00fcr, m\u00fcstakil, daima daha kuvvetli, daima daha refahl\u0131 T\u00fcrkiye idealinin belkemi\u011fidir\u2019<\/em> s\u00f6z\u00fcn\u00fc esas al\u0131yor, <strong>T\u00fcrkiye\u2019nin uluslararas\u0131 yat\u0131r\u0131mc\u0131lar\u0131<\/strong> olarak bizler de bu topraklarda \u00fcretmeye ve \u00fclkemize katk\u0131 sa\u011flamaya devam ediyoruz. \u00dcyelerimizle birlikte, \u00fclkemizin<strong> s\u00fcrd\u00fcr\u00fclebilir kalk\u0131nmas\u0131<\/strong>n\u0131 ve <strong>rekabet\u00e7ili\u011fi<\/strong>ni geli\u015ftirmek i\u00e7in <strong>t\u00fcm g\u00fcc\u00fcm\u00fczle \u00e7al\u0131\u015fmaya<\/strong> devam ediyoruz\u201d ifadelerini kulland\u0131.<\/p>","protected":false},"excerpt":{"rendered":"<p>Sorry, this entry is only available in Turkish. For the sake of viewer convenience, the content is shown below in the alternative language. You may click the link to switch the active language. Uluslararas\u0131 Yat\u0131r\u0131mc\u0131lar Derne\u011fi (YASED) Ba\u015fkan\u0131 Ay\u015fem Sarg\u0131n 29 Ekim Cumhuriyet Bayram\u0131 nedeniyle yay\u0131nlad\u0131\u011f\u0131 mesaj\u0131nda \u201c\u00c7a\u011fda\u015f T\u00fcrkiye\u2019nin temellerini atan Mustafa Kemal Atat\u00fcrk ve [&hellip;]<\/p>\n","protected":false},"author":1,"featured_media":122692,"comment_status":"open","ping_status":"open","sticky":false,"template":"","format":"standard","meta":[],"categories":[51,53],"tags":[19201,52283,81508,52259,52998,72225],"views":119,"_links":{"self":[{"href":"https:\/\/www.enerjigazetesi.ist\/en\/wp-json\/wp\/v2\/posts\/122690"}],"collection":[{"href":"https:\/\/www.enerjigazetesi.ist\/en\/wp-json\/wp\/v2\/posts"}],"about":[{"href":"https:\/\/www.enerjigazetesi.ist\/en\/wp-json\/wp\/v2\/types\/post"}],"author":[{"embeddable":true,"href":"https:\/\/www.enerjigazetesi.ist\/en\/wp-json\/wp\/v2\/users\/1"}],"replies":[{"embeddable":true,"href":"https:\/\/www.enerjigazetesi.ist\/en\/wp-json\/wp\/v2\/comments?post=122690"}],"version-history":[{"count":0,"href":"https:\/\/www.enerjigazetesi.ist\/en\/wp-json\/wp\/v2\/posts\/122690\/revisions"}],"wp:featuredmedia":[{"embeddable":true,"href":"https:\/\/www.enerjigazetesi.ist\/en\/wp-json\/wp\/v2\/media\/122692"}],"wp:attachment":[{"href":"https:\/\/www.enerjigazetesi.ist\/en\/wp-json\/wp\/v2\/media?parent=122690"}],"wp:term":[{"taxonomy":"category","embeddable":true,"href":"https:\/\/www.enerjigazetesi.ist\/en\/wp-json\/wp\/v2\/categories?post=122690"},{"taxonomy":"post_tag","embeddable":true,"href":"https:\/\/www.enerjigazetesi.ist\/en\/wp-json\/wp\/v2\/tags?post=122690"}],"curies":[{"name":"wp","href":"https:\/\/api.w.org\/{rel}","templated":true}]}}