{"id":122668,"date":"2020-10-29T13:35:15","date_gmt":"2020-10-29T10:35:15","guid":{"rendered":"https:\/\/www.enerjigazetesi.ist\/?p=122668"},"modified":"2020-10-29T13:39:54","modified_gmt":"2020-10-29T10:39:54","slug":"izmir-dogalgaz-1500-kilometrelik-altyapi-yatirimi-yapti","status":"publish","type":"post","link":"https:\/\/www.enerjigazetesi.ist\/en\/izmir-dogalgaz-1500-kilometrelik-altyapi-yatirimi-yapti\/","title":{"rendered":"(Turkish) &#8217;\u0130zmir Do\u011falgaz&#8217; 1500 Kilometrelik Altyap\u0131 Yat\u0131r\u0131m\u0131 Yapt\u0131"},"content":{"rendered":"<p class=\"qtranxs-available-languages-message qtranxs-available-languages-message-en\">Sorry, this entry is only available in <a href=\"https:\/\/www.enerjigazetesi.ist\/tr\/wp-json\/wp\/v2\/posts\/122668\" class=\"qtranxs-available-language-link qtranxs-available-language-link-tr\" title=\"Turkish\">Turkish<\/a>. For the sake of viewer convenience, the content is shown below in the alternative language. You may click the link to switch the active language.<\/p><p><\/p>\n<h1>Kolo\u011flu Holding \u015firketlerinden \u0130zmir Do\u011fal Gaz Da\u011f\u0131t\u0131m A\u015e (\u0130zmir Do\u011fal Gaz) Genel M\u00fcd\u00fcr\u00fc Ahmet Yetik, 2020-2021 y\u0131llar\u0131nda 26 il\u00e7ede 160 bin hane i\u00e7in 1500 kilometrelik altyap\u0131 yat\u0131r\u0131m\u0131 yapacaklar\u0131n\u0131 belirterek,\u00a0&#8220;Yapaca\u011f\u0131m\u0131z yat\u0131r\u0131mlarla 1,8 milyar liral\u0131k ekonomiye katk\u0131 sa\u011flayaca\u011f\u0131m\u0131z\u0131 d\u00fc\u015f\u00fcn\u00fcyoruz. Olu\u015fturulacak yat\u0131r\u0131m\u0131n sonucunda 160 bin haneye do\u011fal gaz g\u00f6t\u00fcrece\u011fiz.&#8221; dedi.<\/h1>\n<p>Yetik, \u015firketin <strong>yeni yat\u0131r\u0131m faaliyetlerine ili\u015fkin<\/strong> bir otelde d\u00fczenledi\u011fi bas\u0131n toplant\u0131s\u0131nda, \u015fu an <strong>\u0130zmir<\/strong>&#8216;deki <strong>30<\/strong> il\u00e7enin <strong>26<\/strong>&#8216;s\u0131nda<strong> do\u011fal gaz da\u011f\u0131t\u0131m faaliyetleri<\/strong>ni s\u00fcrd\u00fcrd\u00fcklerini\u00a0s\u00f6yledi. Bu y\u0131l ve gelecek y\u0131l\u00a0yat\u0131r\u0131mlar\u0131na kesintisiz olarak devam edeceklerini vurgulayan Yetik,<span style=\"text-decoration: underline;\"> \u015f\u00f6yle devam etti:<\/span><\/p>\n<p><img loading=\"lazy\" class=\"alignright wp-image-122670\" src=\"https:\/\/www.enerjigazetesi.ist\/wp-content\/uploads\/2020\/10\/izmir-dogalgaz-1500-kilometrelik-altyapi-yatirimi-yapti.jpg\" alt=\"\" width=\"320\" height=\"178\" srcset=\"https:\/\/www.enerjigazetesi.ist\/wp-content\/uploads\/2020\/10\/izmir-dogalgaz-1500-kilometrelik-altyapi-yatirimi-yapti.jpg 620w, https:\/\/www.enerjigazetesi.ist\/wp-content\/uploads\/2020\/10\/izmir-dogalgaz-1500-kilometrelik-altyapi-yatirimi-yapti-300x166.jpg 300w, https:\/\/www.enerjigazetesi.ist\/wp-content\/uploads\/2020\/10\/izmir-dogalgaz-1500-kilometrelik-altyapi-yatirimi-yapti-500x277.jpg 500w, https:\/\/www.enerjigazetesi.ist\/wp-content\/uploads\/2020\/10\/izmir-dogalgaz-1500-kilometrelik-altyapi-yatirimi-yapti-80x44.jpg 80w\" sizes=\"(max-width: 320px) 100vw, 320px\" \/>&#8220;<strong>2020-2021<\/strong> y\u0131llar\u0131nda<strong> 26<\/strong> il\u00e7ede <strong>160 bin hane<\/strong> i\u00e7in<strong> 1500 kilometrelik<\/strong> altyap\u0131 yat\u0131r\u0131m\u0131 yapaca\u011f\u0131z.\u00a0Bu rakam \u015fimdiye kadar yapt\u0131\u011f\u0131m\u0131z yat\u0131r\u0131m\u0131n yakla\u015f\u0131k y\u00fczde 25&#8217;ine denk geliyor. O nedenle \u00e7ok b\u00fcy\u00fck bir yat\u0131r\u0131m. Bu yat\u0131r\u0131mlar\u0131n dolayl\u0131 istihdama katk\u0131s\u0131 da b\u00fcy\u00fck olacak. Yakla\u015f\u0131k<strong> 730 ki\u015fi<\/strong>nin daha istihdam edilece\u011fini d\u00fc\u015f\u00fcn\u00fcyoruz. 100 ki\u015fi do\u011frudan \u0130zmir Do\u011fal Gaz b\u00fcnyesinde, yakla\u015f\u0131k <strong>630 ki\u015fi<\/strong> de ge\u00e7ici istihdam olacak. Yapaca\u011f\u0131m\u0131z yat\u0131r\u0131mlarla <strong>1,8 milyar liral\u0131k<\/strong> ekonomiye katk\u0131 sa\u011flayaca\u011f\u0131m\u0131z\u0131 d\u00fc\u015f\u00fcn\u00fcyoruz. Olu\u015fturulacak yat\u0131r\u0131m\u0131n sonucunda <strong>160 bin haneye<\/strong> do\u011fal gaz g\u00f6t\u00fcrece\u011fiz.&#8221;<\/p>\n<p>Yetik, <strong>Enerji Piyasas\u0131 D\u00fczenleme Kurumu<\/strong> taraf\u0131ndan onaylanm\u0131\u015f 12 adet <strong>Ar-Ge projesi<\/strong> y\u00fcr\u00fctt\u00fcklerini ve s\u00f6z konusu projelerin toplam b\u00fct\u00e7esinin<strong> 6,8 milyon lira<\/strong> oldu\u011funu bildirdi. Bu projelerden birinin <strong>&#8220;ak\u0131ll\u0131 g\u00f6zl\u00fck projesi&#8221;<\/strong> oldu\u011funu belirten Yetik, bu g\u00f6zl\u00fckle sahada operasyon halinde olan <strong>teknisyenin\u00a0talimat alabildi\u011fi<\/strong>ni, uzman personelin<strong> sahadaki personeli<\/strong> y\u00f6nlendirebildi\u011fini kaydetti.<\/p>\n<p>Yetik, bir di\u011fer projenin ise <strong>&#8220;Abonematik&#8221;<\/strong> oldu\u011funu ifade ederek, &#8220;Bunlar\u0131 <strong>\u0130zmir&#8217;in<\/strong> \u00e7e\u015fitli noktalar\u0131na koyaca\u011f\u0131z ve m\u00fc\u015fterilerimiz buradan abone olup, paralar\u0131n\u0131 buradan<strong> yat\u0131r\u0131caklar<\/strong> ve <strong>evraklar\u0131n\u0131<\/strong> buradan i\u015fleme koyacaklar. Bunu da \u00f6n\u00fcm\u00fczdeki <strong>2 sene i\u00e7inde<\/strong> devreye alaca\u011f\u0131z. M\u00fc\u015fterilerimizin m\u00fcmk\u00fcn oldu\u011funca \u015fubelere gelmeden i\u015flemlerini yapmas\u0131n\u0131 istiyoruz.&#8221; diye konu\u015ftu.<\/p>","protected":false},"excerpt":{"rendered":"<p>Sorry, this entry is only available in Turkish. For the sake of viewer convenience, the content is shown below in the alternative language. You may click the link to switch the active language. Kolo\u011flu Holding \u015firketlerinden \u0130zmir Do\u011fal Gaz Da\u011f\u0131t\u0131m A\u015e (\u0130zmir Do\u011fal Gaz) Genel M\u00fcd\u00fcr\u00fc Ahmet Yetik, 2020-2021 y\u0131llar\u0131nda 26 il\u00e7ede 160 bin hane [&hellip;]<\/p>\n","protected":false},"author":1,"featured_media":122670,"comment_status":"open","ping_status":"open","sticky":false,"template":"","format":"standard","meta":[],"categories":[46,53],"tags":[37260,21112,81484,81487,54036,1046,52259,81486,81485],"views":131,"_links":{"self":[{"href":"https:\/\/www.enerjigazetesi.ist\/en\/wp-json\/wp\/v2\/posts\/122668"}],"collection":[{"href":"https:\/\/www.enerjigazetesi.ist\/en\/wp-json\/wp\/v2\/posts"}],"about":[{"href":"https:\/\/www.enerjigazetesi.ist\/en\/wp-json\/wp\/v2\/types\/post"}],"author":[{"embeddable":true,"href":"https:\/\/www.enerjigazetesi.ist\/en\/wp-json\/wp\/v2\/users\/1"}],"replies":[{"embeddable":true,"href":"https:\/\/www.enerjigazetesi.ist\/en\/wp-json\/wp\/v2\/comments?post=122668"}],"version-history":[{"count":0,"href":"https:\/\/www.enerjigazetesi.ist\/en\/wp-json\/wp\/v2\/posts\/122668\/revisions"}],"wp:featuredmedia":[{"embeddable":true,"href":"https:\/\/www.enerjigazetesi.ist\/en\/wp-json\/wp\/v2\/media\/122670"}],"wp:attachment":[{"href":"https:\/\/www.enerjigazetesi.ist\/en\/wp-json\/wp\/v2\/media?parent=122668"}],"wp:term":[{"taxonomy":"category","embeddable":true,"href":"https:\/\/www.enerjigazetesi.ist\/en\/wp-json\/wp\/v2\/categories?post=122668"},{"taxonomy":"post_tag","embeddable":true,"href":"https:\/\/www.enerjigazetesi.ist\/en\/wp-json\/wp\/v2\/tags?post=122668"}],"curies":[{"name":"wp","href":"https:\/\/api.w.org\/{rel}","templated":true}]}}