{"id":122590,"date":"2020-10-27T13:53:45","date_gmt":"2020-10-27T10:53:45","guid":{"rendered":"https:\/\/www.enerjigazetesi.ist\/?p=122590"},"modified":"2020-10-27T13:54:16","modified_gmt":"2020-10-27T10:54:16","slug":"ileri-yalitim-sistemleri-ile-cebi-ve-binalari-korumak-mumkun","status":"publish","type":"post","link":"https:\/\/www.enerjigazetesi.ist\/en\/ileri-yalitim-sistemleri-ile-cebi-ve-binalari-korumak-mumkun\/","title":{"rendered":"(Turkish) \u0130leri Yal\u0131t\u0131m Sistemleri ile Cebi ve Binalar\u0131 Korumak M\u00fcmk\u00fcn!"},"content":{"rendered":"<p class=\"qtranxs-available-languages-message qtranxs-available-languages-message-en\">Sorry, this entry is only available in <a href=\"https:\/\/www.enerjigazetesi.ist\/tr\/wp-json\/wp\/v2\/posts\/122590\" class=\"qtranxs-available-language-link qtranxs-available-language-link-tr\" title=\"Turkish\">Turkish<\/a>. For the sake of viewer convenience, the content is shown below in the alternative language. You may click the link to switch the active language.<\/p><p><\/p>\n<h1><strong>Do\u011falgaz ve elektrik faturalar\u0131n\u0131n b\u00fct\u00e7elerdeki pay\u0131n\u0131n artaca\u011f\u0131 k\u0131\u015f mevsiminde \u0131s\u0131 yal\u0131t\u0131m\u0131n\u0131n \u00f6nemine dikkat \u00e7eken Filli Boya, Dalma\u00e7yal\u0131 \u0130leri Is\u0131 Yal\u0131t\u0131m Sistemleri sayesinde, binalar\u0131n \u00f6mr\u00fc boyunca y\u00fcksek enerji tasarrufu sa\u011flamas\u0131na olanak sunuyor.<img loading=\"lazy\" class=\"alignright wp-image-122593\" src=\"https:\/\/www.enerjigazetesi.ist\/wp-content\/uploads\/2020\/10\/ileri-yalitim-sistemleri-ile-cebi-ve-binalari-korumak-mumkun-2.jpg\" alt=\"\" width=\"320\" height=\"246\" srcset=\"https:\/\/www.enerjigazetesi.ist\/wp-content\/uploads\/2020\/10\/ileri-yalitim-sistemleri-ile-cebi-ve-binalari-korumak-mumkun-2.jpg 635w, https:\/\/www.enerjigazetesi.ist\/wp-content\/uploads\/2020\/10\/ileri-yalitim-sistemleri-ile-cebi-ve-binalari-korumak-mumkun-2-300x231.jpg 300w, https:\/\/www.enerjigazetesi.ist\/wp-content\/uploads\/2020\/10\/ileri-yalitim-sistemleri-ile-cebi-ve-binalari-korumak-mumkun-2-500x384.jpg 500w, https:\/\/www.enerjigazetesi.ist\/wp-content\/uploads\/2020\/10\/ileri-yalitim-sistemleri-ile-cebi-ve-binalari-korumak-mumkun-2-65x50.jpg 65w, https:\/\/www.enerjigazetesi.ist\/wp-content\/uploads\/2020\/10\/ileri-yalitim-sistemleri-ile-cebi-ve-binalari-korumak-mumkun-2-260x200.jpg 260w\" sizes=\"(max-width: 320px) 100vw, 320px\" \/><\/strong><\/h1>\n<p>T\u00fcrkiye\u2019nin ithalat\u0131nda enerji \u00f6nemli bir paya sahip. \u00dclkemizde t\u00fcketilen<strong> toplam enerjinin<\/strong> yakla\u015f\u0131k <strong>% 35<\/strong>\u2019i binalarda, binalarda harcanan enerjinin yakla\u015f\u0131k <strong>% 80<\/strong>\u2019i \u0131s\u0131tma ve so\u011futmada kullan\u0131l\u0131yor. Bir y\u0131lda <strong>14 milyar dolar<\/strong> tutar\u0131ndaki enerjinin sadece konutlardaki<strong> \u0131s\u0131tma i\u00e7in t\u00fcketildi\u011fi<\/strong> d\u00fc\u015f\u00fcn\u00fcld\u00fc\u011f\u00fcnde k\u0131\u015f aylar\u0131nda <strong>\u0131s\u0131tma<\/strong>, yaz aylar\u0131nda ise <strong>so\u011futmaya<\/strong> harcanan enerjinin b\u00fcy\u00fckl\u00fc\u011f\u00fc, <strong>yal\u0131t\u0131m\u0131n \u00f6nemi<\/strong>ni bir defa daha g\u00f6zler \u00f6n\u00fcne seriyor.<\/p>\n<p>K\u0131\u015f mevsiminin yakla\u015ft\u0131\u011f\u0131 bug\u00fcnlerde <strong>do\u011falgaz ve elektrik faturalar\u0131<\/strong>nda art\u0131\u015f ka\u00e7\u0131n\u0131lmaz. Bu durumun \u00f6n\u00fcne ge\u00e7menin en ideal yollar\u0131ndan biri binaya do\u011fru<strong> \u0131s\u0131 yal\u0131t\u0131m kal\u0131nl\u0131\u011f\u0131<\/strong> ve<strong> sistemi<\/strong>ni uygulamaktan ge\u00e7iyor. T\u00fcketicilere <strong>% 50<\/strong>\u2019nin \u00fczerinde <strong>enerji tasarrufu etme<\/strong> imkan\u0131 sa\u011flayan <strong>Filli Boya<\/strong>\u2019n\u0131n <strong>Dalma\u00e7yal\u0131 \u0130leri Yal\u0131t\u0131m Sistemleri<\/strong>, <strong>3-5 y\u0131l<\/strong> gibi k\u0131sa bir s\u00fcrede yal\u0131t\u0131ma harcanan paran\u0131n <strong>amorti etmesini<\/strong> sa\u011fl\u0131yor.<strong> Is\u0131 yal\u0131t\u0131m\u0131<\/strong>n\u0131n binaya sa\u011flad\u0131\u011f\u0131 katk\u0131lardan bir di\u011fer ise t\u00fcketicilerin <strong>konut sat\u0131\u015f\u0131<\/strong> s\u0131ras\u0131nda ortaya \u00e7\u0131k\u0131yor. <strong>Binalar\u0131n uzun \u00f6m\u00fcrl\u00fc olmas\u0131<\/strong>n\u0131 sa\u011flayan uygulama, k\u0131sa vadede <strong>konutun fiyat\u0131n\u0131<\/strong> yakla\u015f\u0131k <strong>%15<\/strong> art\u0131r\u0131yor.<\/p>\n<h2><strong>ISI YALITIMI YAPTIRMANIN FAYDALARI<\/strong><\/h2>\n<p>&#8211; Is\u0131 yal\u0131t\u0131m\u0131na harcanan para, sa\u011flad\u0131\u011f\u0131 <strong>enerji tasarrufu<\/strong> ile kendisi <strong>3-5 y\u0131l<\/strong> gibi k\u0131sa bir s\u00fcrede amorti eder.<\/p>\n<p>&#8211; <strong>Do\u011fru \u0131s\u0131 yal\u0131t\u0131m kal\u0131nl\u0131\u011f\u0131<\/strong> ve sistemi ile evlerimizde<strong> \u0131s\u0131nma i\u00e7in<\/strong> harcad\u0131\u011f\u0131m\u0131z enerjiyi <strong>%50<\/strong>\u2019nin \u00fczerinde<strong> azaltmak<\/strong> m\u00fcmk\u00fcn.<\/p>\n<p>&#8211; <strong>Is\u0131 yal\u0131t\u0131ml\u0131<\/strong> binalarda daha k\u00fc\u00e7\u00fck kapasiteli<strong> kombi<\/strong> ve daha <strong>k\u00fc\u00e7\u00fck radyat\u00f6rler<\/strong> kullan\u0131labilir. Bu y\u00fczden \u0131s\u0131 yal\u0131t\u0131m\u0131na harcad\u0131\u011f\u0131n\u0131z <strong>para, \u0131s\u0131tma tesisat\u0131na<\/strong> harcayaca\u011f\u0131n\u0131z paradan da <strong>tasarruf<\/strong> edilmesini sa\u011flar.<\/p>\n<p>&#8211; Betonun i\u00e7indeki <strong>demirlerin paslanmas\u0131n\u0131<\/strong> engelleyerek, <strong>binan\u0131n depreme kar\u015f\u0131<\/strong> dayan\u0131kl\u0131l\u0131\u011f\u0131n\u0131 artt\u0131r\u0131r.<\/p>\n<p><strong>Yak\u0131t t\u00fcketimini<\/strong> ve dolay\u0131s\u0131yla da <strong>at\u0131k gazlar\u0131 azaltarak<\/strong>,<strong> \u00e7evre kirlili\u011fi<\/strong> ve<strong> k\u00fcresel \u0131s\u0131nman\u0131n<\/strong> \u00f6nlenmesine katk\u0131da bulunur.<\/p>","protected":false},"excerpt":{"rendered":"<p>Sorry, this entry is only available in Turkish. For the sake of viewer convenience, the content is shown below in the alternative language. You may click the link to switch the active language. Do\u011falgaz ve elektrik faturalar\u0131n\u0131n b\u00fct\u00e7elerdeki pay\u0131n\u0131n artaca\u011f\u0131 k\u0131\u015f mevsiminde \u0131s\u0131 yal\u0131t\u0131m\u0131n\u0131n \u00f6nemine dikkat \u00e7eken Filli Boya, Dalma\u00e7yal\u0131 \u0130leri Is\u0131 Yal\u0131t\u0131m Sistemleri sayesinde, [&hellip;]<\/p>\n","protected":false},"author":1,"featured_media":122592,"comment_status":"open","ping_status":"open","sticky":false,"template":"","format":"standard","meta":[],"categories":[46,51,53],"tags":[81413,81410,52259,49436,26559,81412,79696,81414,81411,43386,6563,52830],"views":86,"_links":{"self":[{"href":"https:\/\/www.enerjigazetesi.ist\/en\/wp-json\/wp\/v2\/posts\/122590"}],"collection":[{"href":"https:\/\/www.enerjigazetesi.ist\/en\/wp-json\/wp\/v2\/posts"}],"about":[{"href":"https:\/\/www.enerjigazetesi.ist\/en\/wp-json\/wp\/v2\/types\/post"}],"author":[{"embeddable":true,"href":"https:\/\/www.enerjigazetesi.ist\/en\/wp-json\/wp\/v2\/users\/1"}],"replies":[{"embeddable":true,"href":"https:\/\/www.enerjigazetesi.ist\/en\/wp-json\/wp\/v2\/comments?post=122590"}],"version-history":[{"count":0,"href":"https:\/\/www.enerjigazetesi.ist\/en\/wp-json\/wp\/v2\/posts\/122590\/revisions"}],"wp:featuredmedia":[{"embeddable":true,"href":"https:\/\/www.enerjigazetesi.ist\/en\/wp-json\/wp\/v2\/media\/122592"}],"wp:attachment":[{"href":"https:\/\/www.enerjigazetesi.ist\/en\/wp-json\/wp\/v2\/media?parent=122590"}],"wp:term":[{"taxonomy":"category","embeddable":true,"href":"https:\/\/www.enerjigazetesi.ist\/en\/wp-json\/wp\/v2\/categories?post=122590"},{"taxonomy":"post_tag","embeddable":true,"href":"https:\/\/www.enerjigazetesi.ist\/en\/wp-json\/wp\/v2\/tags?post=122590"}],"curies":[{"name":"wp","href":"https:\/\/api.w.org\/{rel}","templated":true}]}}