{"id":122565,"date":"2020-10-26T17:33:54","date_gmt":"2020-10-26T14:33:54","guid":{"rendered":"https:\/\/www.enerjigazetesi.ist\/?p=122565"},"modified":"2020-10-26T17:33:54","modified_gmt":"2020-10-26T14:33:54","slug":"kibris-5inci-uluslararasi-aksa-fotofest-fotograf-yarismasi-basladi","status":"publish","type":"post","link":"https:\/\/www.enerjigazetesi.ist\/en\/kibris-5inci-uluslararasi-aksa-fotofest-fotograf-yarismasi-basladi\/","title":{"rendered":"(Turkish) K\u0131br\u0131s 5&#8217;inci Uluslararas\u0131 &#8216;Aksa Fotofest Foto\u011fraf Yar\u0131\u015fmas\u0131&#8217; Ba\u015flad\u0131"},"content":{"rendered":"<p class=\"qtranxs-available-languages-message qtranxs-available-languages-message-en\">Sorry, this entry is only available in <a href=\"https:\/\/www.enerjigazetesi.ist\/tr\/wp-json\/wp\/v2\/posts\/122565\" class=\"qtranxs-available-language-link qtranxs-available-language-link-tr\" title=\"Turkish\">Turkish<\/a>. For the sake of viewer convenience, the content is shown below in the alternative language. You may click the link to switch the active language.<\/p><p><\/p>\n<h1><strong>2 k\u0131ta ve 5 \u00fclkede faaliyet g\u00f6steren Aksa Enerji\u2019nin sponsorlu\u011funda K\u0131br\u0131s\u2019ta bu y\u0131l 5&#8217;incisi d\u00fczenlenen Uluslararas\u0131 Aksa Fotofest yar\u0131\u015fmas\u0131na ba\u015fvurular ba\u015flad\u0131. K\u0131br\u0131s\u2019ta foto\u011fraf sanat\u0131n\u0131 yayg\u0131nla\u015ft\u0131rmak ve desteklemek amac\u0131yla her y\u0131l d\u00fczenlenen Uluslararas\u0131 Aksa Fotofest foto\u011fraf yar\u0131\u015fmas\u0131nda bu y\u0131l\u0131n temalar\u0131 \u201c\u0130nsan Portreleri\u201d ile \u201cSa\u011fl\u0131k ve Umut\u201d olarak belirlendi.\u00a0<\/strong><strong>15 Aral\u0131k 2020\u2019ye kadar ba\u015fvurular\u0131n yap\u0131labilece\u011fi yar\u0131\u015fman\u0131n sonucunda dereceye giren foto\u011fraflara toplamda 13 bin TL\u2019lik \u00f6d\u00fcl da\u011f\u0131t\u0131m\u0131 yap\u0131lacak.<\/strong><\/h1>\n<p><strong>K\u0131br\u0131s dahil<\/strong> olmak \u00fczere<strong> 5 \u00fclkede<\/strong> faaliyet g\u00f6steren <strong>Aksa Enerji<\/strong>, d\u00fczenlendi\u011fi ilk y\u0131ldan beri destek\u00e7isi oldu\u011fu<strong> \u201cK\u0131br\u0131s Uluslararas\u0131 Aksa Fotofest Yar\u0131\u015fmas\u0131\u201d<\/strong>n\u0131n bu y\u0131l da<strong> isim <img loading=\"lazy\" class=\"alignright wp-image-122567\" src=\"https:\/\/www.enerjigazetesi.ist\/wp-content\/uploads\/2020\/10\/kibris-5inci-uluslararasi-aksa-fotofest-fotograf-yarismasi-basladi.png\" alt=\"\" width=\"320\" height=\"240\" srcset=\"https:\/\/www.enerjigazetesi.ist\/wp-content\/uploads\/2020\/10\/kibris-5inci-uluslararasi-aksa-fotofest-fotograf-yarismasi-basladi.png 968w, https:\/\/www.enerjigazetesi.ist\/wp-content\/uploads\/2020\/10\/kibris-5inci-uluslararasi-aksa-fotofest-fotograf-yarismasi-basladi-300x225.png 300w, https:\/\/www.enerjigazetesi.ist\/wp-content\/uploads\/2020\/10\/kibris-5inci-uluslararasi-aksa-fotofest-fotograf-yarismasi-basladi-768x576.png 768w, https:\/\/www.enerjigazetesi.ist\/wp-content\/uploads\/2020\/10\/kibris-5inci-uluslararasi-aksa-fotofest-fotograf-yarismasi-basladi-500x375.png 500w, https:\/\/www.enerjigazetesi.ist\/wp-content\/uploads\/2020\/10\/kibris-5inci-uluslararasi-aksa-fotofest-fotograf-yarismasi-basladi-67x50.png 67w\" sizes=\"(max-width: 320px) 100vw, 320px\" \/>sponsorlu\u011fu<\/strong>nu \u00fcstlendi.<\/p>\n<p>Her y\u0131l oldu\u011fu gibi <strong>1000&#8217;lerce foto\u011fraf sanat\u00e7\u0131s\u0131<\/strong>n\u0131n kat\u0131laca\u011f\u0131 yar\u0131\u015fmada bu y\u0131l<strong> Covid-19 sebebiyle<\/strong> sa\u011fl\u0131kl\u0131 bir ya\u015fam\u0131n \u00f6nemine dikkat \u00e7ekebilmek amac\u0131yla temalardan biri<strong> &#8220;Sa\u011fl\u0131k ve Umut&#8221;<\/strong> olarak belirlendi. Bir di\u011fer tema olan<strong> &#8220;\u0130nsan Portreleri&#8221;<\/strong>nde ise kalplerdeki duygular\u0131n foto\u011fraflarda hayat bulmas\u0131 hedefleniyor.<\/p>\n<p><strong>15 Aral\u0131k 2020<\/strong> tarihine kadar <a href=\"http:\/\/www.aksaenerjikibris.com\" target=\"_blank\" rel=\"nofollow noopener\"><strong>www.aksaenerjikibris.com<\/strong><\/a> adresinden ba\u015fvurular\u0131n kabul edilece\u011fi yar\u0131\u015fmada<strong> 1&#8217;inci olan<\/strong> eser<strong> Aksa \u00d6zel \u00d6d\u00fcl\u00fc<\/strong>\u2019n\u00fc kazanarak <strong>5 bin TL<\/strong>\u2019lik \u00f6d\u00fcl\u00fcn sahibi olacak. Ayr\u0131ca, her<strong> 2 tema<\/strong> \u00f6zelinde <strong>2<\/strong> adet <strong>2 biner TL<\/strong>\u2019lik<strong> ba\u015far\u0131 \u00f6d\u00fcl\u00fc<\/strong> da\u011f\u0131t\u0131lacak.<\/p>\n<p>Yar\u0131\u015fman\u0131n sonu\u00e7lar\u0131 <strong>25 Aral\u0131k 2020<\/strong> tarihinde <a href=\"http:\/\/www.aksaenerjikibris.com\" target=\"_blank\" rel=\"nofollow noopener\"><strong>www.aksaenerjikibris.com<\/strong><\/a> adresi \u00fczerinden a\u00e7\u0131klanacak.<\/p>","protected":false},"excerpt":{"rendered":"<p>Sorry, this entry is only available in Turkish. For the sake of viewer convenience, the content is shown below in the alternative language. You may click the link to switch the active language. 2 k\u0131ta ve 5 \u00fclkede faaliyet g\u00f6steren Aksa Enerji\u2019nin sponsorlu\u011funda K\u0131br\u0131s\u2019ta bu y\u0131l 5&#8217;incisi d\u00fczenlenen Uluslararas\u0131 Aksa Fotofest yar\u0131\u015fmas\u0131na ba\u015fvurular ba\u015flad\u0131. K\u0131br\u0131s\u2019ta [&hellip;]<\/p>\n","protected":false},"author":1,"featured_media":122567,"comment_status":"open","ping_status":"open","sticky":false,"template":"","format":"standard","meta":[],"categories":[51,53],"tags":[81382,81387,81389,81384,81386,81388,81385,57125,81383],"views":119,"_links":{"self":[{"href":"https:\/\/www.enerjigazetesi.ist\/en\/wp-json\/wp\/v2\/posts\/122565"}],"collection":[{"href":"https:\/\/www.enerjigazetesi.ist\/en\/wp-json\/wp\/v2\/posts"}],"about":[{"href":"https:\/\/www.enerjigazetesi.ist\/en\/wp-json\/wp\/v2\/types\/post"}],"author":[{"embeddable":true,"href":"https:\/\/www.enerjigazetesi.ist\/en\/wp-json\/wp\/v2\/users\/1"}],"replies":[{"embeddable":true,"href":"https:\/\/www.enerjigazetesi.ist\/en\/wp-json\/wp\/v2\/comments?post=122565"}],"version-history":[{"count":0,"href":"https:\/\/www.enerjigazetesi.ist\/en\/wp-json\/wp\/v2\/posts\/122565\/revisions"}],"wp:featuredmedia":[{"embeddable":true,"href":"https:\/\/www.enerjigazetesi.ist\/en\/wp-json\/wp\/v2\/media\/122567"}],"wp:attachment":[{"href":"https:\/\/www.enerjigazetesi.ist\/en\/wp-json\/wp\/v2\/media?parent=122565"}],"wp:term":[{"taxonomy":"category","embeddable":true,"href":"https:\/\/www.enerjigazetesi.ist\/en\/wp-json\/wp\/v2\/categories?post=122565"},{"taxonomy":"post_tag","embeddable":true,"href":"https:\/\/www.enerjigazetesi.ist\/en\/wp-json\/wp\/v2\/tags?post=122565"}],"curies":[{"name":"wp","href":"https:\/\/api.w.org\/{rel}","templated":true}]}}