{"id":12256,"date":"2013-06-24T09:59:02","date_gmt":"2013-06-24T06:59:02","guid":{"rendered":"https:\/\/www.enerjigazetesi.ist\/?p=12256"},"modified":"2013-06-24T09:59:40","modified_gmt":"2013-06-24T06:59:40","slug":"yenilenebilir-enerji-kaynaklari-ve-enerji-verimliligi-projesi-egitimi","status":"publish","type":"post","link":"https:\/\/www.enerjigazetesi.ist\/en\/yenilenebilir-enerji-kaynaklari-ve-enerji-verimliligi-projesi-egitimi\/","title":{"rendered":"(Turkish) &#8221;Yenilenebilir Enerji Kaynaklar\u0131 ve Enerji Verimlili\u011fi&#8221; Projesi E\u011fitimi"},"content":{"rendered":"<p class=\"qtranxs-available-languages-message qtranxs-available-languages-message-en\">Sorry, this entry is only available in <a href=\"https:\/\/www.enerjigazetesi.ist\/tr\/wp-json\/wp\/v2\/posts\/12256\" class=\"qtranxs-available-language-link qtranxs-available-language-link-tr\" title=\"Turkish\">Turkish<\/a>. For the sake of viewer convenience, the content is shown below in the alternative language. You may click the link to switch the active language.<\/p><p><\/p>\n<h2>\u015eanl\u0131urfa&#8217;da GAP B\u00f6lge Kalk\u0131nma \u0130daresi (BK\u0130) taraf\u0131ndan y\u00fcr\u00fct\u00fclen &#8220;Yenilenebilir enerji kaynaklar\u0131n\u0131n kullan\u0131m\u0131 ve enerji verimlili\u011finin art\u0131r\u0131lmas\u0131&#8221; projesi kapsam\u0131nda e\u011fitim verilecek.<\/h2>\n<p>\u015eanl\u0131urfa&#8217;da GAP B\u00f6lge Kalk\u0131nma \u0130daresi (BK\u0130) taraf\u0131ndan y\u00fcr\u00fct\u00fclen &#8220;Yenilenebilir enerji kaynaklar\u0131n\u0131n kullan\u0131m\u0131 ve enerji verimlili\u011finin art\u0131r\u0131lmas\u0131&#8221; projesi kapsam\u0131nda e\u011fitim verilecek.<\/p>\n<p><a href=\"https:\/\/www.enerjigazetesi.ist\/wp-content\/uploads\/2013\/06\/yenilenebilir-enerji-kaynaklarinin-kullanimi.jpg\"><img loading=\"lazy\" class=\"alignleft size-medium wp-image-12257\" title=\"yenilenebilir-enerji-kaynaklarinin-kullanimi-enerji-verimliligi\" src=\"https:\/\/www.enerjigazetesi.ist\/wp-content\/uploads\/2013\/06\/yenilenebilir-enerji-kaynaklarinin-kullanimi-300x196.jpg\" alt=\"\" width=\"300\" height=\"196\" srcset=\"https:\/\/www.enerjigazetesi.ist\/wp-content\/uploads\/2013\/06\/yenilenebilir-enerji-kaynaklarinin-kullanimi-300x196.jpg 300w, https:\/\/www.enerjigazetesi.ist\/wp-content\/uploads\/2013\/06\/yenilenebilir-enerji-kaynaklarinin-kullanimi-1024x670.jpg 1024w, https:\/\/www.enerjigazetesi.ist\/wp-content\/uploads\/2013\/06\/yenilenebilir-enerji-kaynaklarinin-kullanimi-500x327.jpg 500w, https:\/\/www.enerjigazetesi.ist\/wp-content\/uploads\/2013\/06\/yenilenebilir-enerji-kaynaklarinin-kullanimi-76x50.jpg 76w\" sizes=\"(max-width: 300px) 100vw, 300px\" \/><\/a>GAP BK\u0130&#8217;den yap\u0131lan a\u00e7\u0131klamaya g\u00f6re,\u00a0kurumsal kapasitesinin geli\u015ftirilmesi amac\u0131yla 9 farkl\u0131 ilden profesyonellerin kat\u0131laca\u011f\u0131 yal\u0131t\u0131m e\u011fitimlerinin \u00fc\u00e7\u00fcnc\u00fcs\u00fc, 24-27 Haziran&#8217;da\u00a0Harran \u00dcniversitesi Osmanbey Kamp\u00fcs\u00fc&#8217;nde ger\u00e7ekle\u015ftirilecek.<\/p>\n<p>GAP Eylem Plan\u0131nda yer alan ve\u00a0Birle\u015fmi\u015f Milletler Kalk\u0131nma Program\u0131 (UNDP) i\u015fbirli\u011fiyle d\u00fczenlenen e\u011fitimlerde\u00a0enerji kaynaklar\u0131nin verimli t\u00fcketiminin\u00a0sa\u011flanmas\u0131 ama\u00e7lan\u0131yor.<\/p>\n<p>Yal\u0131t\u0131m sekt\u00f6r\u00fcnde faaliyet g\u00f6steren \u0130zocam&#8217;\u0131n yetkililerinden teorik olarak, &#8220;Enerji Verimlili\u011fi ve TS-825 Is\u0131 Yal\u0131t\u0131m Kurallar\u0131 E\u011fitimi&#8221;nin\u00a0yer ald\u0131\u011f\u0131 programda\u00a0kat\u0131l\u0131mc\u0131lara sertifika verilecek.<\/p>\n<p>Kaynak: <a href=\"http:\/\/www.haberler.com\/yenilenebilir-enerji-kaynaklarinin-kullanimi-ve-4756965-haberi\/\" target=\"_blank\">Haberler<\/a><\/p>","protected":false},"excerpt":{"rendered":"<p>Sorry, this entry is only available in Turkish. For the sake of viewer convenience, the content is shown below in the alternative language. You may click the link to switch the active language. \u015eanl\u0131urfa&#8217;da GAP B\u00f6lge Kalk\u0131nma \u0130daresi (BK\u0130) taraf\u0131ndan y\u00fcr\u00fct\u00fclen &#8220;Yenilenebilir enerji kaynaklar\u0131n\u0131n kullan\u0131m\u0131 ve enerji verimlili\u011finin art\u0131r\u0131lmas\u0131&#8221; projesi kapsam\u0131nda e\u011fitim verilecek. \u015eanl\u0131urfa&#8217;da GAP [&hellip;]<\/p>\n","protected":false},"author":1,"featured_media":12257,"comment_status":"open","ping_status":"open","sticky":false,"template":"","format":"standard","meta":[],"categories":[53,52,49,47,48,50],"tags":[2219,6252,6251,1949,63,67,6253,12,6255,1214,6254,1190,2097,2218,105,508],"views":1061,"_links":{"self":[{"href":"https:\/\/www.enerjigazetesi.ist\/en\/wp-json\/wp\/v2\/posts\/12256"}],"collection":[{"href":"https:\/\/www.enerjigazetesi.ist\/en\/wp-json\/wp\/v2\/posts"}],"about":[{"href":"https:\/\/www.enerjigazetesi.ist\/en\/wp-json\/wp\/v2\/types\/post"}],"author":[{"embeddable":true,"href":"https:\/\/www.enerjigazetesi.ist\/en\/wp-json\/wp\/v2\/users\/1"}],"replies":[{"embeddable":true,"href":"https:\/\/www.enerjigazetesi.ist\/en\/wp-json\/wp\/v2\/comments?post=12256"}],"version-history":[{"count":3,"href":"https:\/\/www.enerjigazetesi.ist\/en\/wp-json\/wp\/v2\/posts\/12256\/revisions"}],"predecessor-version":[{"id":12260,"href":"https:\/\/www.enerjigazetesi.ist\/en\/wp-json\/wp\/v2\/posts\/12256\/revisions\/12260"}],"wp:featuredmedia":[{"embeddable":true,"href":"https:\/\/www.enerjigazetesi.ist\/en\/wp-json\/wp\/v2\/media\/12257"}],"wp:attachment":[{"href":"https:\/\/www.enerjigazetesi.ist\/en\/wp-json\/wp\/v2\/media?parent=12256"}],"wp:term":[{"taxonomy":"category","embeddable":true,"href":"https:\/\/www.enerjigazetesi.ist\/en\/wp-json\/wp\/v2\/categories?post=12256"},{"taxonomy":"post_tag","embeddable":true,"href":"https:\/\/www.enerjigazetesi.ist\/en\/wp-json\/wp\/v2\/tags?post=12256"}],"curies":[{"name":"wp","href":"https:\/\/api.w.org\/{rel}","templated":true}]}}