{"id":122541,"date":"2020-10-26T15:55:27","date_gmt":"2020-10-26T12:55:27","guid":{"rendered":"https:\/\/www.enerjigazetesi.ist\/?p=122541"},"modified":"2020-10-26T15:55:27","modified_gmt":"2020-10-26T12:55:27","slug":"twre-nordex-acciona-nin-2inci-ruzgar-turbin-teknik-egitimi-gerceklestirildi","status":"publish","type":"post","link":"https:\/\/www.enerjigazetesi.ist\/en\/twre-nordex-acciona-nin-2inci-ruzgar-turbin-teknik-egitimi-gerceklestirildi\/","title":{"rendered":"(Turkish) Twre &#038; Nordex Acciona&#8217;n\u0131n 2&#8217;inci R\u00fczgar T\u00fcrbin Teknik E\u011fitimi Ger\u00e7ekle\u015ftirildi"},"content":{"rendered":"<p class=\"qtranxs-available-languages-message qtranxs-available-languages-message-en\">Sorry, this entry is only available in <a href=\"https:\/\/www.enerjigazetesi.ist\/tr\/wp-json\/wp\/v2\/posts\/122541\" class=\"qtranxs-available-language-link qtranxs-available-language-link-tr\" title=\"Turkish\">Turkish<\/a>. For the sake of viewer convenience, the content is shown below in the alternative language. You may click the link to switch the active language.<\/p><p><\/p>\n<h1>T\u00fcrkiye\u2019de enerji sekt\u00f6r\u00fcn\u00fcn \u2018Cinsiyet E\u015fitli\u011fi\u2019 platformu olan TWRE Yenilenebilir Enerji ve Enerji Sekt\u00f6r\u00fc T\u00fcrk Kad\u0131nlar\u0131 Grubu, enerji sekt\u00f6r\u00fcn\u00fcn geli\u015fiminde ve d\u00f6n\u00fc\u015f\u00fcmde rol oynayan kad\u0131nlar\u0131n ileti\u015fim grubu olarak 2018 y\u0131l\u0131nda kurulmu\u015ftur.<\/h1>\n<p>Bug\u00fcn<strong> 1300<\/strong>\u2019den fazla \u00fcyesi ve <strong>1000<\/strong>&#8216;lerde takip\u00e7isi olan <strong>TWRE<\/strong>, d\u00fcnya devi <strong>r\u00fczg\u00e2r t\u00fcrbin \u00fcreticileri<\/strong>nden <strong>Nordex Acciona grup<\/strong> ile, bu y\u0131l <strong>R\u00dcZGAR T\u00dcRB\u0130N TEKN\u0130K E\u011e\u0130T\u0130M\u0130N\u0130<\/strong>\u2019nin 2&#8217;ncisi <strong>20-21-22 Ekim 2020<\/strong>\u2019de <strong>\u0130zmir\u2019de<\/strong> ger\u00e7ekle\u015ftirdi.<\/p>\n<p>R\u00fczgar enerjisi sekt\u00f6r\u00fcne<strong> beyaz<\/strong> ve <strong>mavi yaka kad\u0131n yeti\u015ftirilmesi<\/strong> i\u00e7in ba\u015flat\u0131lm\u0131\u015f olan programda, <img loading=\"lazy\" class=\"alignright wp-image-122544\" src=\"https:\/\/www.enerjigazetesi.ist\/wp-content\/uploads\/2020\/10\/twre-nordex-acciona-nin-2inci-ruzgar-turbin-teknik-egitimi-gerceklestirildi-2.jpg\" alt=\"\" width=\"320\" height=\"353\" srcset=\"https:\/\/www.enerjigazetesi.ist\/wp-content\/uploads\/2020\/10\/twre-nordex-acciona-nin-2inci-ruzgar-turbin-teknik-egitimi-gerceklestirildi-2.jpg 442w, https:\/\/www.enerjigazetesi.ist\/wp-content\/uploads\/2020\/10\/twre-nordex-acciona-nin-2inci-ruzgar-turbin-teknik-egitimi-gerceklestirildi-2-272x300.jpg 272w, https:\/\/www.enerjigazetesi.ist\/wp-content\/uploads\/2020\/10\/twre-nordex-acciona-nin-2inci-ruzgar-turbin-teknik-egitimi-gerceklestirildi-2-362x400.jpg 362w, https:\/\/www.enerjigazetesi.ist\/wp-content\/uploads\/2020\/10\/twre-nordex-acciona-nin-2inci-ruzgar-turbin-teknik-egitimi-gerceklestirildi-2-45x50.jpg 45w\" sizes=\"(max-width: 320px) 100vw, 320px\" \/>bu y\u0131l, <strong>\u0130stanbul, \u0130zmir <\/strong>ve<strong> Ankara\u2019dan<\/strong> <strong>meslek lisesi motor b\u00f6l\u00fcm\u00fc<\/strong> mezunu, \u00fcniversitelerin <strong>elektrik, makine, in\u015faat, meteoroloji ve enerji sistemi m\u00fchendisli\u011fi<\/strong> <em>son s\u0131n\u0131f \u00f6\u011frencileri<\/em> ve yeni mezunlar\u0131ndan olan <strong>10<\/strong> gen\u00e7 kad\u0131n adaya, <strong>3 g\u00fcn boyunca<\/strong> detayl\u0131 <strong>teorik<\/strong> ve <strong>pratik e\u011fitimler<\/strong> verilmi\u015ftir.<\/p>\n<p>Program\u0131n <strong>1&#8217;inci g\u00fcn\u00fc<\/strong>nde <strong>r\u00fczgar t\u00fcrbin tipleri, t\u00fcrbin mekanik<\/strong> ve <strong>elektrik sistem bile\u015fenleri, SCADA sistemi, Delta4000 t\u00fcrbinleri<\/strong> t\u00fcm detaylar\u0131 ile anlat\u0131lm\u0131\u015ft\u0131r.<\/p>\n<p>Program\u0131n 2&#8217;inci g\u00fcn\u00fcnde <strong>Nordex \u0130zmir Ofisi<\/strong> ve <strong>e\u011fitim merkezi<\/strong> ziyareti ile <strong>teorik e\u011fitim<\/strong> ve <strong>sistem bile\u015fenleri<\/strong>nin pratik olarak g\u00f6r\u00fclmesi sa\u011flanm\u0131\u015ft\u0131r.<\/p>\n<p>Son g\u00fcnde ger\u00e7ekle\u015ftirilen saha ziyaretinde, <strong>P\u0130TANE RES N117 Gama<\/strong>, <strong>YUNTADA\u011eI RES N90 Beta<\/strong> ve <strong>Gama<\/strong>, <strong>AK\u00c7A RES Delta4K t\u00fcrbinleri<\/strong> yerinde ziyareti edilmi\u015f ve b\u00f6ylece operasyonel g\u00f6zlemleri yap\u0131lm\u0131\u015ft\u0131r.<\/p>\n<p>TWRE Kurucu Ba\u015fkan\u0131 Say\u0131n <strong>Sedef Budak<\/strong>, program hakk\u0131nda; <em>\u201cB\u00f6yle k\u0131ymetli bir e\u011fitimin geleneksel hale gelmesinden \u00e7ok memnunuz, gen\u00e7 kad\u0131nlar\u0131m\u0131z\u0131n enerjinin d\u00f6n\u00fc\u015f\u00fcm\u00fcnde yer almalar\u0131 ve kariyerlerini yenilenebilir alan\u0131nda y\u00f6nlendirmeleri bizim i\u00e7in \u00e7ok \u00f6nemli bir konu idi. Nordex T\u00fcrkiye\u2019ye desteklerinden \u00f6t\u00fcr\u00fc \u00e7ok te\u015fekk\u00fcr ediyoruz\u201d<\/em> demi\u015ftir.<\/p>\n<p>Nordex E\u011fitim Koordinat\u00f6r\u00fc <strong>Melike Sezginer<\/strong> ise, <em>\u201c Nordex T\u00fcrkiye olarak gen\u00e7 kad\u0131nlar\u0131m\u0131z\u0131 yenilenebilir enerji sekt\u00f6r\u00fcnde kazand\u0131rmay\u0131 te\u015fvik etmek \u00fczere b\u00f6yle bir i\u015fbirli\u011finde olmaktan kendilerini Nordex Acedemy T\u00fcrkiye\u2019de a\u011f\u0131rlamaktan mutluluk duyuyoruz ve t\u00fcm arkada\u015flar\u0131m\u0131za kat\u0131l\u0131mlar\u0131ndan dolay\u0131 te\u015fekk\u00fcr ediyoruz\u201d<\/em> demi\u015ftir.<\/p>\n<p>Bu e\u011fitim, Nordex E\u011fitim Koordinat\u00f6r\u00fc <strong>Melike Sezginer<\/strong> ve \u0130zmir Ofis M\u00fcd\u00fcr\u00fc <strong>G\u00fcl\u00e7e \u00c7al\u0131\u015fkan<\/strong>\u2019\u0131n koordinat\u00f6rl\u00fc\u011f\u00fcnde, Nordex Teknoloji ve Geli\u015ftirme M\u00fcd\u00fcr\u00fc <strong>Selim T\u00fcrkel v<\/strong>e Teknik E\u011fitmenler <strong>Ahmet Paksoy<\/strong> ve<strong> Zafer Avc\u0131<\/strong>\u2019n\u0131n katk\u0131lar\u0131 ile d\u00fczenlenmi\u015ftir.<\/p>","protected":false},"excerpt":{"rendered":"<p>Sorry, this entry is only available in Turkish. For the sake of viewer convenience, the content is shown below in the alternative language. You may click the link to switch the active language. T\u00fcrkiye\u2019de enerji sekt\u00f6r\u00fcn\u00fcn \u2018Cinsiyet E\u015fitli\u011fi\u2019 platformu olan TWRE Yenilenebilir Enerji ve Enerji Sekt\u00f6r\u00fc T\u00fcrk Kad\u0131nlar\u0131 Grubu, enerji sekt\u00f6r\u00fcn\u00fcn geli\u015fiminde ve d\u00f6n\u00fc\u015f\u00fcmde rol [&hellip;]<\/p>\n","protected":false},"author":1,"featured_media":122545,"comment_status":"open","ping_status":"open","sticky":false,"template":"","format":"standard","meta":[],"categories":[51,53,50],"tags":[52259,81346,2689,81351,81347,81352,35002,10448,53282,81348,81350,44358,54979,81345,81349],"views":279,"_links":{"self":[{"href":"https:\/\/www.enerjigazetesi.ist\/en\/wp-json\/wp\/v2\/posts\/122541"}],"collection":[{"href":"https:\/\/www.enerjigazetesi.ist\/en\/wp-json\/wp\/v2\/posts"}],"about":[{"href":"https:\/\/www.enerjigazetesi.ist\/en\/wp-json\/wp\/v2\/types\/post"}],"author":[{"embeddable":true,"href":"https:\/\/www.enerjigazetesi.ist\/en\/wp-json\/wp\/v2\/users\/1"}],"replies":[{"embeddable":true,"href":"https:\/\/www.enerjigazetesi.ist\/en\/wp-json\/wp\/v2\/comments?post=122541"}],"version-history":[{"count":0,"href":"https:\/\/www.enerjigazetesi.ist\/en\/wp-json\/wp\/v2\/posts\/122541\/revisions"}],"wp:featuredmedia":[{"embeddable":true,"href":"https:\/\/www.enerjigazetesi.ist\/en\/wp-json\/wp\/v2\/media\/122545"}],"wp:attachment":[{"href":"https:\/\/www.enerjigazetesi.ist\/en\/wp-json\/wp\/v2\/media?parent=122541"}],"wp:term":[{"taxonomy":"category","embeddable":true,"href":"https:\/\/www.enerjigazetesi.ist\/en\/wp-json\/wp\/v2\/categories?post=122541"},{"taxonomy":"post_tag","embeddable":true,"href":"https:\/\/www.enerjigazetesi.ist\/en\/wp-json\/wp\/v2\/tags?post=122541"}],"curies":[{"name":"wp","href":"https:\/\/api.w.org\/{rel}","templated":true}]}}