{"id":122506,"date":"2020-10-25T21:30:52","date_gmt":"2020-10-25T18:30:52","guid":{"rendered":"https:\/\/www.enerjigazetesi.ist\/?p=122506"},"modified":"2020-10-25T21:33:10","modified_gmt":"2020-10-25T18:33:10","slug":"turk-prysmian-kablodan-elektrikten-cikan-yanginlari-azaltacak-kablo-uretimi","status":"publish","type":"post","link":"https:\/\/www.enerjigazetesi.ist\/en\/turk-prysmian-kablodan-elektrikten-cikan-yanginlari-azaltacak-kablo-uretimi\/","title":{"rendered":"(Turkish) T\u00fcrk Prysmian Kablo&#8217;dan Elektrikten \u00c7\u0131kan Yang\u0131nlar\u0131 Azaltacak Kablo \u00dcretimi"},"content":{"rendered":"<p class=\"qtranxs-available-languages-message qtranxs-available-languages-message-en\">Sorry, this entry is only available in <a href=\"https:\/\/www.enerjigazetesi.ist\/tr\/wp-json\/wp\/v2\/posts\/122506\" class=\"qtranxs-available-language-link qtranxs-available-language-link-tr\" title=\"Turkish\">Turkish<\/a>. For the sake of viewer convenience, the content is shown below in the alternative language. You may click the link to switch the active language.<\/p><p><\/p>\n<h1>Enerji ve telekom\u00fcnikasyon kablolar\u0131 sekt\u00f6r\u00fcn\u00fcn d\u00fcnya \u00e7ap\u0131nda lideri Prysmian Group\u2019un T\u00fcrkiye operasyonu T\u00fcrk Prysmian Kablo\u2019nun yapt\u0131\u011f\u0131 a\u00e7\u0131klamada, kullan\u0131lan kablonun \u00f6nemine dikkat \u00e7ekilirken Bursa Mudanya\u2019daki fabrikas\u0131nda \u00fcretti\u011fi son teknoloji AFUMEX\u2122 kablolar ile yang\u0131na kar\u015f\u0131 daha g\u00fcvenli, yeni nesil \u00e7\u00f6z\u00fcmler sunan \u015firket, binalarda elektrik tesisat\u0131ndan kaynakl\u0131 \u00e7\u0131kan yang\u0131nlar\u0131n teknolojisi y\u00fcksek, yang\u0131na kar\u015f\u0131 g\u00fcvenli kablolar sayesinde en aza inece\u011fini, yapt\u0131\u011f\u0131 Ar-Ge \u00e7al\u0131\u015fmalar\u0131 ve yanma testleriyle de kan\u0131tl\u0131yor.<\/h1>\n<h2><strong>Hayati \u00f6nem ta\u015f\u0131yan sistemler yang\u0131n s\u0131ras\u0131nda da \u00e7al\u0131\u015f\u0131yor<\/strong><\/h2>\n<figure id=\"attachment_12734\" class=\"wp-caption alignleft\" aria-describedby=\"caption-attachment-12734\">22 bin farkl\u0131 kablo \u00fcretti\u011fi Mudanya fabrikas\u0131nda Yap\u0131 Malzemeleri Y\u00f6netmeli\u011fi (CPR) laboratuvar\u0131 da bulunan <strong>T\u00fcrk Prysmian Kablo<\/strong>\u2019nun CEO\u2019su <strong>Cinzia Faris\u00e8<\/strong>, g\u00fcn\u00fcm\u00fczde ilerleyen teknoloji ile <img loading=\"lazy\" class=\"alignright wp-image-122509\" src=\"https:\/\/www.enerjigazetesi.ist\/wp-content\/uploads\/2020\/10\/turk-prysmian-kablodan-elektrikten-cikan-yanginlari-azaltacak-kablo-uretimi-2.jpg\" alt=\"\" width=\"320\" height=\"213\" srcset=\"https:\/\/www.enerjigazetesi.ist\/wp-content\/uploads\/2020\/10\/turk-prysmian-kablodan-elektrikten-cikan-yanginlari-azaltacak-kablo-uretimi-2.jpg 480w, https:\/\/www.enerjigazetesi.ist\/wp-content\/uploads\/2020\/10\/turk-prysmian-kablodan-elektrikten-cikan-yanginlari-azaltacak-kablo-uretimi-2-300x200.jpg 300w, https:\/\/www.enerjigazetesi.ist\/wp-content\/uploads\/2020\/10\/turk-prysmian-kablodan-elektrikten-cikan-yanginlari-azaltacak-kablo-uretimi-2-75x50.jpg 75w, https:\/\/www.enerjigazetesi.ist\/wp-content\/uploads\/2020\/10\/turk-prysmian-kablodan-elektrikten-cikan-yanginlari-azaltacak-kablo-uretimi-2-450x300.jpg 450w\" sizes=\"(max-width: 320px) 100vw, 320px\" \/>birlikte kablolar\u0131n yang\u0131na kar\u015f\u0131 daha g\u00fcvenli hale getirildi\u011fini belirterek, \u201cYang\u0131nlarda ya\u015fanan can kay\u0131plar\u0131nda ve <strong>zehirlenmelerde<\/strong> en \u00f6nemli etmenlerden biri de yang\u0131n s\u0131ras\u0131nda kablolardan \u00e7\u0131kan <strong>duman<\/strong> ve <strong>zehirli gaz<\/strong>. Bu sebeple, insan sirk\u00fclasyonunun yo\u011fun oldu\u011fu <strong>AVM<\/strong> ya da<strong> hastane<\/strong> gibi yerlerde <strong>d\u00fc\u015f\u00fck duman yo\u011funlu\u011funa<\/strong> sahip, yang\u0131na kar\u015f\u0131<strong> g\u00fcvenli kablolar\u0131n kullan\u0131lmas\u0131<\/strong> gerekiyor. Bu kablolar\u0131n kullan\u0131lmas\u0131 sayesinde, olas\u0131 bir yang\u0131nda binan\u0131n bo\u015falt\u0131lmas\u0131 i\u00e7in gereken s\u00fcre uzarken, acil m\u00fcdahale ekiplerinin daha iyi ko\u015fullarda \u00e7al\u0131\u015fmas\u0131 sa\u011flanabiliyor. \u00d6te yandan, <strong>yang\u0131na kar\u015f\u0131 g\u00fcvenli kablolar<\/strong> sayesinde <strong>kesintisiz g\u00fc\u00e7 kaynaklar\u0131<\/strong> ve <strong>yang\u0131n alarm sistemleri<\/strong> gibi hayati \u00f6nem ta\u015f\u0131yan sistemler de yang\u0131n s\u0131ras\u0131nda \u00e7al\u0131\u015fabiliyor.\u201d diye konu\u015ftu.<\/figure>\n<h2><strong>\u201cSekt\u00f6r\u00fcm\u00fcz\u00fcn t\u00fcm payda\u015flar\u0131na kablo se\u00e7iminin \u00f6nemini anlat\u0131yoruz\u201d<\/strong><\/h2>\n<p><strong>\u201cT\u00fcrkiye\u2019yi Yar\u0131nlara Ba\u011fl\u0131yoruz\u201d<\/strong> misyonu ve <strong>s\u00fcrd\u00fcr\u00fclebilirlik yakla\u015f\u0131mlar\u0131yla<\/strong> sekt\u00f6r\u00fc de bilin\u00e7lendirme \u00e7al\u0131\u015fmalar\u0131 y\u00fcr\u00fctt\u00fcklerini dile getiren Faris\u00e8, \u201c\u0130lk kez 2012 y\u0131l\u0131nda duyurdu\u011fumuz <strong>\u201cDikkat! Her Kablo Ayn\u0131 De\u011fildir\u2026\u201d<\/strong> giri\u015fimimiz kapsam\u0131nda, i<strong>tfaiyelere, yetkili sat\u0131c\u0131lar\u0131<\/strong>m\u0131za, <strong>proje firmalar\u0131<\/strong>na, <strong>m\u00fcteahhitlere<\/strong> vb sekt\u00f6r\u00fcm\u00fcz\u00fcn t\u00fcm payda\u015flar\u0131na yang\u0131n tehlikesine kar\u015f\u0131 <strong>kablo se\u00e7iminin ne kadar \u00f6nemli oldu\u011fu<\/strong>nu anlat\u0131yoruz. Bu ama\u00e7la yakla\u015f\u0131k bir y\u0131l \u00f6nce <strong>sahadaki montaj eleman\u0131ndan<\/strong> <em>ofisteki m\u00fchendislere<\/em> kadar t\u00fcm kullan\u0131c\u0131lara <strong>proje <\/strong>ve<strong> tesisat y\u00f6ntemi<\/strong>ne uygun olarak <strong>en iyi kablolama \u00e7\u00f6z\u00fcm\u00fc<\/strong>n\u00fc se\u00e7mede yard\u0131mc\u0131 olan<strong> CableApp uygulamam\u0131z\u0131<\/strong> hayata ge\u00e7irdik.\u201d dedi.<\/p>","protected":false},"excerpt":{"rendered":"<p>Sorry, this entry is only available in Turkish. For the sake of viewer convenience, the content is shown below in the alternative language. You may click the link to switch the active language. Enerji ve telekom\u00fcnikasyon kablolar\u0131 sekt\u00f6r\u00fcn\u00fcn d\u00fcnya \u00e7ap\u0131nda lideri Prysmian Group\u2019un T\u00fcrkiye operasyonu T\u00fcrk Prysmian Kablo\u2019nun yapt\u0131\u011f\u0131 a\u00e7\u0131klamada, kullan\u0131lan kablonun \u00f6nemine dikkat \u00e7ekilirken [&hellip;]<\/p>\n","protected":false},"author":1,"featured_media":122510,"comment_status":"open","ping_status":"open","sticky":false,"template":"","format":"standard","meta":[],"categories":[51,53],"tags":[79451,11683,79455,53114,81299,52259,81302,81297,81300,81298,36222,45696,81296,75923,81301],"views":101,"_links":{"self":[{"href":"https:\/\/www.enerjigazetesi.ist\/en\/wp-json\/wp\/v2\/posts\/122506"}],"collection":[{"href":"https:\/\/www.enerjigazetesi.ist\/en\/wp-json\/wp\/v2\/posts"}],"about":[{"href":"https:\/\/www.enerjigazetesi.ist\/en\/wp-json\/wp\/v2\/types\/post"}],"author":[{"embeddable":true,"href":"https:\/\/www.enerjigazetesi.ist\/en\/wp-json\/wp\/v2\/users\/1"}],"replies":[{"embeddable":true,"href":"https:\/\/www.enerjigazetesi.ist\/en\/wp-json\/wp\/v2\/comments?post=122506"}],"version-history":[{"count":0,"href":"https:\/\/www.enerjigazetesi.ist\/en\/wp-json\/wp\/v2\/posts\/122506\/revisions"}],"wp:featuredmedia":[{"embeddable":true,"href":"https:\/\/www.enerjigazetesi.ist\/en\/wp-json\/wp\/v2\/media\/122510"}],"wp:attachment":[{"href":"https:\/\/www.enerjigazetesi.ist\/en\/wp-json\/wp\/v2\/media?parent=122506"}],"wp:term":[{"taxonomy":"category","embeddable":true,"href":"https:\/\/www.enerjigazetesi.ist\/en\/wp-json\/wp\/v2\/categories?post=122506"},{"taxonomy":"post_tag","embeddable":true,"href":"https:\/\/www.enerjigazetesi.ist\/en\/wp-json\/wp\/v2\/tags?post=122506"}],"curies":[{"name":"wp","href":"https:\/\/api.w.org\/{rel}","templated":true}]}}