{"id":122459,"date":"2020-10-24T13:09:04","date_gmt":"2020-10-24T10:09:04","guid":{"rendered":"https:\/\/www.enerjigazetesi.ist\/?p=122459"},"modified":"2020-10-24T13:23:34","modified_gmt":"2020-10-24T10:23:34","slug":"avustralya-nin-kirsal-kesiminden-uzak-lokasyonlara-gunes-enerjisi-ihraci","status":"publish","type":"post","link":"https:\/\/www.enerjigazetesi.ist\/en\/avustralya-nin-kirsal-kesiminden-uzak-lokasyonlara-gunes-enerjisi-ihraci\/","title":{"rendered":"(Turkish) Avustralya K\u0131rsal Kesimi Uzak Lokasyonlara G\u00fcne\u015f Enerjisi \u0130hrac\u0131 Yapacak!"},"content":{"rendered":"<p class=\"qtranxs-available-languages-message qtranxs-available-languages-message-en\">Sorry, this entry is only available in <a href=\"https:\/\/www.enerjigazetesi.ist\/tr\/wp-json\/wp\/v2\/posts\/122459\" class=\"qtranxs-available-language-link qtranxs-available-language-link-tr\" title=\"Turkish\">Turkish<\/a>. For the sake of viewer convenience, the content is shown below in the alternative language. You may click the link to switch the active language.<\/p><p><\/p>\n<h1><strong>Avustralya k\u0131rsal\u0131na kurulumu yap\u0131lan g\u00fcne\u015f enerji santraliyle Singapur gibi uzak yerlere enerji sa\u011flanmas\u0131 planlan\u0131yor.\u00a0Avustralya h\u00fck\u00fcmetinin yan\u0131 s\u0131ra birka\u00e7 b\u00fcy\u00fck yat\u0131r\u0131mc\u0131n\u0131n da deste\u011fini alan Sun Cable adl\u0131 \u015firket, \u015fu an Avustralya\u2019n\u0131n kuzeyinde bir s\u0131\u011f\u0131r \u00e7iftli\u011fine ev sahipli\u011fi yapan uzak b\u00f6lgeye 120 kilometrekarelik bir santral in\u015fa etmeyi planl\u0131yor.<\/strong><\/h1>\n<p><strong>Sun Cable in\u015faat<\/strong>\u2019\u0131n <strong>2023\u2019te<\/strong> ba\u015flayaca\u011f\u0131n\u0131 planl\u0131yor ve maliyetinin <strong>20 milyar dolar<\/strong> olaca\u011f\u0131 tahmin ediliyor. <strong>\u0130n\u015faat\u0131 tamamland\u0131ktan<\/strong> sonra <strong>santralin uzaydan dahi g\u00f6r\u00fclece\u011fi<\/strong> s\u00f6yleniyor. Santral <img loading=\"lazy\" class=\"alignright wp-image-122461\" src=\"https:\/\/www.enerjigazetesi.ist\/wp-content\/uploads\/2020\/10\/avustralya-kirsal-kesiminden-uzak-lokasyonlara-gunes-enerjisi-ihraci.jpg\" alt=\"\" width=\"320\" height=\"236\" srcset=\"https:\/\/www.enerjigazetesi.ist\/wp-content\/uploads\/2020\/10\/avustralya-kirsal-kesiminden-uzak-lokasyonlara-gunes-enerjisi-ihraci.jpg 661w, https:\/\/www.enerjigazetesi.ist\/wp-content\/uploads\/2020\/10\/avustralya-kirsal-kesiminden-uzak-lokasyonlara-gunes-enerjisi-ihraci-300x221.jpg 300w, https:\/\/www.enerjigazetesi.ist\/wp-content\/uploads\/2020\/10\/avustralya-kirsal-kesiminden-uzak-lokasyonlara-gunes-enerjisi-ihraci-500x369.jpg 500w, https:\/\/www.enerjigazetesi.ist\/wp-content\/uploads\/2020\/10\/avustralya-kirsal-kesiminden-uzak-lokasyonlara-gunes-enerjisi-ihraci-68x50.jpg 68w\" sizes=\"(max-width: 320px) 100vw, 320px\" \/>ba\u015flang\u0131\u00e7ta Avustralya\u2019n\u0131n kuzeyine<strong> s\u00fcrd\u00fcr\u00fclebilir enerji sa\u011flayacak<\/strong> olsa da, <strong>2027\u2019ye<\/strong> kadar <strong>santralin \u00fcretti\u011fi<\/strong> g\u00fcc\u00fcn <strong>di\u011fer \u00fclkelere ihra\u00e7 edilmesi<\/strong> planlan\u0131yor.<\/p>\n<p>Sun Cable CEO\u2019su <strong>David Griffin<\/strong>\u2019e g\u00f6re santralin \u00fcretti\u011fi g\u00fcc\u00fcn<strong> \u00fc\u00e7te ikisi<\/strong> Singapur\u2019a ihra\u00e7 edilerek bunun i\u00e7in iki tane <strong>dev y\u00fcksel voltajl\u0131 deniz alt\u0131 kablolar\u0131<\/strong> d\u00f6\u015fenecek. The Guardian\u2019\u0131n haberine g\u00f6re ihra\u00e7 edilecek g\u00fc\u00e7 miktar\u0131 Singapur\u2019un toplam<strong> enerji t\u00fcketimi<\/strong>nin yakla\u015f\u0131k <strong>be\u015fte birini<\/strong> meydana getirecek.<\/p>\n<p>Sun Cable CEO\u2019su Griffin ayr\u0131ca a\u00e7\u0131klamas\u0131nda; proje i\u00e7in lojistiklerinin harika oldu\u011funu s\u00f6yleyerek santralin y\u0131l boyunca <strong>sabit g\u00fcne\u015ften faydalanabilece\u011fini<\/strong> ve b\u00f6lgenin bulutsuz oldu\u011funu belirtti. Sun Cable, b\u00f6lgede istihdam yaratman\u0131n bir yolu olarak <strong>g\u00fcne\u015f enerjisi santrali<\/strong>nin destek kazanaca\u011f\u0131n\u0131 umuyor. Ayr\u0131ca yerli topluluklara verilecek bir <strong>g\u00fcne\u015f enerjisi e\u011fitim program\u0131<\/strong> \u00fczerinde de \u00e7al\u0131\u015fmalar s\u00fcr\u00fcyor.<\/p>\n<p><strong>Avustralya h\u00fck\u00fcmeti<\/strong> uzun s\u00fcredir, <strong>g\u00fcne\u015f enerjisi<\/strong>ni \u00fclkenin <strong>enerji \u00fcretimini<\/strong> ve<strong> enerji ihracat\u0131n\u0131<\/strong> art\u0131rman\u0131n \u00f6nemli bir yolu olarak g\u00f6r\u00fcyor. Bunun gibi b\u00fcy\u00fck projeler sayesinde <strong>Avustralya<\/strong>\u2019n\u0131n <strong>karbon ayak izini azaltmada<\/strong> \u00f6nemli bir rol oynayaca\u011f\u0131 d\u00fc\u015f\u00fcn\u00fcl\u00fcyor. Proje planland\u0131\u011f\u0131 gibi giderse <strong>\u00c7in\u2019deki<\/strong> g\u00fcne\u015f enerjisi santralinin yakla\u015f\u0131k <strong>3 kat\u0131<\/strong> b\u00fcy\u00fckl\u00fckte olacak.<\/p>","protected":false},"excerpt":{"rendered":"<p>Sorry, this entry is only available in Turkish. For the sake of viewer convenience, the content is shown below in the alternative language. You may click the link to switch the active language. Avustralya k\u0131rsal\u0131na kurulumu yap\u0131lan g\u00fcne\u015f enerji santraliyle Singapur gibi uzak yerlere enerji sa\u011flanmas\u0131 planlan\u0131yor.\u00a0Avustralya h\u00fck\u00fcmetinin yan\u0131 s\u0131ra birka\u00e7 b\u00fcy\u00fck yat\u0131r\u0131mc\u0131n\u0131n da deste\u011fini [&hellip;]<\/p>\n","protected":false},"author":1,"featured_media":122461,"comment_status":"open","ping_status":"open","sticky":false,"template":"","format":"standard","meta":[],"categories":[51,53,49],"tags":[24050,81270,81271,3804,52259,62180,53157,81268,81269,54979],"views":185,"_links":{"self":[{"href":"https:\/\/www.enerjigazetesi.ist\/en\/wp-json\/wp\/v2\/posts\/122459"}],"collection":[{"href":"https:\/\/www.enerjigazetesi.ist\/en\/wp-json\/wp\/v2\/posts"}],"about":[{"href":"https:\/\/www.enerjigazetesi.ist\/en\/wp-json\/wp\/v2\/types\/post"}],"author":[{"embeddable":true,"href":"https:\/\/www.enerjigazetesi.ist\/en\/wp-json\/wp\/v2\/users\/1"}],"replies":[{"embeddable":true,"href":"https:\/\/www.enerjigazetesi.ist\/en\/wp-json\/wp\/v2\/comments?post=122459"}],"version-history":[{"count":0,"href":"https:\/\/www.enerjigazetesi.ist\/en\/wp-json\/wp\/v2\/posts\/122459\/revisions"}],"wp:featuredmedia":[{"embeddable":true,"href":"https:\/\/www.enerjigazetesi.ist\/en\/wp-json\/wp\/v2\/media\/122461"}],"wp:attachment":[{"href":"https:\/\/www.enerjigazetesi.ist\/en\/wp-json\/wp\/v2\/media?parent=122459"}],"wp:term":[{"taxonomy":"category","embeddable":true,"href":"https:\/\/www.enerjigazetesi.ist\/en\/wp-json\/wp\/v2\/categories?post=122459"},{"taxonomy":"post_tag","embeddable":true,"href":"https:\/\/www.enerjigazetesi.ist\/en\/wp-json\/wp\/v2\/tags?post=122459"}],"curies":[{"name":"wp","href":"https:\/\/api.w.org\/{rel}","templated":true}]}}