{"id":12244,"date":"2013-06-24T09:10:17","date_gmt":"2013-06-24T06:10:17","guid":{"rendered":"https:\/\/www.enerjigazetesi.ist\/?p=12244"},"modified":"2013-06-24T09:10:17","modified_gmt":"2013-06-24T06:10:17","slug":"elektrik-sayac-parasi-kalkti","status":"publish","type":"post","link":"https:\/\/www.enerjigazetesi.ist\/en\/elektrik-sayac-parasi-kalkti\/","title":{"rendered":"(Turkish) Elektrik Saya\u00e7 Paras\u0131 Kalkt\u0131!"},"content":{"rendered":"<p class=\"qtranxs-available-languages-message qtranxs-available-languages-message-en\">Sorry, this entry is only available in <a href=\"https:\/\/www.enerjigazetesi.ist\/tr\/wp-json\/wp\/v2\/posts\/12244\" class=\"qtranxs-available-language-link qtranxs-available-language-link-tr\" title=\"Turkish\">Turkish<\/a>. For the sake of viewer convenience, the content is shown below in the alternative language. You may click the link to switch the active language.<\/p><p><strong>Yeni getirilen d\u00fczenlemeyle art\u0131k elektrik abonelerinden saya\u00e7 de\u011fi\u015ftirme paras\u0131 al\u0131namayacak. Enerji Piyasas\u0131 D\u00fczenleme Kurumu-EPDK, kamuoyunda tart\u0131\u015fma konusu olan elektrik saya\u00e7 paras\u0131n\u0131 kald\u0131rd\u0131. Kurul, konuyla ilgili karar\u0131n\u0131 da ald\u0131. Karar Resmi Gazete\u2019de yay\u0131nlad\u0131.<\/strong><\/p>\n<p>EPDK\u2019n\u0131n saya\u00e7 paras\u0131n\u0131 kald\u0131ran Kurul Karar\u0131:<a href=\"https:\/\/www.enerjigazetesi.ist\/wp-content\/uploads\/2013\/06\/elektrik-sayac-parasi-son-nokta-koyuldu.jpg\"><img loading=\"lazy\" class=\"alignright size-medium wp-image-11673\" title=\"elektrik-sayac-parasi-son-nokta-koyuldu\" src=\"https:\/\/www.enerjigazetesi.ist\/wp-content\/uploads\/2013\/06\/elektrik-sayac-parasi-son-nokta-koyuldu-300x182.jpg\" alt=\"\" width=\"300\" height=\"182\" srcset=\"https:\/\/www.enerjigazetesi.ist\/wp-content\/uploads\/2013\/06\/elektrik-sayac-parasi-son-nokta-koyuldu-300x182.jpg 300w, https:\/\/www.enerjigazetesi.ist\/wp-content\/uploads\/2013\/06\/elektrik-sayac-parasi-son-nokta-koyuldu-500x303.jpg 500w, https:\/\/www.enerjigazetesi.ist\/wp-content\/uploads\/2013\/06\/elektrik-sayac-parasi-son-nokta-koyuldu-80x48.jpg 80w, https:\/\/www.enerjigazetesi.ist\/wp-content\/uploads\/2013\/06\/elektrik-sayac-parasi-son-nokta-koyuldu.jpg 505w\" sizes=\"(max-width: 300px) 100vw, 300px\" \/><\/a><\/p>\n<p>1) Saya\u00e7lar\u0131n de\u011fi\u015fimi halinde m\u00fc\u015fterilerden herhangi bir bedel talep edilmez.<\/p>\n<p>2) Saya\u00e7 de\u011fi\u015fiminde olu\u015fan maliyetlerden saya\u00e7 maliyeti yat\u0131r\u0131m harcamalar\u0131 kapsam\u0131nda de\u011ferlendirilir. Talep edilmesi ve Kurul taraf\u0131ndan uygun bulunmas\u0131 halinde ilave yat\u0131r\u0131m verilir. Bu kapsamda tak\u0131lan saya\u00e7lar\u0131n tarife hesaplamalar\u0131na esas yat\u0131r\u0131m tutarlar\u0131 Kurul taraf\u0131ndan belirlenecek birim maliyetler dikkate al\u0131narak hesaplan\u0131r.<\/p>\n<p>3) Saya\u00e7lar\u0131n de\u011fi\u015ftirilmesine ili\u015fkin s\u00f6kme-takma i\u015flemleri kapsam\u0131nda olu\u015fan maliyetler i\u015fletme harcamalar\u0131 kapsam\u0131nda de\u011ferlendirilir. Bu kapsamda olu\u015fan giderler daha sonra analize tabi tutularak makuliyet \u00e7er\u00e7evesinde gelir d\u00fczeltmesi kapsam\u0131nda dikkate al\u0131n\u0131r.<\/p>\n<p>Kaynak: <a href=\"http:\/\/enerjienstitusu.com\/2013\/06\/21\/elektrik-sayac-parasi-kalkti\/\" target=\"_blank\">Enerji Enstit\u00fcs\u00fc<\/a><\/p>","protected":false},"excerpt":{"rendered":"<p>Sorry, this entry is only available in Turkish. For the sake of viewer convenience, the content is shown below in the alternative language. You may click the link to switch the active language.Yeni getirilen d\u00fczenlemeyle art\u0131k elektrik abonelerinden saya\u00e7 de\u011fi\u015ftirme paras\u0131 al\u0131namayacak. Enerji Piyasas\u0131 D\u00fczenleme Kurumu-EPDK, kamuoyunda tart\u0131\u015fma konusu olan elektrik saya\u00e7 paras\u0131n\u0131 kald\u0131rd\u0131. Kurul, [&hellip;]<\/p>\n","protected":false},"author":1,"featured_media":11673,"comment_status":"open","ping_status":"open","sticky":false,"template":"","format":"standard","meta":[],"categories":[51,53],"tags":[68,5249,6242,63,67,1046,165,750,6243,6241],"views":1250,"_links":{"self":[{"href":"https:\/\/www.enerjigazetesi.ist\/en\/wp-json\/wp\/v2\/posts\/12244"}],"collection":[{"href":"https:\/\/www.enerjigazetesi.ist\/en\/wp-json\/wp\/v2\/posts"}],"about":[{"href":"https:\/\/www.enerjigazetesi.ist\/en\/wp-json\/wp\/v2\/types\/post"}],"author":[{"embeddable":true,"href":"https:\/\/www.enerjigazetesi.ist\/en\/wp-json\/wp\/v2\/users\/1"}],"replies":[{"embeddable":true,"href":"https:\/\/www.enerjigazetesi.ist\/en\/wp-json\/wp\/v2\/comments?post=12244"}],"version-history":[{"count":2,"href":"https:\/\/www.enerjigazetesi.ist\/en\/wp-json\/wp\/v2\/posts\/12244\/revisions"}],"predecessor-version":[{"id":12246,"href":"https:\/\/www.enerjigazetesi.ist\/en\/wp-json\/wp\/v2\/posts\/12244\/revisions\/12246"}],"wp:featuredmedia":[{"embeddable":true,"href":"https:\/\/www.enerjigazetesi.ist\/en\/wp-json\/wp\/v2\/media\/11673"}],"wp:attachment":[{"href":"https:\/\/www.enerjigazetesi.ist\/en\/wp-json\/wp\/v2\/media?parent=12244"}],"wp:term":[{"taxonomy":"category","embeddable":true,"href":"https:\/\/www.enerjigazetesi.ist\/en\/wp-json\/wp\/v2\/categories?post=12244"},{"taxonomy":"post_tag","embeddable":true,"href":"https:\/\/www.enerjigazetesi.ist\/en\/wp-json\/wp\/v2\/tags?post=12244"}],"curies":[{"name":"wp","href":"https:\/\/api.w.org\/{rel}","templated":true}]}}