{"id":122417,"date":"2020-10-23T17:14:37","date_gmt":"2020-10-23T14:14:37","guid":{"rendered":"https:\/\/www.enerjigazetesi.ist\/?p=122417"},"modified":"2020-10-23T17:14:37","modified_gmt":"2020-10-23T14:14:37","slug":"periyodik-muayene-hizmeti-ozellestirme-kapsamina-alindi","status":"publish","type":"post","link":"https:\/\/www.enerjigazetesi.ist\/en\/periyodik-muayene-hizmeti-ozellestirme-kapsamina-alindi\/","title":{"rendered":"(Turkish) Periyodik Muayene Hizmeti \u00d6zelle\u015ftirme Kapsam\u0131na Al\u0131nd\u0131"},"content":{"rendered":"<p class=\"qtranxs-available-languages-message qtranxs-available-languages-message-en\">Sorry, this entry is only available in <a href=\"https:\/\/www.enerjigazetesi.ist\/tr\/wp-json\/wp\/v2\/posts\/122417\" class=\"qtranxs-available-language-link qtranxs-available-language-link-tr\" title=\"Turkish\">Turkish<\/a>. For the sake of viewer convenience, the content is shown below in the alternative language. You may click the link to switch the active language.<\/p><p><\/p>\n<h1>\u00d6l\u00e7\u00fc ve Ayar Kanunu\u00a0kapsam\u0131ndaki periyodik muayene hizmetlerinin \u00f6zelle\u015ftirme kapsam ve program\u0131na al\u0131nmas\u0131na karar verilirken konuya ili\u015fkin Cumhurba\u015fkan\u0131 Karar\u0131, Resmi Gazete&#8217;de <img loading=\"lazy\" class=\"alignright wp-image-122419\" src=\"https:\/\/www.enerjigazetesi.ist\/wp-content\/uploads\/2020\/10\/periyodik-muayene-hizmeti-ozellestirme-kapsamina-alindi.jpg\" alt=\"\" width=\"320\" height=\"213\" srcset=\"https:\/\/www.enerjigazetesi.ist\/wp-content\/uploads\/2020\/10\/periyodik-muayene-hizmeti-ozellestirme-kapsamina-alindi.jpg 732w, https:\/\/www.enerjigazetesi.ist\/wp-content\/uploads\/2020\/10\/periyodik-muayene-hizmeti-ozellestirme-kapsamina-alindi-300x200.jpg 300w, https:\/\/www.enerjigazetesi.ist\/wp-content\/uploads\/2020\/10\/periyodik-muayene-hizmeti-ozellestirme-kapsamina-alindi-500x333.jpg 500w, https:\/\/www.enerjigazetesi.ist\/wp-content\/uploads\/2020\/10\/periyodik-muayene-hizmeti-ozellestirme-kapsamina-alindi-75x50.jpg 75w, https:\/\/www.enerjigazetesi.ist\/wp-content\/uploads\/2020\/10\/periyodik-muayene-hizmeti-ozellestirme-kapsamina-alindi-450x300.jpg 450w\" sizes=\"(max-width: 320px) 100vw, 320px\" \/>yay\u0131mland\u0131.<\/h1>\n<p>Karar kapsam\u0131nda, <strong>\u00d6l\u00e7\u00fc ve Ayar Kanunu<\/strong> kapsam\u0131ndaki <strong>periyodik muayene hizmetleri<\/strong>nin \u00f6zelle\u015ftirme i\u015flemleri, <strong>&#8220;i\u015fletme hakk\u0131n\u0131n verilmesi&#8221;<\/strong> veya<strong> &#8220;gelir ortakl\u0131\u011f\u0131 modeli ve i\u015fin gere\u011fine uygun sair hukuki tasarruflar&#8221;<\/strong> y\u00f6ntemleri ayr\u0131 ayr\u0131 veya birlikte uygulanarak ger\u00e7ekle\u015ftirilecek.<\/p>\n<p><strong>\u00d6zelle\u015ftirme i\u015flemleri<\/strong> tamamlan\u0131ncaya kadar <strong>periyodik muayene hizmetleri<\/strong> <em>Sanayi ve Teknoloji Bakanl\u0131\u011f\u0131<\/em> sorumlulu\u011funda s\u00fcrecek olup <strong>ihale d\u00f6k\u00fcmanlar\u0131<\/strong> ve <strong>s\u00f6zle\u015fmelerde<\/strong> yer alacak hususlar <strong>\u00d6zelle\u015ftirme \u0130daresi Ba\u015fkanl\u0131\u011f\u0131 (\u00d6\u0130B)<\/strong> ve<strong> bakanl\u0131k<\/strong> taraf\u0131ndan birlikte belirlenecek olup \u00f6zelle\u015ftirme s\u00f6zle\u015fmeleri de i\u015fletici ile <strong>\u00d6\u0130B<\/strong> ve <strong>bakanl\u0131k<\/strong> taraf\u0131ndan imzalanacak.<\/p>\n<p>\u00d6zelle\u015ftirme i\u015flemleri <strong>31 Aral\u0131k 2025<\/strong>&#8216;e kadar tamamlanm\u0131\u015f olacak.<\/p>","protected":false},"excerpt":{"rendered":"<p>Sorry, this entry is only available in Turkish. For the sake of viewer convenience, the content is shown below in the alternative language. You may click the link to switch the active language. \u00d6l\u00e7\u00fc ve Ayar Kanunu\u00a0kapsam\u0131ndaki periyodik muayene hizmetlerinin \u00f6zelle\u015ftirme kapsam ve program\u0131na al\u0131nmas\u0131na karar verilirken konuya ili\u015fkin Cumhurba\u015fkan\u0131 Karar\u0131, Resmi Gazete&#8217;de yay\u0131mland\u0131. Karar [&hellip;]<\/p>\n","protected":false},"author":1,"featured_media":122419,"comment_status":"open","ping_status":"open","sticky":false,"template":"","format":"standard","meta":[],"categories":[51,53],"tags":[59223,81238,81241,81240,81239,1388],"views":101,"_links":{"self":[{"href":"https:\/\/www.enerjigazetesi.ist\/en\/wp-json\/wp\/v2\/posts\/122417"}],"collection":[{"href":"https:\/\/www.enerjigazetesi.ist\/en\/wp-json\/wp\/v2\/posts"}],"about":[{"href":"https:\/\/www.enerjigazetesi.ist\/en\/wp-json\/wp\/v2\/types\/post"}],"author":[{"embeddable":true,"href":"https:\/\/www.enerjigazetesi.ist\/en\/wp-json\/wp\/v2\/users\/1"}],"replies":[{"embeddable":true,"href":"https:\/\/www.enerjigazetesi.ist\/en\/wp-json\/wp\/v2\/comments?post=122417"}],"version-history":[{"count":0,"href":"https:\/\/www.enerjigazetesi.ist\/en\/wp-json\/wp\/v2\/posts\/122417\/revisions"}],"wp:featuredmedia":[{"embeddable":true,"href":"https:\/\/www.enerjigazetesi.ist\/en\/wp-json\/wp\/v2\/media\/122419"}],"wp:attachment":[{"href":"https:\/\/www.enerjigazetesi.ist\/en\/wp-json\/wp\/v2\/media?parent=122417"}],"wp:term":[{"taxonomy":"category","embeddable":true,"href":"https:\/\/www.enerjigazetesi.ist\/en\/wp-json\/wp\/v2\/categories?post=122417"},{"taxonomy":"post_tag","embeddable":true,"href":"https:\/\/www.enerjigazetesi.ist\/en\/wp-json\/wp\/v2\/tags?post=122417"}],"curies":[{"name":"wp","href":"https:\/\/api.w.org\/{rel}","templated":true}]}}