{"id":122377,"date":"2020-10-22T15:49:54","date_gmt":"2020-10-22T12:49:54","guid":{"rendered":"https:\/\/www.enerjigazetesi.ist\/?p=122377"},"modified":"2020-10-22T16:37:26","modified_gmt":"2020-10-22T13:37:26","slug":"eif-enerji-kongresi-ve-fuari-bu-yil-dijital-olarak-yapilacak","status":"publish","type":"post","link":"https:\/\/www.enerjigazetesi.ist\/en\/eif-enerji-kongresi-ve-fuari-bu-yil-dijital-olarak-yapilacak\/","title":{"rendered":"(Turkish) &#8217;EIF Enerji Kongresi ve Fuar\u0131&#8217; Bu Y\u0131l Dijital Olarak Yap\u0131lacak"},"content":{"rendered":"<p class=\"qtranxs-available-languages-message qtranxs-available-languages-message-en\">Sorry, this entry is only available in <a href=\"https:\/\/www.enerjigazetesi.ist\/tr\/wp-json\/wp\/v2\/posts\/122377\" class=\"qtranxs-available-language-link qtranxs-available-language-link-tr\" title=\"Turkish\">Turkish<\/a>. For the sake of viewer convenience, the content is shown below in the alternative language. You may click the link to switch the active language.<\/p><p><\/p>\n<h1><strong>Covid-19 salg\u0131n\u0131ndan dolay\u0131 13 y\u0131ld\u0131r y\u00fcz y\u00fcze ba\u015far\u0131 ile yap\u0131lan EIF Enerji Kongresi ve fuar\u0131 bu y\u0131l Dijital ortamda yer al\u0131yor.<\/strong><\/h1>\n<p><strong>Sanal ortamda<\/strong> ger\u00e7ekle\u015fecek\u00a0kongre, T\u00fcrkiye\u2019nin <strong>en b\u00fcy\u00fck karma enerji etkinli\u011fi<\/strong> haline <img loading=\"lazy\" class=\"alignright wp-image-122379\" src=\"https:\/\/www.enerjigazetesi.ist\/wp-content\/uploads\/2020\/10\/eif-enerji-kongresi-ve-fuari-bu-yil-dijital-olarak-yapilacak.jpg\" alt=\"\" width=\"340\" height=\"239\" srcset=\"https:\/\/www.enerjigazetesi.ist\/wp-content\/uploads\/2020\/10\/eif-enerji-kongresi-ve-fuari-bu-yil-dijital-olarak-yapilacak.jpg 622w, https:\/\/www.enerjigazetesi.ist\/wp-content\/uploads\/2020\/10\/eif-enerji-kongresi-ve-fuari-bu-yil-dijital-olarak-yapilacak-300x211.jpg 300w, https:\/\/www.enerjigazetesi.ist\/wp-content\/uploads\/2020\/10\/eif-enerji-kongresi-ve-fuari-bu-yil-dijital-olarak-yapilacak-500x352.jpg 500w, https:\/\/www.enerjigazetesi.ist\/wp-content\/uploads\/2020\/10\/eif-enerji-kongresi-ve-fuari-bu-yil-dijital-olarak-yapilacak-71x50.jpg 71w\" sizes=\"(max-width: 340px) 100vw, 340px\" \/>gelmi\u015ftir. <strong>EIF Kongreleri<\/strong>;\u00a0d\u00fczenlenmeye ba\u015fland\u0131\u011f\u0131 g\u00fcnden itibaren enerji sekt\u00f6r\u00fcnde \u00f6nde gelen <strong>yerli-yabanc\u0131 liderleri<\/strong>,\u00a0<strong>bakanlar\u0131<\/strong> ve <strong>yat\u0131r\u0131mc\u0131lar\u0131<\/strong> uluslararas\u0131 bir platformda bir araya getirmektedir.<\/p>\n<p>Bug\u00fcne kadar kongrelerinin a\u00e7\u0131l\u0131\u015f konu\u015fmalar\u0131na <span style=\"text-decoration: underline;\">heyetleriyle birlikte;<\/span> <strong>Suudi Arabistan, Irak, Amerika Birle\u015fik Devletleri, KKTC, Somali, Libya, Sudan, Mozambik Enerji Bakanlar\u0131<\/strong> kat\u0131l\u0131m sa\u011flam\u0131\u015ft\u0131r.<\/p>\n<p>Enerji sekt\u00f6r\u00fcn\u00fcn nabz\u0131n\u0131 tutan kongrede ge\u00e7en y\u0131l; <strong>200<\/strong> konu\u015fmac\u0131,<strong> 14.000 + delege<\/strong> kat\u0131l\u0131m g\u00f6stermi\u015f olup, bu nitelikli platformda delegeler <strong>T\u00fcrkiye<\/strong> ve <strong>D\u00fcnya enerji piyasalar\u0131<\/strong> hakk\u0131nda bilgi edinme f\u0131rsat\u0131 bulmu\u015flard\u0131r.<\/p>\n<p><strong>\u00dcst d\u00fczey kamu yetkilileri<\/strong> ile \u00e7ok say\u0131da <strong>akademik<\/strong> ve <strong>sivil toplum<\/strong> <strong>kurulu\u015flar\u0131<\/strong>\u00a0temsilcilerinin,\u00a0enerji sekt\u00f6r\u00fcn\u00fcn <strong>\u00f6nde gelen profesyonellerinin<\/strong> konu\u015fmac\u0131 olarak davet edildi\u011fi kongrede\u00a0<span style=\"text-decoration: underline;\">bu y\u0131l <strong>2-6 Kas\u0131m 2020&#8217;de<\/strong>;<\/span><\/p>\n<p>\u2022\u00a0\u00a0 \u00a0D\u00fcnya ve T\u00fcrkiye Enerji Piyasalar\u0131n\u0131n De\u011ferlendirilmesi<br \/>\n\u2022\u00a0 \u00a0 Yenilenebilir Enerji Tedarik Anla\u015fmalar\u0131 (YETA)<br \/>\n\u2022\u00a0\u00a0 \u00a0YEKA Yar\u0131\u015fmalar\u0131, Yenilenebilir Enerji Yat\u0131r\u0131mlar\u0131<br \/>\n\u2022\u00a0\u00a0 \u00a0G\u00fcne\u015f Enerjisi<br \/>\n\u2022\u00a0\u00a0 \u00a0R\u00fczgar Enerjisi<br \/>\n\u2022\u00a0\u00a0 \u00a0Jeotermal Enerji<br \/>\n\u2022\u00a0\u00a0 \u00a0Biyok\u00fctleden Enerji \u00dcretimi<br \/>\n\u2022\u00a0\u00a0 \u00a0Hidroelektrik Enerji<br \/>\n\u2022\u00a0\u00a0 \u00a0Elektrik Da\u011f\u0131t\u0131m\u0131nda G\u00fcncel Geli\u015fmeler<br \/>\n\u2022\u00a0\u00a0 \u00a0Petrol ve Gaz Arama, \u00dcretim ve Da\u011f\u0131t\u0131m\u0131<br \/>\n\u2022\u00a0\u00a0 \u00a0T\u00fcrkiye Petrol ve Do\u011falgaz Piyasalar\u0131<br \/>\n\u2022\u00a0\u00a0 \u00a0\u00c7evre ve \u0130klim De\u011fi\u015fikli\u011fi<br \/>\n\u2022\u00a0\u00a0 \u00a0K\u00f6m\u00fcr Kaynaklar\u0131ndan Elektrik \u00dcretimi<br \/>\n\u2022\u00a0\u00a0 \u00a0N\u00fckleer Enerji<br \/>\n\u2022\u00a0\u00a0 \u00a0Enerji Yat\u0131r\u0131mlar\u0131n\u0131n Finansman\u0131<br \/>\n\u2022\u00a0\u00a0 \u00a0Enerji G\u00fcvenli\u011fi<br \/>\n\u2022\u00a0\u00a0 \u00a0Uluslararas\u0131 Enerji Projeleri<br \/>\n\u2022\u00a0\u00a0 \u00a0T\u00fcrkiye Enerji Mevzuat\u0131 De\u011ferlendirilmesi<br \/>\n\u2022\u00a0\u00a0 \u00a0Ulusal ve Uluslararas\u0131 Enerji Ticareti<br \/>\n\u2022\u00a0\u00a0 \u00a0Enerji Yat\u0131r\u0131mlar\u0131nda Teknolojik Geli\u015fmeler<br \/>\n\u2022\u00a0\u00a0 \u00a0Enerji Santrallar\u0131nda \u0130\u015fletme, Bak\u0131m ve Modernizasyon<br \/>\n\u2022\u00a0\u00a0 \u00a0Enerji Verimlili\u011fi<br \/>\n\u2022\u00a0\u00a0 \u00a0Ak\u0131ll\u0131 \u015eehirler<br \/>\n\u2022\u00a0\u00a0 \u00a0Elektrikli Ara\u00e7lar<br \/>\n\u2022\u00a0\u00a0 \u00a0Elektrik Depolama<br \/>\n\u2022\u00a0\u00a0 \u00a0Do\u011falgaz Depolama<br \/>\n\u2022\u00a0\u00a0 \u00a0Enerji Teknolojilerinde Yerlile\u015fme<br \/>\n\u2022\u00a0 \u00a0 At\u0131ktan Enerji \u00fcretimi<br \/>\n\u2022\u00a0 \u00a0 Biogaz<br \/>\n\u2022\u00a0\u00a0 \u00a0Enerji Yat\u0131r\u0131mlar\u0131<br \/>\n\u2022\u00a0\u00a0 \u00a0G\u00fcne\u015f Enerji Paneli<br \/>\n\u2022\u00a0 \u00a0 G\u00fcne\u015f Enerjisi<br \/>\n\u2022\u00a0\u00a0 \u00a0Hidroelektrik Santral<br \/>\n\u2022\u00a0\u00a0 \u00a0\u00c7at\u0131 G\u00fcne\u015f Enerjisi<br \/>\n\u2022\u00a0\u00a0 \u00a0\u00c7at\u0131\u00a0GES<br \/>\n\u2022\u00a0\u00a0 \u00a0Enerji Nakil Hatlar\u0131<br \/>\n\u2022\u00a0\u00a0 \u00a0Kojenerasyon<br \/>\n\u2022\u00a0\u00a0 \u00a0Enerji Depolamas\u0131 temalar\u0131 i\u015flenecektir.<\/p>\n<p><strong>2-6 Kas\u0131m 2020<\/strong> tarihlerinde yap\u0131lacak olan<strong> EIF 2020 Enerji Kongresi ve Fuar\u0131<\/strong>na <em>kay\u0131t olmak<\/em> ve <em>etkinlik hakk\u0131nda<\/em> detayl\u0131 bilgi i\u00e7in\u00a0<a href=\"https:\/\/www.enerjikongresi.com\/\" target=\"_blank\" rel=\"nofollow noopener\">https:\/\/www.enerjikongresi.com\/<\/a> adresini ziyaret edebilir,<\/p>\n<p><strong>Etkinlik Program\u0131 \u0130\u00e7in:<\/strong> <a href=\"https:\/\/www.enerjikongresi.com\/kongre-programi\" target=\"_blank\" rel=\"nofollow noopener\">https:\/\/www.enerjikongresi.com\/kongre-programi<\/a>\u00a0linkini inceleyebilirsiniz.<\/p>","protected":false},"excerpt":{"rendered":"<p>Sorry, this entry is only available in Turkish. For the sake of viewer convenience, the content is shown below in the alternative language. You may click the link to switch the active language. Covid-19 salg\u0131n\u0131ndan dolay\u0131 13 y\u0131ld\u0131r y\u00fcz y\u00fcze ba\u015far\u0131 ile yap\u0131lan EIF Enerji Kongresi ve fuar\u0131 bu y\u0131l Dijital ortamda yer al\u0131yor. Sanal [&hellip;]<\/p>\n","protected":false},"author":1,"featured_media":122379,"comment_status":"open","ping_status":"open","sticky":false,"template":"","format":"standard","meta":[],"categories":[51,53,52],"tags":[68754,81218,81219,52259],"views":130,"_links":{"self":[{"href":"https:\/\/www.enerjigazetesi.ist\/en\/wp-json\/wp\/v2\/posts\/122377"}],"collection":[{"href":"https:\/\/www.enerjigazetesi.ist\/en\/wp-json\/wp\/v2\/posts"}],"about":[{"href":"https:\/\/www.enerjigazetesi.ist\/en\/wp-json\/wp\/v2\/types\/post"}],"author":[{"embeddable":true,"href":"https:\/\/www.enerjigazetesi.ist\/en\/wp-json\/wp\/v2\/users\/1"}],"replies":[{"embeddable":true,"href":"https:\/\/www.enerjigazetesi.ist\/en\/wp-json\/wp\/v2\/comments?post=122377"}],"version-history":[{"count":0,"href":"https:\/\/www.enerjigazetesi.ist\/en\/wp-json\/wp\/v2\/posts\/122377\/revisions"}],"wp:featuredmedia":[{"embeddable":true,"href":"https:\/\/www.enerjigazetesi.ist\/en\/wp-json\/wp\/v2\/media\/122379"}],"wp:attachment":[{"href":"https:\/\/www.enerjigazetesi.ist\/en\/wp-json\/wp\/v2\/media?parent=122377"}],"wp:term":[{"taxonomy":"category","embeddable":true,"href":"https:\/\/www.enerjigazetesi.ist\/en\/wp-json\/wp\/v2\/categories?post=122377"},{"taxonomy":"post_tag","embeddable":true,"href":"https:\/\/www.enerjigazetesi.ist\/en\/wp-json\/wp\/v2\/tags?post=122377"}],"curies":[{"name":"wp","href":"https:\/\/api.w.org\/{rel}","templated":true}]}}