{"id":12234,"date":"2013-06-23T21:13:38","date_gmt":"2013-06-23T18:13:38","guid":{"rendered":"https:\/\/www.enerjigazetesi.ist\/?p=12234"},"modified":"2013-06-23T21:22:03","modified_gmt":"2013-06-23T18:22:03","slug":"nukleer-ve-komur-santrallerine-10-yilda-100-milyar-dolar","status":"publish","type":"post","link":"https:\/\/www.enerjigazetesi.ist\/en\/nukleer-ve-komur-santrallerine-10-yilda-100-milyar-dolar\/","title":{"rendered":"(Turkish) N\u00fckleer ve K\u00f6m\u00fcr Santrallerine 10 Y\u0131lda 100 Milyar Dolar!"},"content":{"rendered":"<p class=\"qtranxs-available-languages-message qtranxs-available-languages-message-en\">Sorry, this entry is only available in <a href=\"https:\/\/www.enerjigazetesi.ist\/tr\/wp-json\/wp\/v2\/posts\/12234\" class=\"qtranxs-available-language-link qtranxs-available-language-link-tr\" title=\"Turkish\">Turkish<\/a>. For the sake of viewer convenience, the content is shown below in the alternative language. You may click the link to switch the active language.<\/p><p><strong>Enerji ve Tabii Kaynaklar Bakan\u0131 Taner Y\u0131ld\u0131z, T\u00fcrkiye`nin \u00f6n\u00fcm\u00fczdeki 10 y\u0131lda ikisi n\u00fckleer santral, kalanlar\u0131 k\u00f6m\u00fcr santrali olmak \u00fczere 100 milyar dolarl\u0131k enerji yat\u0131r\u0131m\u0131 yapaca\u011f\u0131n\u0131 s\u00f6yledi.\u00a0<\/strong><\/p>\n<p>Taner Y\u0131ld\u0131z, TRT Haber Canl\u0131 Yay\u0131n\u0131nda g\u00fcndeme ve enerji sekt\u00f6r\u00fcne y\u00f6nelik de\u011ferlendirmelerde bulundu. Taksim Gezi Park\u0131 olaylar\u0131n\u0131 de\u011ferlendiren Bakan Y\u0131ld\u0131z, &#8220;A\u011fa\u00e7lar aradan \u00e7ekildi, \u00e7evre gerek\u00e7esi yerini eylemlere b\u0131rakt\u0131, bunu do\u011fru bulamay\u0131z. Devletin huzuru, memleketin g\u00fcvenli\u011fini tehdit edenlere olumlu yakla\u015fma l\u00fcks\u00fcm\u00fcz olmaz. Bundan sonras\u0131 makul olmaktan \u00e7\u0131km\u0131\u015ft\u0131r&#8221; dedi.<\/p>\n<p><strong>\u00c7\u00d6Z\u00dcM S\u00dcREC\u0130 N\u0130HAYETLENS\u0130N<a href=\"https:\/\/www.enerjigazetesi.ist\/wp-content\/uploads\/2013\/03\/bakan-yildiz-nukleer-enerji-sorusu.jpg\"><img loading=\"lazy\" class=\"alignleft size-medium wp-image-7934\" title=\"bakan-yildiz-nukleer-ve-komur-santrallerine-10-yilda-100-milyar-yat\u0131r\u0131m\" src=\"https:\/\/www.enerjigazetesi.ist\/wp-content\/uploads\/2013\/03\/bakan-yildiz-nukleer-enerji-sorusu-300x199.jpg\" alt=\"\" width=\"300\" height=\"199\" srcset=\"https:\/\/www.enerjigazetesi.ist\/wp-content\/uploads\/2013\/03\/bakan-yildiz-nukleer-enerji-sorusu-300x199.jpg 300w, https:\/\/www.enerjigazetesi.ist\/wp-content\/uploads\/2013\/03\/bakan-yildiz-nukleer-enerji-sorusu-75x50.jpg 75w, https:\/\/www.enerjigazetesi.ist\/wp-content\/uploads\/2013\/03\/bakan-yildiz-nukleer-enerji-sorusu.jpg 400w\" sizes=\"(max-width: 300px) 100vw, 300px\" \/><\/a> HAND\u0130KAPIMIZ KALMAZ<\/strong><\/p>\n<p>T\u00fcrkiye`nin s\u00fck\u00fbnete ve b\u00fcy\u00fcmeye ihtiyac\u0131 oldu\u011funu vurgulayan Bakan Taner Y\u0131ld\u0131z, &#8220;11 y\u0131ll\u0131k kazan\u0131mlar\u0131m\u0131z\u0131n 11 g\u00fcnde berhava olmas\u0131na m\u00fcsaade etmeyiz&#8221; diye konu\u015ftu. &#8220;T\u00fcrkiye olarak biz illa bir kamburla beraber mi ya\u015fayaca\u011f\u0131z?&#8221; diye soran Y\u0131ld\u0131z \u015f\u00f6yle devam etti:<br \/>\n&#8220;T\u00fcrkiye kendi ayaklar\u0131 \u00fczerinde ko\u015fan bir \u00fclke olmay\u0131 hak etmiyor mu? Asl\u0131nda T\u00fcrkiye daha fazlas\u0131n\u0131 hak ediyor. \u00c7\u00f6z\u00fcm s\u00fcreci nihayetlendikten sonra T\u00fcrkiye\u2019nin bir handikap\u0131 kalm\u0131yor. Ni\u00e7in tekrar bir s\u0131k\u0131nt\u0131 noktas\u0131 olu\u015fsun?\u201d<\/p>\n<p><strong>\u00c7EVRE \u0130\u00c7\u0130N 10 YILDA 10 M\u0130LYAR DOLAR<\/strong><\/p>\n<p>Enerji yat\u0131r\u0131mlar\u0131nda \u00e7evre hassasiyetine sahip olduklar\u0131n\u0131n alt\u0131n\u0131 \u00e7izen Taner Y\u0131ld\u0131z, Bakanl\u0131k olarak 10 y\u0131lda yaln\u0131zca k\u00f6m\u00fcr santrallerine 1,5 milyar dolarl\u0131k \u00e7evre yat\u0131r\u0131m\u0131 yapt\u0131klar\u0131n\u0131 anlatt\u0131. \u00c7evreye ra\u011fmen de\u011fil, \u00e7evreyle beraber i\u015f yapt\u0131klar\u0131n\u0131 kaydeden Taner Y\u0131ld\u0131z, &#8220;\u00c7evreden vazge\u00e7meyelim, ama enerji yat\u0131r\u0131mlar\u0131n\u0131 da yapal\u0131m&#8221; dedi.<\/p>\n<p><strong>DEV ENERJ\u0130 YATIRIMLARINA 10 YILDA 100 M\u0130LYAR DOLAR<\/strong><\/p>\n<p>Enerji ve Tabii KaynaklarBakan\u0131 Taner Y\u0131ld\u0131z, T\u00fcrkiye`de \u00f6n\u00fcm\u00fczdeki s\u00fcre\u00e7te b\u00fcy\u00fck enerji yat\u0131r\u0131mlar\u0131n\u0131n hayata ge\u00e7irilece\u011fini kaydetti. Y\u0131ld\u0131z \u015f\u00f6yle dedi:<br \/>\n&#8220;\u0130ki n\u00fckleer santral ve k\u00f6m\u00fcr olmak \u00fczere 10 y\u0131lda 100 milyar lira tutar\u0131nda 3 b\u00fcy\u00fck enerji yat\u0131r\u0131m\u0131 yap\u0131lacak. Bu, sadece \u00fc\u00e7 yat\u0131r\u0131mda enerji yat\u0131r\u0131mlar\u0131m\u0131z\u0131 iki kat\u0131na \u00e7\u0131karaca\u011f\u0131m\u0131z anlam\u0131na geliyor. Bu ayn\u0131 zamanda T\u00fcrkiye ekonomisine de katk\u0131 sa\u011flayacak, \u00e7\u00fcnk\u00fc bu b\u00fcy\u00fck yat\u0131r\u0131mlara hazine garantisi vermiyoruz.&#8221;<\/p>\n<p>Kaynak: <a href=\"http:\/\/enerjigunlugu.net\/nukleer-ve-komur-santrallerine-10-yilda-100-milyar_3932.html\" target=\"_blank\">Enerji G\u00fcnl\u00fc\u011f\u00fc<\/a><\/p>","protected":false},"excerpt":{"rendered":"<p>Sorry, this entry is only available in Turkish. For the sake of viewer convenience, the content is shown below in the alternative language. You may click the link to switch the active language.Enerji ve Tabii Kaynaklar Bakan\u0131 Taner Y\u0131ld\u0131z, T\u00fcrkiye`nin \u00f6n\u00fcm\u00fczdeki 10 y\u0131lda ikisi n\u00fckleer santral, kalanlar\u0131 k\u00f6m\u00fcr santrali olmak \u00fczere 100 milyar dolarl\u0131k enerji [&hellip;]<\/p>\n","protected":false},"author":1,"featured_media":7934,"comment_status":"open","ping_status":"open","sticky":false,"template":"","format":"standard","meta":[],"categories":[53,43],"tags":[710,63,67,165,117,1675,2291,71,21,667,1286],"views":467,"_links":{"self":[{"href":"https:\/\/www.enerjigazetesi.ist\/en\/wp-json\/wp\/v2\/posts\/12234"}],"collection":[{"href":"https:\/\/www.enerjigazetesi.ist\/en\/wp-json\/wp\/v2\/posts"}],"about":[{"href":"https:\/\/www.enerjigazetesi.ist\/en\/wp-json\/wp\/v2\/types\/post"}],"author":[{"embeddable":true,"href":"https:\/\/www.enerjigazetesi.ist\/en\/wp-json\/wp\/v2\/users\/1"}],"replies":[{"embeddable":true,"href":"https:\/\/www.enerjigazetesi.ist\/en\/wp-json\/wp\/v2\/comments?post=12234"}],"version-history":[{"count":2,"href":"https:\/\/www.enerjigazetesi.ist\/en\/wp-json\/wp\/v2\/posts\/12234\/revisions"}],"predecessor-version":[{"id":12236,"href":"https:\/\/www.enerjigazetesi.ist\/en\/wp-json\/wp\/v2\/posts\/12234\/revisions\/12236"}],"wp:featuredmedia":[{"embeddable":true,"href":"https:\/\/www.enerjigazetesi.ist\/en\/wp-json\/wp\/v2\/media\/7934"}],"wp:attachment":[{"href":"https:\/\/www.enerjigazetesi.ist\/en\/wp-json\/wp\/v2\/media?parent=12234"}],"wp:term":[{"taxonomy":"category","embeddable":true,"href":"https:\/\/www.enerjigazetesi.ist\/en\/wp-json\/wp\/v2\/categories?post=12234"},{"taxonomy":"post_tag","embeddable":true,"href":"https:\/\/www.enerjigazetesi.ist\/en\/wp-json\/wp\/v2\/tags?post=12234"}],"curies":[{"name":"wp","href":"https:\/\/api.w.org\/{rel}","templated":true}]}}