{"id":122334,"date":"2020-10-22T13:16:56","date_gmt":"2020-10-22T10:16:56","guid":{"rendered":"https:\/\/www.enerjigazetesi.ist\/?p=122334"},"modified":"2020-10-22T13:16:56","modified_gmt":"2020-10-22T10:16:56","slug":"adalar-in-ilk-elektrikli-arac-sarj-istasyonu-esarj-oldu","status":"publish","type":"post","link":"https:\/\/www.enerjigazetesi.ist\/en\/adalar-in-ilk-elektrikli-arac-sarj-istasyonu-esarj-oldu\/","title":{"rendered":"(Turkish) Adalar\u2019\u0131n \u0130lk Elektrikli Ara\u00e7 \u015earj \u0130stasyonu E\u015farj Oldu"},"content":{"rendered":"<p class=\"qtranxs-available-languages-message qtranxs-available-languages-message-en\">Sorry, this entry is only available in <a href=\"https:\/\/www.enerjigazetesi.ist\/tr\/wp-json\/wp\/v2\/posts\/122334\" class=\"qtranxs-available-language-link qtranxs-available-language-link-tr\" title=\"Turkish\">Turkish<\/a>. For the sake of viewer convenience, the content is shown below in the alternative language. You may click the link to switch the active language.<\/p><p><\/p>\n<h1><strong>Enerjisa Enerji\u2019nin 2018 y\u0131l\u0131ndan beri \u00e7o\u011funluk hisselerine sahip oldu\u011fu T\u00fcrkiye\u2019nin lider elektrikli \u015farj istasyonu a\u011f\u0131 olan E\u015farj, AYEDA\u015e i\u015fbirli\u011fi ile Adalar\u2019da ilk elektrikli ara\u00e7 \u015farj istasyonunu kurdu. Adalar\u2019\u0131n yeni 22kVA g\u00fcc\u00fcndeki tek \u00e7\u0131k\u0131\u015fl\u0131 E\u015farj istasyonu, b\u00f6lgede kullan\u0131m\u0131 yayg\u0131nla\u015fan elektrikli ara\u00e7lara b\u00fcy\u00fck kolayl\u0131k sa\u011flayacak.<\/strong><\/h1>\n<p>Enerjisa Enerji\u2019nin, 2018 y\u0131l\u0131nda \u00e7o\u011funluk hisselerini sat\u0131n ald\u0131\u011f\u0131 E\u015farj bir ilki daha ger\u00e7ekle\u015ftirdi. <img loading=\"lazy\" class=\"alignright wp-image-122336\" src=\"https:\/\/www.enerjigazetesi.ist\/wp-content\/uploads\/2020\/10\/adalar-in-ilk-elektrikli-arac-sarj-istasyonu-esarj-oldu-1.jpg\" alt=\"\" width=\"320\" height=\"213\" srcset=\"https:\/\/www.enerjigazetesi.ist\/wp-content\/uploads\/2020\/10\/adalar-in-ilk-elektrikli-arac-sarj-istasyonu-esarj-oldu-1.jpg 732w, https:\/\/www.enerjigazetesi.ist\/wp-content\/uploads\/2020\/10\/adalar-in-ilk-elektrikli-arac-sarj-istasyonu-esarj-oldu-1-300x200.jpg 300w, https:\/\/www.enerjigazetesi.ist\/wp-content\/uploads\/2020\/10\/adalar-in-ilk-elektrikli-arac-sarj-istasyonu-esarj-oldu-1-500x333.jpg 500w, https:\/\/www.enerjigazetesi.ist\/wp-content\/uploads\/2020\/10\/adalar-in-ilk-elektrikli-arac-sarj-istasyonu-esarj-oldu-1-75x50.jpg 75w, https:\/\/www.enerjigazetesi.ist\/wp-content\/uploads\/2020\/10\/adalar-in-ilk-elektrikli-arac-sarj-istasyonu-esarj-oldu-1-450x300.jpg 450w\" sizes=\"(max-width: 320px) 100vw, 320px\" \/>T\u00fcrkiye\u2019nin en yayg\u0131n ve en b\u00fcy\u00fck \u015fark operat\u00f6r\u00fc <strong>E\u015farj,<\/strong> <strong>AYEDA\u015e<\/strong> i\u015fbirli\u011fi ile Adalar\u2019da 22 kVA g\u00fcc\u00fcndeki ilk \u015farj istasyonunu kurdu.<\/p>\n<p><strong>T\u00fcrkiye<\/strong>\u2019de <strong>Uluslararas\u0131 Ye\u015fil Enerji Sertifikas\u0131\u2019na (IREC)<\/strong> sahip olan ilk elektrikli \u015farj istasyonu operat\u00f6r\u00fc olan E\u015farj, yeni istasyonu ile Adalar\u2019\u0131n <strong>\u00e7evreci ula\u015f\u0131m \u00e7\u00f6z\u00fcmleri<\/strong>ne eri\u015fimini sa\u011flayarak elektrikli ara\u00e7lara ilgisi g\u00fcn ge\u00e7tik\u00e7e artan Adalar halk\u0131n\u0131n ve ziyaret\u00e7ilerinin hayat\u0131n\u0131 kolayla\u015ft\u0131racak.<\/p>\n<h2><strong>Adalar\u2019\u0131n s\u00fcrd\u00fcr\u00fclebilir ya\u015fant\u0131s\u0131na katk\u0131 sa\u011flamak istiyoruz.<\/strong><\/h2>\n<p><strong>Enerjisa Enerji CEO\u2019su ve E\u015farj Y\u00f6netim Kurulu Ba\u015fkan\u0131 Murat P\u0131nar<\/strong> konu ile<span style=\"text-decoration: underline;\"> ilgili <\/span><em><span style=\"text-decoration: underline;\">olarak:<\/span> <\/em><\/p>\n<p><em>\u201cEnerjisa Enerji olarak, <strong>k\u00fcresel enerji trendleri<\/strong>ni yak\u0131ndan takip ederek s\u00fcrd\u00fcr\u00fclebilirli\u011fi temel alan bir stratejiyi benimsedik. E\u015farj da bu stratejinin \u00f6nemli bir par\u00e7as\u0131. <strong>2020 y\u0131l\u0131<\/strong> sonuna kadar <strong>400\u2019\u00fcn<\/strong> \u00fczerinde <strong>E\u015farj<\/strong> noktas\u0131na ula\u015fma hedefimize sad\u0131k kalarak, <strong>Adalar<\/strong>\u2019da <strong>AYEDA\u015e<\/strong>\u2019\u0131n da deste\u011fi ile <strong>E\u015farj istasyonu<\/strong> kurarak bir ilki ger\u00e7ekle\u015ftirdik. Adalar\u2019da <strong>elektrikli ara\u00e7lar<\/strong> hem <strong>bireysel<\/strong> hem de <strong>toplu ta\u015f\u0131ma<\/strong> alan\u0131nda yo\u011fun olarak kullan\u0131lmaya ba\u015flad\u0131. Biz de bu istasyon ile <strong>Adalar\u2019\u0131n<\/strong> <strong>s\u00fcrd\u00fcr\u00fclebilir ya\u015fant\u0131s\u0131na katk\u0131<\/strong> sa\u011flayaca\u011f\u0131m\u0131za inan\u0131yoruz.\u201d dedi.<\/em><\/p>","protected":false},"excerpt":{"rendered":"<p>Sorry, this entry is only available in Turkish. For the sake of viewer convenience, the content is shown below in the alternative language. You may click the link to switch the active language. Enerjisa Enerji\u2019nin 2018 y\u0131l\u0131ndan beri \u00e7o\u011funluk hisselerine sahip oldu\u011fu T\u00fcrkiye\u2019nin lider elektrikli \u015farj istasyonu a\u011f\u0131 olan E\u015farj, AYEDA\u015e i\u015fbirli\u011fi ile Adalar\u2019da ilk [&hellip;]<\/p>\n","protected":false},"author":1,"featured_media":122337,"comment_status":"open","ping_status":"open","sticky":false,"template":"","format":"standard","meta":[],"categories":[51,53],"tags":[81188,81187,2320,53114,54965,78055,52259,80309,37787,81189,31078,33828,57125,78056],"views":107,"_links":{"self":[{"href":"https:\/\/www.enerjigazetesi.ist\/en\/wp-json\/wp\/v2\/posts\/122334"}],"collection":[{"href":"https:\/\/www.enerjigazetesi.ist\/en\/wp-json\/wp\/v2\/posts"}],"about":[{"href":"https:\/\/www.enerjigazetesi.ist\/en\/wp-json\/wp\/v2\/types\/post"}],"author":[{"embeddable":true,"href":"https:\/\/www.enerjigazetesi.ist\/en\/wp-json\/wp\/v2\/users\/1"}],"replies":[{"embeddable":true,"href":"https:\/\/www.enerjigazetesi.ist\/en\/wp-json\/wp\/v2\/comments?post=122334"}],"version-history":[{"count":0,"href":"https:\/\/www.enerjigazetesi.ist\/en\/wp-json\/wp\/v2\/posts\/122334\/revisions"}],"wp:featuredmedia":[{"embeddable":true,"href":"https:\/\/www.enerjigazetesi.ist\/en\/wp-json\/wp\/v2\/media\/122337"}],"wp:attachment":[{"href":"https:\/\/www.enerjigazetesi.ist\/en\/wp-json\/wp\/v2\/media?parent=122334"}],"wp:term":[{"taxonomy":"category","embeddable":true,"href":"https:\/\/www.enerjigazetesi.ist\/en\/wp-json\/wp\/v2\/categories?post=122334"},{"taxonomy":"post_tag","embeddable":true,"href":"https:\/\/www.enerjigazetesi.ist\/en\/wp-json\/wp\/v2\/tags?post=122334"}],"curies":[{"name":"wp","href":"https:\/\/api.w.org\/{rel}","templated":true}]}}