{"id":122299,"date":"2020-10-21T12:51:24","date_gmt":"2020-10-21T09:51:24","guid":{"rendered":"https:\/\/www.enerjigazetesi.ist\/?p=122299"},"modified":"2020-10-21T12:51:24","modified_gmt":"2020-10-21T09:51:24","slug":"yarini-kodlayanlarda-yeni-donem-hedefi-81-ilde-70-bin-cocuk","status":"publish","type":"post","link":"https:\/\/www.enerjigazetesi.ist\/en\/yarini-kodlayanlarda-yeni-donem-hedefi-81-ilde-70-bin-cocuk\/","title":{"rendered":"(Turkish) &#8217;Yar\u0131n\u0131 Kodlayanlar&#8217;da Yeni D\u00f6nem Hedefi 81 \u0130lde 70 Bin \u00c7ocuk"},"content":{"rendered":"<p class=\"qtranxs-available-languages-message qtranxs-available-languages-message-en\">Sorry, this entry is only available in <a href=\"https:\/\/www.enerjigazetesi.ist\/tr\/wp-json\/wp\/v2\/posts\/122299\" class=\"qtranxs-available-language-link qtranxs-available-language-link-tr\" title=\"Turkish\">Turkish<\/a>. For the sake of viewer convenience, the content is shown below in the alternative language. You may click the link to switch the active language.<\/p><p><\/p>\n<h1><strong>T\u00fcrkiye Vodafone Vakf\u0131 ve Habitat Derne\u011fi i\u015fbirli\u011fiyle hayata ge\u00e7irilen \u201cYar\u0131n\u0131 Kodlayanlar\u201d projesi, \u00e7ocuklara dijital d\u00fcnyan\u0131n lisan\u0131 kodlamay\u0131 \u00f6\u011freterek sosyal fayda sa\u011flamaya devam ediyor. Son 1 y\u0131lda 6,6 milyon TL\u2019lik sosyal de\u011fer elde edilen proje i\u00e7in yap\u0131lan her 1 TL\u2019lik yat\u0131r\u0131m 4,4 TL\u2019lik sosyal getiri sa\u011flad\u0131. A\u011fustos 2016\u2019dan g\u00fcn\u00fcm\u00fcze T\u00fcrkiye genelinde 100 bini a\u015fk\u0131n \u00e7ocu\u011fa ula\u015fan \u201cYar\u0131n\u0131 Kodlayanlar\u201d projesi kapsam\u0131nda \u00f6n\u00fcm\u00fczdeki bir y\u0131lda 70 bin \u00e7ocu\u011fa daha kodlama e\u011fitimi verilmesi hedefleniyor. <\/strong><\/h1>\n<p><strong>Toplumsal de\u011fi\u015fim<\/strong> ve <strong>geli\u015fimin \u00f6nc\u00fcs\u00fc<\/strong> olma hedefiyle faaliyet g\u00f6steren <strong>T\u00fcrkiye Vodafone Vakf\u0131<\/strong> ve <strong>Habitat Derne\u011fi\u2019nin <\/strong>birlikte hayata ge\u00e7irdi\u011fi <strong>\u201cYar\u0131n\u0131 Kodlayanlar\u201d<\/strong> projesinde yeni d\u00f6nem ba\u015flad\u0131. <strong>\u201cHerkes ba\u011flant\u0131da\u201d anlay\u0131\u015f\u0131yla<\/strong> \u00e7ocuklara dijital d\u00fcnyan\u0131n lisan\u0131 kodlamay\u0131 \u00f6\u011freterek onlar\u0131 gelece\u011fe haz\u0131rlayan <strong>T\u00fcrkiye Vodafone Vakf\u0131<\/strong> ve <strong>Habitat Derne\u011fi<\/strong>, \u201cYar\u0131n\u0131 <img loading=\"lazy\" class=\"alignright wp-image-122301\" src=\"https:\/\/www.enerjigazetesi.ist\/wp-content\/uploads\/2020\/10\/yarini-kodlayanlarda-yeni-donem-hedefi-81-ilde-70-bin-cocuk.jpg\" alt=\"\" width=\"320\" height=\"262\" srcset=\"https:\/\/www.enerjigazetesi.ist\/wp-content\/uploads\/2020\/10\/yarini-kodlayanlarda-yeni-donem-hedefi-81-ilde-70-bin-cocuk.jpg 596w, https:\/\/www.enerjigazetesi.ist\/wp-content\/uploads\/2020\/10\/yarini-kodlayanlarda-yeni-donem-hedefi-81-ilde-70-bin-cocuk-300x246.jpg 300w, https:\/\/www.enerjigazetesi.ist\/wp-content\/uploads\/2020\/10\/yarini-kodlayanlarda-yeni-donem-hedefi-81-ilde-70-bin-cocuk-489x400.jpg 489w, https:\/\/www.enerjigazetesi.ist\/wp-content\/uploads\/2020\/10\/yarini-kodlayanlarda-yeni-donem-hedefi-81-ilde-70-bin-cocuk-61x50.jpg 61w\" sizes=\"(max-width: 320px) 100vw, 320px\" \/>Kodlayanlar\u201d projesiyle t\u00fcketen de\u011fil \u00fcreten bir neslin yeti\u015fmesine katk\u0131 sa\u011fl\u0131yor. Projenin sosyal etkisini \u00f6l\u00e7mek \u00fczere haz\u0131rlanan rapora g\u00f6re, <strong>\u201cYar\u0131n\u0131 Kodlayanlar\u201d e\u011fitimleri<\/strong>yle <strong>son 1 y\u0131lda 6,6 milyon TL\u2019lik<\/strong> sosyal de\u011fer elde edildi. B\u00f6ylece, proje i\u00e7in yap\u0131lan <strong>her 1 TL\u2019lik yat\u0131r\u0131m 4,4 TL\u2019lik sosyal getiri<\/strong> sa\u011flad\u0131. A\u011fustos 2016\u2019dan bu yana T\u00fcrkiye genelinde <strong>100 bini a\u015fk\u0131n<\/strong> \u00e7ocu\u011fa ula\u015fan <strong>\u201cYar\u0131n\u0131 Kodlayanlar\u201d projesiyle<\/strong> \u00f6n\u00fcm\u00fczdeki bir y\u0131lda <strong>70 bin \u00e7ocu\u011fa daha<\/strong> kodlama e\u011fitimi verilmesi hedefleniyor.<\/p>\n<p><strong>\u201cYar\u0131n\u0131 Kodlayanlar\u201d projesinin 2019-2020 sosyal etki raporu ve yeni d\u00f6nem hedefleri, T\u00fcrkiye Vodafone Vakf\u0131 Ba\u015fkan\u0131 Hasan S\u00fcel ve Habitat Derne\u011fi Y\u00f6netim Kurulu Ba\u015fkan\u0131 Sezai Haz\u0131r\u2019\u0131n kat\u0131l\u0131m\u0131yla d\u00fczenlenen online toplant\u0131da payla\u015f\u0131ld\u0131. Salg\u0131nla <\/strong>birlikte birbirimizle ba\u011flant\u0131da olman\u0131n \u00f6neminin daha iyi anla\u015f\u0131ld\u0131\u011f\u0131n\u0131 hat\u0131rlatan <strong>T\u00fcrkiye Vodafone Vakf\u0131 Ba\u015fkan\u0131 Hasan S\u00fcel, <\/strong><span style=\"text-decoration: underline;\">\u015funlar\u0131 s\u00f6yledi:<\/span><\/p>\n<p>\u201c<strong>T\u00fcrkiye Vodafone Vakf\u0131<\/strong> \u00e7at\u0131s\u0131 alt\u0131nda yapt\u0131\u011f\u0131m\u0131z \u00e7al\u0131\u015fmalarla herkes i\u00e7in kapsay\u0131c\u0131 olmay\u0131 hedefliyoruz. \u00c7ocuklar da ba\u011flant\u0131da olmal\u0131 diyerek 4 y\u0131ld\u0131r onlara <strong>dijital d\u00fcnyan\u0131n lisan\u0131 kodlamay\u0131<\/strong> \u00f6\u011fretiyoruz. Amac\u0131m\u0131z, t\u00fcketen de\u011fil, \u00fcreten bir nesil yeti\u015fmesine katk\u0131 sa\u011flamak. Bug\u00fcne kadar 81 ilde 100 bini a\u015fk\u0131n \u00e7ocu\u011fa kodlama \u00f6\u011frettik. \u00d6n\u00fcm\u00fczdeki y\u0131l <strong>70 bin \u00e7ocu\u011fa<\/strong> daha kodlama e\u011fitimi vermeyi hedefliyoruz. Projemizin sosyal etkisini de d\u00fczenli olarak \u00f6l\u00e7\u00fcml\u00fcyoruz. <strong>Kodlama e\u011fitimleri<\/strong>mizin \u00e7ocuklarda<strong> \u00f6nemli<\/strong> ve<strong> olumlu<\/strong> y\u00f6nde de\u011fi\u015fimler yaratt\u0131\u011f\u0131n\u0131 g\u00f6rmekten mutluluk duyuyoruz. Projemiz, <strong>\u00e7ocuklar\u0131n kodlama yetkinliklerini<\/strong> geli\u015ftirmenin yan\u0131 s\u0131ra fark\u0131ndal\u0131klar\u0131n\u0131n artmas\u0131na, herhangi bir \u015feyi yapabileceklerine dair <strong>alg\u0131lar\u0131n\u0131n de\u011fi\u015fmesine<\/strong> ve <strong>yard\u0131m odakl\u0131 ili\u015fkiler<\/strong> geli\u015ftirmelerine yard\u0131mc\u0131 oluyor. Bu y\u0131l ilk kez projemizin yaratt\u0131\u011f\u0131 <strong>sosyal etkiyi<\/strong> Yat\u0131r\u0131m\u0131n <strong>Sosyal Getirisi metodolojisini<\/strong> kullanarak \u00f6l\u00e7t\u00fck. Buna g\u00f6re, proje kapsam\u0131nda <strong>son 1 y\u0131lda<\/strong> elde etti\u011fimiz toplam sosyal de\u011fer yakla\u015f\u0131k <strong>6,6 milyon TL<\/strong> oldu. <strong>Yar\u0131n\u0131 Kodlayanlar projesi<\/strong>ne yapt\u0131\u011f\u0131m\u0131z her <strong>1 TL<\/strong>\u2019lik yat\u0131r\u0131m\u0131n <strong>4,4 TL<\/strong> de\u011ferinde sosyal fayda yaratt\u0131\u011f\u0131n\u0131 g\u00f6rd\u00fck. Bu da projemizin \u00e7arpan etkisinin ne kadar b\u00fcy\u00fck oldu\u011funu g\u00f6steriyor. <strong>T\u00fcrkiye Vodafone Vakf\u0131<\/strong> \u00e7at\u0131s\u0131 alt\u0131nda \u00e7ocuklar\u0131m\u0131z\u0131 dijital gelece\u011fe haz\u0131rlamaya devam edece\u011fiz.\u201d<\/p>\n<p><strong>Habitat Derne\u011fi Y\u00f6netim Kurulu Ba\u015fkan\u0131 Sezai Haz\u0131r <\/strong>ise<span style=\"text-decoration: underline;\"> \u015f\u00f6yle konu\u015ftu:<\/span><\/p>\n<p>\u201c<strong>Habitat Derne\u011fi<\/strong> olarak, teknolojinin yaln\u0131zca kullan\u0131c\u0131s\u0131 de\u011fil, \u00fcreticisi de olan nesiller yeti\u015ftirmek i\u00e7in b\u00fcy\u00fck bir \u00e7aba sarf ediyoruz. <strong>T\u00fcrkiye Vodafone Vakf\u0131<\/strong> i\u015fbirli\u011fiyle <strong>2016\u2019dan bu yana<\/strong> y\u00fcr\u00fctt\u00fc\u011f\u00fcm\u00fcz <strong>\u2018Yar\u0131n\u0131 Kodlayanlar\u2019 projesi<\/strong> ile gen\u00e7lerimizi ve \u00e7ocuklar\u0131m\u0131z\u0131 gelece\u011fe haz\u0131rlamaya devam ediyoruz. Proje kapsam\u0131ndaki \u00e7al\u0131\u015fmalar\u0131m\u0131z\u0131n yaratt\u0131\u011f\u0131 de\u011feri \u00f6l\u00e7mek amac\u0131yla ger\u00e7ekle\u015ftirdi\u011fimiz ara\u015ft\u0131rman\u0131n sonu\u00e7lar\u0131 bizleri fazlas\u0131yla mutlu etti. Projemizin en b\u00fcy\u00fck etkisinin \u00e7ocuklar\u0131m\u0131z\u0131n gelece\u011fe y\u00f6nelik motivasyonlar\u0131ndaki<strong> %26<\/strong>\u2019l\u0131k art\u0131\u015f oldu\u011funu d\u00fc\u015f\u00fcn\u00fcyoruz. Bu veri, projenin etkisinin sadece kodlama e\u011fitiminden ibaret kalmad\u0131\u011f\u0131n\u0131, Kendin Yap k\u00fclt\u00fcr\u00fcn\u00fcn 4 temel de\u011ferini \u00e7ocuklar\u0131m\u0131za do\u011fru bir \u015fekilde aktard\u0131\u011f\u0131m\u0131z\u0131 da ortaya koymas\u0131 bak\u0131m\u0131ndan \u00f6nemli. Projemizin sosyal etkisinin ilk kez Yat\u0131r\u0131m\u0131n Sosyal Getirisi metodolojisi kullan\u0131larak \u00f6l\u00e7\u00fcmlenmi\u015f olmas\u0131, bu ara\u015ft\u0131rmay\u0131 de\u011ferli k\u0131lan bir di\u011fer fakt\u00f6r. Hesaplad\u0131\u011f\u0131m\u0131z yakla\u015f\u0131k <strong>6,6 milyon TL<\/strong>\u2019lik sosyal de\u011fer, bize projemizin toplumda ne denli geni\u015f bir \u015fekilde kar\u015f\u0131l\u0131k buldu\u011funu ve kaynaklar\u0131n ne denli do\u011fru kullan\u0131ld\u0131\u011f\u0131n\u0131 g\u00f6steriyor. Bu <strong>etkinin s\u00fcrd\u00fcr\u00fclebilir olmas\u0131<\/strong> i\u00e7in \u00e7al\u0131\u015fmalar\u0131m\u0131za devam edece\u011fiz.\u201d<\/p>\n<h2><strong>Yetkinlik ve motivasyonda art\u0131\u015f<\/strong><\/h2>\n<p><strong>\u201cYar\u0131n\u0131 Kodlayanlar\u201d projesi<\/strong> i\u00e7in haz\u0131rlanan <strong>2019-2020 Sosyal Etki Raporu<\/strong>\u2019na g\u00f6re, proje kapsam\u0131nda verilen e\u011fitimin \u00e7ocuklar\u0131n b\u00fcy\u00fck bir \u00e7o\u011funlu\u011fu i\u00e7in okul d\u0131\u015f\u0131nda kodlama \u00fczerine kat\u0131ld\u0131klar\u0131 tek e\u011fitim oldu\u011fu ve t\u00fcm \u00e7ocuklar\u0131n e\u011flenceli bir \u00f6\u011frenme deneyimi ya\u015fad\u0131klar\u0131 g\u00f6r\u00fcl\u00fcyor. <strong>\u201cYar\u0131n\u0131 Kodlayanlar\u201d e\u011fitimleri<\/strong> \u00e7ocuklar\u0131n kodlama yetkinliklerini geli\u015ftirmenin yan\u0131 s\u0131ra fark\u0131ndal\u0131klar\u0131n\u0131n artmas\u0131na, herhangi bir \u015feyi yapabileceklerine dair alg\u0131lar\u0131n\u0131n de\u011fi\u015fmesine ve yard\u0131m odakl\u0131 ili\u015fkiler geli\u015ftirmelerine yard\u0131mc\u0131 oluyor. <strong>Pandemi sebebiyle<\/strong> online formatta ger\u00e7ekle\u015ftirilen e\u011fitimler ise evde kald\u0131klar\u0131 bu s\u00fcre\u00e7te <strong>\u00e7ocuklara sosyalle\u015fme f\u0131rsat\u0131<\/strong> sa\u011flarken, <strong>online e\u011fitimle<\/strong> ilgili ek yetkinlikler kazanmalar\u0131na da vesile oldu. Rapora g\u00f6re, \u00e7ocuklar\u0131n g\u00f6z\u00fcnden kendilerindeki en b\u00fcy\u00fck de\u011fi\u015fim <strong>21&#8217;inci y\u00fczy\u0131l<\/strong> yetkinliklerinde art\u0131\u015f olurken, <strong>veli<\/strong> ve<strong> g\u00f6n\u00fcll\u00fclerin<\/strong> g\u00f6z\u00fcnden \u00e7ocuklardaki en y\u00fcksek de\u011fi\u015fim ise motivasyon art\u0131\u015f\u0131 oldu. <strong>Yar\u0131n\u0131 Kodlayanlar<\/strong> kapsam\u0131nda d\u00fczenlenen y\u00fcz y\u00fcze e\u011fitimlere kat\u0131lan \u00e7ocuklar\u0131n gelece\u011fe y\u00f6nelik motivasyonunun <strong>%28,3,<\/strong> online e\u011fitime kat\u0131lan \u00e7ocuklar\u0131nkinin ise <strong>%25<\/strong> oran\u0131nda artt\u0131\u011f\u0131 g\u00f6r\u00fcld\u00fc.<\/p>\n<h2><strong>Farkl\u0131 e\u011fitim ba\u015fl\u0131klar\u0131 eklendi<\/strong><\/h2>\n<p>T\u00fcrkiye Vodafone Vakf\u0131, yeni d\u00f6nemde, bir yandan projeyi t\u00fcm T\u00fcrkiye&#8217;de yayg\u0131nla\u015ft\u0131r\u0131rken bir yandan da farkl\u0131 dijital e\u011fitim ba\u015fl\u0131klar\u0131yla \u00e7ocuklar\u0131n dijital yetkinliklerini art\u0131rmay\u0131 s\u00fcrd\u00fcrecek. Salg\u0131n nedeniyle e\u011fitimlerin tamamen dijital ortamda yap\u0131laca\u011f\u0131 yeni d\u00f6nemde, <strong>7-10 ya\u015f<\/strong> grubuna <em>Scratch ve Tinkercad<\/em>, <strong>11-14 ya\u015f<\/strong> grubuna<em> Scratch ve Microbit,<\/em> <strong>14-17<\/strong> ya\u015f grubuna ise <em>Yapay Zeka e\u011fitimleri<\/em> verilecek. E\u011fitimler, <strong>%90\u2019\u0131<\/strong> \u00fcniversite \u00f6\u011frencisi olan <strong>g\u00f6n\u00fcll\u00fc e\u011fitmenlerin<\/strong> y\u00f6netiminde, <strong>minimum 4 maksimum 180 saat<\/strong> olacak \u015fekilde d\u00fczenlenecek.<\/p>\n<h2><strong>Toplumsal sorunlara \u00e7\u00f6z\u00fcm aranacak<\/strong><\/h2>\n<p>Yeni d\u00f6nemde <strong>hackathon<\/strong> ve<strong> ideathon<\/strong> gibi etkinlikler de tamamen <strong>online<\/strong> yap\u0131lacak. Bu etkinliklerle \u00f6zellikle somut toplumsal sorunlara \u00e7\u00f6z\u00fcm \u00fcretilecek hik\u00e2yeler \u00e7\u0131kar\u0131lmas\u0131 hedeflenecek. Ayr\u0131ca, <strong>14-17 ya\u015f grubu<\/strong>na <em>mobil uygulama geli\u015ftirme, oyun ve Yapay Zeka<\/em> gibi e\u011fitim i\u00e7erikleri sunulacak. <strong>Yapay Zeka e\u011fitimleri<\/strong>ne <strong>meslek liseleri<\/strong> de dahil edilerek <strong>istihdam edilebilir<\/strong> gen\u00e7lerin dijital yetkinliklerinin art\u0131r\u0131lmas\u0131 hedeflenecek. Bu y\u0131l\u0131n ba\u015f\u0131nda d\u00fcnyan\u0131n en b\u00fcy\u00fck e\u011fitim platformlar\u0131ndan <strong>The Clubhouse Network<\/strong> ile i\u015fbirli\u011fi yapan <strong>T\u00fcrkiye Vodafone Vakf\u0131<\/strong>, global i\u015fbirlikleri \u00e7er\u00e7evesinde online ortamlarda <strong>The Clubhouse Network<\/strong> i\u00e7inde yer alarak gen\u00e7leri bu gruplara dahil edecek.<\/p>\n<h2><strong>Aile ve g\u00f6n\u00fcll\u00fc bulu\u015fmalar\u0131 yap\u0131lacak<\/strong><\/h2>\n<p>Proje kapsam\u0131nda bu y\u0131l ilk kez aile bulu\u015fmalar\u0131 da d\u00fczenlenecek. Aile bulu\u015fmalar\u0131nda ebeveynlere 21. y\u00fczy\u0131l yetkinlikleri, dijital d\u00fcnyada yararlanabilecekleri kaynaklar ve dikkat etmeleri gereken \u00f6nemli konular aktar\u0131lacak. Bu bulu\u015fmalar sayesinde ebeveynler dijital d\u00fcnyada g\u00fcvende kalma ve dijital okuryazarl\u0131k konular\u0131nda bilgi ve becerilerini art\u0131rma imk\u00e2n\u0131 bulacak. Proje kapsam\u0131nda ayr\u0131ca, y\u0131l i\u00e7inde online G\u00f6n\u00fcll\u00fc E\u011fitmen Koordinasyon Toplant\u0131lar\u0131 d\u00fczenlenerek sahadaki t\u00fcm g\u00f6n\u00fcll\u00fc e\u011fitmenlerle bir araya gelinecek.<\/p>\n<h2><strong>\u00d6d\u00fcll\u00fc proje<\/strong><\/h2>\n<p>\u201cYar\u0131n\u0131 Kodlayanlar\u201d projesiyle T\u00fcrkiye\u2019nin d\u00f6rt bir yan\u0131nda ya\u015flar\u0131 7-14 aras\u0131nda de\u011fi\u015fen \u00e7ocuklara kodlama e\u011fitimi veriliyor. Projenin birinci y\u0131l\u0131nda 6 ilde 35 e\u011fitmenle yakla\u015f\u0131k <strong>2 bin<\/strong>, ikinci y\u0131l\u0131nda 30 ilde 135 e\u011fitmenle <strong>10 bini a\u015fk\u0131n<\/strong>, \u00fc\u00e7\u00fcnc\u00fc y\u0131l\u0131nda 60 ilde <strong>30 bini a\u015fk\u0131n<\/strong>, d\u00f6rd\u00fcnc\u00fc y\u0131l\u0131nda ise 81 ilde<strong> 63 bini a\u015fk\u0131n<\/strong> \u00e7ocu\u011fa ula\u015f\u0131ld\u0131. Proje kapsam\u0131nda d\u00fczenlenen 9 hackathon\u2019a ise <strong>1.000\u2019i a\u015fk\u0131n<\/strong> \u00e7ocuk kat\u0131ld\u0131. \u015eanl\u0131urfa, Kilis ve \u0130stanbul&#8217;da <strong>yakla\u015f\u0131k 1.000<\/strong> Suriyeli \u00e7ocu\u011fun da kodlama e\u011fitimi ald\u0131\u011f\u0131 projede, sosyoekonomik anlamda dezavantajl\u0131 b\u00f6lgelerdeki \u00e7ocuklara kodlama \u00f6\u011frenme f\u0131rsat\u0131 sunmak \u00fczere T\u00fcrkiye\u2019yi dola\u015fan Yar\u0131n\u0131 Kodlayanlar E\u011fitim T\u0131r\u0131 ile <strong>6 bin<\/strong> kilometrenin \u00fczerinde yol kat edilerek 13 ilde <strong>3 bini a\u015fk\u0131n<\/strong> \u00e7ocu\u011fa ula\u015f\u0131ld\u0131. Toplam <strong>512<\/strong> g\u00f6n\u00fcll\u00fc e\u011fitmen ve farkl\u0131 bran\u015flardan <strong>38 <\/strong>Milli E\u011fitim Bakanl\u0131\u011f\u0131 \u00f6\u011fretmeninin g\u00f6rev ald\u0131\u011f\u0131 projeden faydalanan k\u0131z \u00e7ocuklar\u0131n say\u0131s\u0131 <strong>54 bini<\/strong>, erkek \u00e7ocuklar\u0131n say\u0131s\u0131 ise <strong>52 bini <\/strong>a\u015ft\u0131. Proje bu y\u0131l 17\u2019nci Stevie Uluslararas\u0131 \u0130\u015fletme \u00d6d\u00fclleri\u2019nde \u201cAvrupa Y\u0131l\u0131n Kurumsal Sosyal Sorumluluk Program\u0131\u201d kategorisinde <strong>G\u00fcm\u00fc\u015f Stevie<\/strong> \u00f6d\u00fcl\u00fc ald\u0131.<\/p>","protected":false},"excerpt":{"rendered":"<p>Sorry, this entry is only available in Turkish. For the sake of viewer convenience, the content is shown below in the alternative language. You may click the link to switch the active language. T\u00fcrkiye Vodafone Vakf\u0131 ve Habitat Derne\u011fi i\u015fbirli\u011fiyle hayata ge\u00e7irilen \u201cYar\u0131n\u0131 Kodlayanlar\u201d projesi, \u00e7ocuklara dijital d\u00fcnyan\u0131n lisan\u0131 kodlamay\u0131 \u00f6\u011freterek sosyal fayda sa\u011flamaya devam [&hellip;]<\/p>\n","protected":false},"author":1,"featured_media":122301,"comment_status":"open","ping_status":"open","sticky":false,"template":"","format":"standard","meta":[],"categories":[51,53,157],"tags":[81166,51311,36901,66971,70793,65918,57068,70794],"views":91,"_links":{"self":[{"href":"https:\/\/www.enerjigazetesi.ist\/en\/wp-json\/wp\/v2\/posts\/122299"}],"collection":[{"href":"https:\/\/www.enerjigazetesi.ist\/en\/wp-json\/wp\/v2\/posts"}],"about":[{"href":"https:\/\/www.enerjigazetesi.ist\/en\/wp-json\/wp\/v2\/types\/post"}],"author":[{"embeddable":true,"href":"https:\/\/www.enerjigazetesi.ist\/en\/wp-json\/wp\/v2\/users\/1"}],"replies":[{"embeddable":true,"href":"https:\/\/www.enerjigazetesi.ist\/en\/wp-json\/wp\/v2\/comments?post=122299"}],"version-history":[{"count":0,"href":"https:\/\/www.enerjigazetesi.ist\/en\/wp-json\/wp\/v2\/posts\/122299\/revisions"}],"wp:featuredmedia":[{"embeddable":true,"href":"https:\/\/www.enerjigazetesi.ist\/en\/wp-json\/wp\/v2\/media\/122301"}],"wp:attachment":[{"href":"https:\/\/www.enerjigazetesi.ist\/en\/wp-json\/wp\/v2\/media?parent=122299"}],"wp:term":[{"taxonomy":"category","embeddable":true,"href":"https:\/\/www.enerjigazetesi.ist\/en\/wp-json\/wp\/v2\/categories?post=122299"},{"taxonomy":"post_tag","embeddable":true,"href":"https:\/\/www.enerjigazetesi.ist\/en\/wp-json\/wp\/v2\/tags?post=122299"}],"curies":[{"name":"wp","href":"https:\/\/api.w.org\/{rel}","templated":true}]}}