{"id":122295,"date":"2020-10-21T12:38:43","date_gmt":"2020-10-21T09:38:43","guid":{"rendered":"https:\/\/www.enerjigazetesi.ist\/?p=122295"},"modified":"2020-10-21T12:39:08","modified_gmt":"2020-10-21T09:39:08","slug":"isi-yalitimi-ile-yuzde-50-ye-varan-yakit-tasarrufu-saglayabilmek-mumkun","status":"publish","type":"post","link":"https:\/\/www.enerjigazetesi.ist\/en\/isi-yalitimi-ile-yuzde-50-ye-varan-yakit-tasarrufu-saglayabilmek-mumkun\/","title":{"rendered":"(Turkish) Is\u0131 Yal\u0131t\u0131m\u0131 ile % 50&#8217;ye Varan Yak\u0131t Tasarrufu Sa\u011flayabilmek M\u00fcmk\u00fcn!"},"content":{"rendered":"<p class=\"qtranxs-available-languages-message qtranxs-available-languages-message-en\">Sorry, this entry is only available in <a href=\"https:\/\/www.enerjigazetesi.ist\/tr\/wp-json\/wp\/v2\/posts\/122295\" class=\"qtranxs-available-language-link qtranxs-available-language-link-tr\" title=\"Turkish\">Turkish<\/a>. For the sake of viewer convenience, the content is shown below in the alternative language. You may click the link to switch the active language.<\/p><p><\/p>\n<h1><strong>K\u0131\u015f aylar\u0131n\u0131n geli\u015fiyle birlikte do\u011falgaz faturalar\u0131 artt\u0131. Ge\u00e7ti\u011fimiz y\u0131l\u0131n bu d\u00f6nemine k\u0131yasla elektrik faturalar\u0131 % 32,3, do\u011fal gaz faturalar\u0131 ise % 34,7 oran\u0131nda y\u00fckseldi.<\/strong><\/h1>\n<h2><strong>Bu faturalara ili\u015fkin enerji verimlili\u011finin ve \u0131s\u0131 yal\u0131t\u0131m\u0131n\u0131n \u00f6nemli bir alternatif olabilece\u011fini belirten Yap\u0131larda Enerji Verimlili\u011fi Derne\u011fi &#8211; VER\u0130MDER \u0130cra Kurulu Ba\u015fkan\u0131 Prof. Dr. Emre Alkin \u201cToplam enerjinin y\u00fczde %40\u2019ndan fazlas\u0131 ya\u015fam alanlar\u0131nda t\u00fcketiliyor. T\u00fcketilen bu % 40\u2019l\u0131k b\u00f6l\u00fcm\u00fcn de yakla\u015f\u0131k % 80\u2019i \u0131s\u0131tma ve so\u011futma i\u00e7in harcan\u0131yor. Artan do\u011falgaz faturalar\u0131n\u0131 dengeleyebilmek i\u00e7in t\u00fcketicilerin ya\u015fam alanlar\u0131na \u0131s\u0131 yal\u0131t\u0131m\u0131 yaparak enerji verimli hale getirmeleri m\u00fcmk\u00fcn\u201d dedi.<\/strong><\/h2>\n<p>Son a\u00e7\u0131klanan T\u00dc\u0130K verilerine g\u00f6re elektrik faturalar\u0131 <strong>% 32,3<\/strong> do\u011falgaz faturalar\u0131 ise <strong>% 34,7<\/strong> oran\u0131nda <img loading=\"lazy\" class=\"alignright wp-image-122297\" src=\"https:\/\/www.enerjigazetesi.ist\/wp-content\/uploads\/2020\/10\/Yap\u0131larda-Enerji-Verimlili\u011fi-Derne\u011fi-\u0130cra-Kurulu-Ba\u015fkan\u0131-Prof.-Dr.-Emre-Alkin.jpg\" alt=\"\" width=\"320\" height=\"216\" srcset=\"https:\/\/www.enerjigazetesi.ist\/wp-content\/uploads\/2020\/10\/Yap\u0131larda-Enerji-Verimlili\u011fi-Derne\u011fi-\u0130cra-Kurulu-Ba\u015fkan\u0131-Prof.-Dr.-Emre-Alkin.jpg 625w, https:\/\/www.enerjigazetesi.ist\/wp-content\/uploads\/2020\/10\/Yap\u0131larda-Enerji-Verimlili\u011fi-Derne\u011fi-\u0130cra-Kurulu-Ba\u015fkan\u0131-Prof.-Dr.-Emre-Alkin-300x203.jpg 300w, https:\/\/www.enerjigazetesi.ist\/wp-content\/uploads\/2020\/10\/Yap\u0131larda-Enerji-Verimlili\u011fi-Derne\u011fi-\u0130cra-Kurulu-Ba\u015fkan\u0131-Prof.-Dr.-Emre-Alkin-500x338.jpg 500w, https:\/\/www.enerjigazetesi.ist\/wp-content\/uploads\/2020\/10\/Yap\u0131larda-Enerji-Verimlili\u011fi-Derne\u011fi-\u0130cra-Kurulu-Ba\u015fkan\u0131-Prof.-Dr.-Emre-Alkin-74x50.jpg 74w\" sizes=\"(max-width: 320px) 100vw, 320px\" \/>artarken uzmanlar, konutlarda <strong>do\u011fal gaz faturalar\u0131n\u0131n bir \u00f6nceki y\u0131l\u0131n ayn\u0131 d\u00f6nemine g\u00f6re ortalama 92 TL y\u00fckselece\u011fini belirtiyor.<\/strong><\/p>\n<p><strong>Pandemi s\u00fcreci<\/strong>nin <strong>2020-2021 k\u0131\u015f aylar\u0131<\/strong>nda da devam edece\u011fi tahmin edilirken, t\u00fcketicilerin k\u0131\u015f aylar\u0131nda konutlarda <strong>daha fazla vakit ge\u00e7irmesi<\/strong> bekleniyor. Uzmanlara g\u00f6re t\u00fcketiciler, do\u011fal gaza gelen zamlarla birlikte <strong>faturalar\u0131n b\u00fct\u00e7elerini olumsuz etkilememesi<\/strong> i\u00e7in yeni \u00e7areler d\u00fc\u015f\u00fcn\u00fcyor.<\/p>\n<h2><strong>ENERJ\u0130N\u0130Z\u0130 BO\u015eA HARCAMAYIN!<\/strong><\/h2>\n<p>T\u00fcrkiye\u2019deki binalar\u0131n pek \u00e7o\u011funda \u0131s\u0131 yal\u0131t\u0131m\u0131 olmad\u0131\u011f\u0131n\u0131 ve konutlar\u0131 \u0131s\u0131tmak i\u00e7in kullan\u0131lan enerjinin <strong>% 50<\/strong>\u2019sinin bo\u015fa harcand\u0131\u011f\u0131n\u0131 belirten <strong>VER\u0130MDER \u0130cra Kurulu Ba\u015fkan\u0131 Prof. Dr. Emre Alkin, <em>\u201c<\/em><\/strong><em>Binan\u0131za mutlaka yal\u0131t\u0131m yapt\u0131r\u0131n. Binan\u0131za yal\u0131t\u0131m yapt\u0131rd\u0131\u011f\u0131n\u0131zda k\u0131\u015f\u0131n s\u0131cak havan\u0131n d\u0131\u015far\u0131 \u00e7\u0131kmas\u0131n\u0131, yaz\u0131n ise s\u0131cak havan\u0131n i\u00e7eri girmesini engellersiniz. Unutmay\u0131n, <strong>\u0131s\u0131 yal\u0131t\u0131m\u0131 uygulamalar\u0131<\/strong> ile <strong>do\u011falgaz faturalar\u0131<\/strong>nda <strong>% 50 tasarruf<\/strong> yapma imkan\u0131 var\u201d<\/em> dedi.<\/p>\n<h2><strong>ENERJ\u0130Y\u0130 AZ T\u00dcKETEREK TASARRUF ELDE ETMEK M\u00dcMK\u00dcN DE\u011e\u0130L<\/strong><\/h2>\n<p>Pandemi sebebiyle enerjinin az t\u00fcketildi\u011fi d\u00fc\u015f\u00fcn\u00fclse de ger\u00e7e\u011fin bunun tam tersi oldu\u011funu belirten <strong>Emre Alkin,<\/strong> <em>\u201c<strong>Elektrik <\/strong>ve<strong> do\u011falgaz faturalar\u0131<\/strong> artmaya devam ediyor. \u00c7\u00fcnk\u00fc bu iki \u00fcr\u00fcn de d\u00f6vize endeksli. D\u00f6viz y\u00fckseldik\u00e7e <strong>elektrik ve do\u011falgaz\u0131n da fiyat\u0131<\/strong> art\u0131yor. Ge\u00e7ti\u011fimiz y\u0131l\u0131n ayn\u0131 d\u00f6nemine g\u00f6re <strong>elektrik ve do\u011falgaz fiyatlar\u0131<\/strong>nda <strong>% 30<\/strong>\u2019dan fazla art\u0131\u015f var. Az t\u00fcketmek bir \u00e7are de\u011fil. Enerjiyi binalarda <strong>az t\u00fcketerek faturalarda tasarruf etmek<\/strong> m\u00fcmk\u00fcn de\u011fil\u201d<\/em> dedi.<\/p>\n<h2><strong>B\u0130NANIZIN EKB\u2019S\u0130N\u0130 KONTROL ED\u0130N<\/strong><\/h2>\n<p><strong>Enerjinin verimli kullan\u0131ld\u0131\u011f\u0131<\/strong>nda \u201cdaha az enerji ile ayn\u0131 rand\u0131man\u0131\u201d elde etmenin m\u00fcmk\u00fcn oldu\u011funu s\u00f6yleyen <strong>Alkin<\/strong> s\u00f6zlerini \u015fu \u015fekilde s\u00fcrd\u00fcrd\u00fc: <em>\u201cT\u00fcrkiye\u2019de enerjinin <strong>% 40<\/strong>\u2019\u0131ndan fazlas\u0131 konutlarda t\u00fcketiliyor. Konutlar\u0131n bir\u00e7o\u011funun <strong>enerji verimlili\u011fi<\/strong> a\u00e7\u0131s\u0131ndan<strong> \u2018verimsiz\u2019<\/strong> durumda oldu\u011fu ortada. <strong>Binan\u0131z\u0131n EKB\u2019sini<\/strong> kontrol edin. <strong>Y\u00fcksek faturalardan kurtulmak<\/strong> i\u00e7in enerji verimlili\u011fine bir yerden ba\u015flamak gerekiyor.\u201d<\/em><\/p>\n<table width=\"669\">\n<tbody>\n<tr>\n<td width=\"669\">\n<h2><strong>5 ADIMDA VER\u0130ML\u0130 ENERJ\u0130 KULLANIMI<\/strong><\/h2>\n<p>Verimli enerji kullan\u0131rsak gelece\u011fimizi kurtar\u0131r\u0131z diyen <strong>Emre Alkin<\/strong>, Enerjiyi 5 ad\u0131mda nas\u0131l verimli kullanabilece\u011fimizi a\u00e7\u0131klad\u0131:<\/p>\n<p>1- Evinize \u0131s\u0131 yal\u0131t\u0131m\u0131 yapt\u0131r\u0131n,<\/p>\n<p>2- Kullanmad\u0131\u011f\u0131n\u0131z odalar\u0131n radyat\u00f6r\u00fcn\u00fc kapat\u0131n,<\/p>\n<p>3- Mutlaka ak\u0131ll\u0131 beyaz e\u015fyalar tercih edin,<\/p>\n<p>4- G\u00fcnd\u00fcz g\u00fcne\u015f enerjisini depolay\u0131n,<\/p>\n<p>5- Ak\u0131ll\u0131 saya\u00e7lar ile enerjiyi takip edin.<\/td>\n<\/tr>\n<\/tbody>\n<\/table>\n<p><\/p>","protected":false},"excerpt":{"rendered":"<p>Sorry, this entry is only available in Turkish. For the sake of viewer convenience, the content is shown below in the alternative language. You may click the link to switch the active language. K\u0131\u015f aylar\u0131n\u0131n geli\u015fiyle birlikte do\u011falgaz faturalar\u0131 artt\u0131. Ge\u00e7ti\u011fimiz y\u0131l\u0131n bu d\u00f6nemine k\u0131yasla elektrik faturalar\u0131 % 32,3, do\u011fal gaz faturalar\u0131 ise % 34,7 [&hellip;]<\/p>\n","protected":false},"author":1,"featured_media":122297,"comment_status":"open","ping_status":"open","sticky":false,"template":"","format":"standard","meta":[],"categories":[46,51,53,52],"tags":[81163,59720,12141,37794,26559,18551,37827,81165,793,81164,37793],"views":73,"_links":{"self":[{"href":"https:\/\/www.enerjigazetesi.ist\/en\/wp-json\/wp\/v2\/posts\/122295"}],"collection":[{"href":"https:\/\/www.enerjigazetesi.ist\/en\/wp-json\/wp\/v2\/posts"}],"about":[{"href":"https:\/\/www.enerjigazetesi.ist\/en\/wp-json\/wp\/v2\/types\/post"}],"author":[{"embeddable":true,"href":"https:\/\/www.enerjigazetesi.ist\/en\/wp-json\/wp\/v2\/users\/1"}],"replies":[{"embeddable":true,"href":"https:\/\/www.enerjigazetesi.ist\/en\/wp-json\/wp\/v2\/comments?post=122295"}],"version-history":[{"count":0,"href":"https:\/\/www.enerjigazetesi.ist\/en\/wp-json\/wp\/v2\/posts\/122295\/revisions"}],"wp:featuredmedia":[{"embeddable":true,"href":"https:\/\/www.enerjigazetesi.ist\/en\/wp-json\/wp\/v2\/media\/122297"}],"wp:attachment":[{"href":"https:\/\/www.enerjigazetesi.ist\/en\/wp-json\/wp\/v2\/media?parent=122295"}],"wp:term":[{"taxonomy":"category","embeddable":true,"href":"https:\/\/www.enerjigazetesi.ist\/en\/wp-json\/wp\/v2\/categories?post=122295"},{"taxonomy":"post_tag","embeddable":true,"href":"https:\/\/www.enerjigazetesi.ist\/en\/wp-json\/wp\/v2\/tags?post=122295"}],"curies":[{"name":"wp","href":"https:\/\/api.w.org\/{rel}","templated":true}]}}