{"id":122200,"date":"2020-10-19T15:55:23","date_gmt":"2020-10-19T12:55:23","guid":{"rendered":"https:\/\/www.enerjigazetesi.ist\/?p=122200"},"modified":"2020-10-19T15:56:03","modified_gmt":"2020-10-19T12:56:03","slug":"kis-mevsimi-oncesi-isi-yalitimi-ile-dogalgaz-faturalarini-azaltmak-mumkun","status":"publish","type":"post","link":"https:\/\/www.enerjigazetesi.ist\/en\/kis-mevsimi-oncesi-isi-yalitimi-ile-dogalgaz-faturalarini-azaltmak-mumkun\/","title":{"rendered":"(Turkish) K\u0131\u015f Gelmeden Is\u0131 Yal\u0131t\u0131m\u0131 ile Do\u011falgaz Faturalar\u0131n\u0131 Azaltmak M\u00fcmk\u00fcn!"},"content":{"rendered":"<p class=\"qtranxs-available-languages-message qtranxs-available-languages-message-en\">Sorry, this entry is only available in <a href=\"https:\/\/www.enerjigazetesi.ist\/tr\/wp-json\/wp\/v2\/posts\/122200\" class=\"qtranxs-available-language-link qtranxs-available-language-link-tr\" title=\"Turkish\">Turkish<\/a>. For the sake of viewer convenience, the content is shown below in the alternative language. You may click the link to switch the active language.<\/p><p><\/p>\n<h1><strong>Hem bireyler hem de i\u015fletmeler i\u00e7in ekonomik kaynaklar\u0131n her zamankinden daha k\u0131s\u0131tl\u0131 oldu\u011fu pandemi d\u00f6neminde, do\u011falgaz faturalar\u0131n\u0131 azaltman\u0131n yolu \u0131s\u0131 yal\u0131t\u0131m\u0131ndan ge\u00e7iyor.<img loading=\"lazy\" class=\"alignright wp-image-122202\" src=\"https:\/\/www.enerjigazetesi.ist\/wp-content\/uploads\/2020\/10\/kis-mevsimi-oncesi-isi-yalitimi-ile-dogalgaz-faturalarini-azaltmak-mumkun-1.jpg\" alt=\"\" width=\"320\" height=\"320\" srcset=\"https:\/\/www.enerjigazetesi.ist\/wp-content\/uploads\/2020\/10\/kis-mevsimi-oncesi-isi-yalitimi-ile-dogalgaz-faturalarini-azaltmak-mumkun-1.jpg 488w, https:\/\/www.enerjigazetesi.ist\/wp-content\/uploads\/2020\/10\/kis-mevsimi-oncesi-isi-yalitimi-ile-dogalgaz-faturalarini-azaltmak-mumkun-1-150x150.jpg 150w, https:\/\/www.enerjigazetesi.ist\/wp-content\/uploads\/2020\/10\/kis-mevsimi-oncesi-isi-yalitimi-ile-dogalgaz-faturalarini-azaltmak-mumkun-1-300x300.jpg 300w, https:\/\/www.enerjigazetesi.ist\/wp-content\/uploads\/2020\/10\/kis-mevsimi-oncesi-isi-yalitimi-ile-dogalgaz-faturalarini-azaltmak-mumkun-1-400x400.jpg 400w, https:\/\/www.enerjigazetesi.ist\/wp-content\/uploads\/2020\/10\/kis-mevsimi-oncesi-isi-yalitimi-ile-dogalgaz-faturalarini-azaltmak-mumkun-1-50x50.jpg 50w, https:\/\/www.enerjigazetesi.ist\/wp-content\/uploads\/2020\/10\/kis-mevsimi-oncesi-isi-yalitimi-ile-dogalgaz-faturalarini-azaltmak-mumkun-1-100x100.jpg 100w\" sizes=\"(max-width: 320px) 100vw, 320px\" \/><\/strong><\/h1>\n<p>\u00dclkemizde ve d\u00fcnyada etkisini s\u00fcrd\u00fcren <strong>koronavir\u00fcs salg\u0131n\u0131<\/strong> sebebiyle <strong>\u201cyeni normal\u201d<\/strong> al\u0131\u015fkanl\u0131klar\u0131m\u0131z\u0131n ba\u015f\u0131nda evden \u00e7al\u0131\u015fmak geliyor. K\u0131\u015f so\u011fuklar\u0131n\u0131n yakla\u015ft\u0131\u011f\u0131 bu aylarda, daha \u00e7ok vakit ge\u00e7irdi\u011fimiz konutlarda \u0131s\u0131 yal\u0131t\u0131m\u0131 yapt\u0131rman\u0131n tam s\u0131ras\u0131. T\u00fcrkiye\u2019de \u0131s\u0131 yal\u0131t\u0131m\u0131 yoluyla enerji tasarrufu sa\u011flanmas\u0131 i\u00e7in \u00e7al\u0131\u015fan T\u00fcrk Ytong, <strong>Multipor Mantolama Sistemi<\/strong> ile binalarda <strong>\u0131s\u0131nma ama\u00e7l\u0131 enerji kay\u0131plar\u0131<\/strong>n\u0131 \u00f6nleyerek, do\u011falgaz faturalar\u0131n\u0131n kabarmas\u0131na engel oluyor. K\u0131\u015f aylar\u0131n\u0131n en b\u00fcy\u00fck gider kalemini olu\u015fturan <strong>\u0131s\u0131nma maliyetlerini d\u00fc\u015f\u00fcrme<\/strong>nin ve<strong> b\u00fct\u00e7eden tasarruf etme<\/strong>nin yolu do\u011fru <strong>\u0131s\u0131 yal\u0131t\u0131m\u0131<\/strong> yapt\u0131rmaktan ge\u00e7iyor.<\/p>\n<h2><strong>Multipor, mantolamada g\u00fcvenli ve sa\u011fl\u0131kl\u0131 bir alternatif<\/strong><\/h2>\n<p>Yetersiz \u0131s\u0131 yal\u0131t\u0131m\u0131na sahip binalarda ya\u015fayanlar\u0131n, \u0131s\u0131 kay\u0131plar\u0131 sebebiyle do\u011falgaz faturalar\u0131n\u0131n kabard\u0131\u011f\u0131na dikkat \u00e7eken <strong>T\u00fcrk Ytong Genel M\u00fcd\u00fcr Yard\u0131mc\u0131s\u0131 Tolga \u00d6ztoprak, <\/strong>\u201cEvlerde t\u00fcketilen enerjinin \u00f6nemli b\u00f6l\u00fcm\u00fc, yetersiz \u0131s\u0131 yal\u0131t\u0131m\u0131ndan, yanl\u0131\u015f malzemelerle, hatal\u0131 veya eksik uygulamalardan dolay\u0131 kayboluyor. T\u00fcketicilerin <strong>\u0131s\u0131 yal\u0131t\u0131m malzemesi<\/strong> tercih ederken, sa\u011flayaca\u011f\u0131 enerji tasarrufuna, insan sa\u011fl\u0131\u011f\u0131na ve i\u00e7 ortam kalitesine etkisine, bak\u0131m gerektirip gerektirmedi\u011fine ve yang\u0131n a\u00e7\u0131s\u0131ndan risk ta\u015f\u0131y\u0131p ta\u015f\u0131mad\u0131\u011f\u0131na bakmas\u0131 gerekiyor. <strong>Do\u011fru \u0131s\u0131 yal\u0131t\u0131m sistemi<\/strong> uygulanm\u0131\u015f binalarda \u00f6zellikle so\u011fuk k\u0131\u015f d\u00f6nemlerinde, faturalarda b\u00fcy\u00fck tasarruf elde ediliyor. T\u00fcrk Ytong olarak \u00fcretti\u011fimiz <strong>mineral esasl\u0131<\/strong> ve <strong>A1 s\u0131n\u0131f\u0131 Hi\u00e7 Yanmaz \u0131s\u0131 yal\u0131t\u0131m levhas\u0131 Multipor<\/strong> ile T\u00fcrkiye\u2019nin yang\u0131na dayan\u0131kl\u0131 mantolama ihtiyac\u0131na \u00e7\u00f6z\u00fcm getirdik. \u00dclkemizi <strong>yanmayan, nefes alan, y\u00f6netmeliklerle uyumlu \u0131s\u0131 yal\u0131t\u0131m uygulamalar\u0131<\/strong>yla tan\u0131\u015ft\u0131rd\u0131k.\u201d<\/p>\n<h2><strong>Duvarlarda nem ve k\u00fcfe son<\/strong><\/h2>\n<p><strong>Tolga \u00d6ztoprak<\/strong> ayr\u0131ca <strong>Multipor <\/strong>ile binalar\u0131n <strong>uzun y\u0131llar bak\u0131m gerektirmeyecek<\/strong> y\u00fcksek performansl\u0131 bir yal\u0131t\u0131ma kavu\u015ftu\u011funu belirterek, \u201c<strong>Multipor<\/strong>\u2019u tamamen <strong>do\u011fal<\/strong> ve <strong>yerli hammaddelerle<\/strong> \u00fcretiyoruz. Mineral esasl\u0131 olmas\u0131 nedeniyle kullan\u0131ld\u0131\u011f\u0131<strong> binalar\u0131n nefes almas\u0131na<\/strong> olanak sa\u011fl\u0131yor, duvarlarda nem ve k\u00fcf olu\u015fumunu engelliyor.\u201d dedi.<\/p>","protected":false},"excerpt":{"rendered":"<p>Sorry, this entry is only available in Turkish. For the sake of viewer convenience, the content is shown below in the alternative language. You may click the link to switch the active language. Hem bireyler hem de i\u015fletmeler i\u00e7in ekonomik kaynaklar\u0131n her zamankinden daha k\u0131s\u0131tl\u0131 oldu\u011fu pandemi d\u00f6neminde, do\u011falgaz faturalar\u0131n\u0131 azaltman\u0131n yolu \u0131s\u0131 yal\u0131t\u0131m\u0131ndan ge\u00e7iyor. [&hellip;]<\/p>\n","protected":false},"author":1,"featured_media":122203,"comment_status":"open","ping_status":"open","sticky":false,"template":"","format":"standard","meta":[],"categories":[51,53,52],"tags":[81086,54036,59734,52259,49436,26559,57869,54856,43388,81085,47859,12420,793],"views":142,"_links":{"self":[{"href":"https:\/\/www.enerjigazetesi.ist\/en\/wp-json\/wp\/v2\/posts\/122200"}],"collection":[{"href":"https:\/\/www.enerjigazetesi.ist\/en\/wp-json\/wp\/v2\/posts"}],"about":[{"href":"https:\/\/www.enerjigazetesi.ist\/en\/wp-json\/wp\/v2\/types\/post"}],"author":[{"embeddable":true,"href":"https:\/\/www.enerjigazetesi.ist\/en\/wp-json\/wp\/v2\/users\/1"}],"replies":[{"embeddable":true,"href":"https:\/\/www.enerjigazetesi.ist\/en\/wp-json\/wp\/v2\/comments?post=122200"}],"version-history":[{"count":0,"href":"https:\/\/www.enerjigazetesi.ist\/en\/wp-json\/wp\/v2\/posts\/122200\/revisions"}],"wp:featuredmedia":[{"embeddable":true,"href":"https:\/\/www.enerjigazetesi.ist\/en\/wp-json\/wp\/v2\/media\/122203"}],"wp:attachment":[{"href":"https:\/\/www.enerjigazetesi.ist\/en\/wp-json\/wp\/v2\/media?parent=122200"}],"wp:term":[{"taxonomy":"category","embeddable":true,"href":"https:\/\/www.enerjigazetesi.ist\/en\/wp-json\/wp\/v2\/categories?post=122200"},{"taxonomy":"post_tag","embeddable":true,"href":"https:\/\/www.enerjigazetesi.ist\/en\/wp-json\/wp\/v2\/tags?post=122200"}],"curies":[{"name":"wp","href":"https:\/\/api.w.org\/{rel}","templated":true}]}}