{"id":122168,"date":"2020-10-19T14:37:13","date_gmt":"2020-10-19T11:37:13","guid":{"rendered":"https:\/\/www.enerjigazetesi.ist\/?p=122168"},"modified":"2020-10-19T14:38:33","modified_gmt":"2020-10-19T11:38:33","slug":"ucay-muhendislikte-2021-hedefi-30-bin-daikin-kombi","status":"publish","type":"post","link":"https:\/\/www.enerjigazetesi.ist\/en\/ucay-muhendislikte-2021-hedefi-30-bin-daikin-kombi\/","title":{"rendered":"(Turkish) \u00dc\u00e7ay M\u00fchendislik\u2019te 2021 Hedefi 30 Bin Daikin Kombi&#8230;"},"content":{"rendered":"<p class=\"qtranxs-available-languages-message qtranxs-available-languages-message-en\">Sorry, this entry is only available in <a href=\"https:\/\/www.enerjigazetesi.ist\/tr\/wp-json\/wp\/v2\/posts\/122168\" class=\"qtranxs-available-language-link qtranxs-available-language-link-tr\" title=\"Turkish\">Turkish<\/a>. For the sake of viewer convenience, the content is shown below in the alternative language. You may click the link to switch the active language.<\/p><p><\/p>\n<h1><strong>500 binden fazla evi do\u011falgaz ile bulu\u015fturan T\u00fcrkiye\u2019nin en b\u00fcy\u00fck do\u011falgaz d\u00f6n\u00fc\u015f\u00fcm \u015firketlerinden \u00dc\u00e7ay M\u00fchendislik, 2021 y\u0131l\u0131 Daikin kombi sat\u0131\u015f hedefini 30 bin olarak belirledi.<\/strong><\/h1>\n<p><strong>T\u00fcrkiye<\/strong>\u2019nin <strong>iklimlendirme sekt\u00f6r\u00fc<\/strong>ndeki \u00f6nc\u00fc firmas\u0131 <strong>\u00dc\u00e7ay M\u00fchendislik<\/strong>, 2021\u2019de 30 bin <strong>Daikin kombi sat\u0131\u015f\u0131<\/strong> hedefi belirledi. <strong>2020<\/strong>\u2019nin <strong>COVID-19<\/strong> sebebiyle t\u00fcm d\u00fcnyada durgun ge\u00e7ti\u011fine dikkat <img loading=\"lazy\" class=\"alignright wp-image-122170\" src=\"https:\/\/www.enerjigazetesi.ist\/wp-content\/uploads\/2020\/10\/ucay-muhendislikte-2021-hedefi-30-bin-daikin-kombi-1.jpg\" alt=\"\" width=\"320\" height=\"214\" srcset=\"https:\/\/www.enerjigazetesi.ist\/wp-content\/uploads\/2020\/10\/ucay-muhendislikte-2021-hedefi-30-bin-daikin-kombi-1.jpg 731w, https:\/\/www.enerjigazetesi.ist\/wp-content\/uploads\/2020\/10\/ucay-muhendislikte-2021-hedefi-30-bin-daikin-kombi-1-300x200.jpg 300w, https:\/\/www.enerjigazetesi.ist\/wp-content\/uploads\/2020\/10\/ucay-muhendislikte-2021-hedefi-30-bin-daikin-kombi-1-500x334.jpg 500w, https:\/\/www.enerjigazetesi.ist\/wp-content\/uploads\/2020\/10\/ucay-muhendislikte-2021-hedefi-30-bin-daikin-kombi-1-75x50.jpg 75w, https:\/\/www.enerjigazetesi.ist\/wp-content\/uploads\/2020\/10\/ucay-muhendislikte-2021-hedefi-30-bin-daikin-kombi-1-450x300.jpg 450w\" sizes=\"(max-width: 320px) 100vw, 320px\" \/>\u00e7eken <strong>\u00dc\u00e7ay Grup CEO\u2019su Turan \u015eakac\u0131<\/strong>, gelecek y\u0131ldan umutlu olduklar\u0131n\u0131 belirtti ve \u015funlar\u0131 s\u00f6yledi: \u201cKoronavir\u00fcs salg\u0131n\u0131 sebebiyle hi\u00e7 kimsenin hesaplamad\u0131\u011f\u0131 bir y\u0131l ge\u00e7iriyoruz. Salg\u0131n\u0131n yava\u015flamas\u0131 ve a\u015f\u0131 \u00e7al\u0131\u015fmalar\u0131nda ya\u015fanan ilerlemeye ba\u011fl\u0131 olarak <strong>2021\u2019in k\u00fcresel anlamda<\/strong> toparlanma y\u0131l\u0131 olaca\u011f\u0131n\u0131 \u00f6ng\u00f6r\u00fcyoruz. \u0130n\u015faat sekt\u00f6r\u00fcnde de 2020\u2019ye g\u00f6re daha iyi bir y\u0131l ge\u00e7irece\u011fiz. <strong>\u00dc\u00e7ay M\u00fchendislik<\/strong> olarak <strong>30 bin<\/strong> adet <strong>Daikin kombi sat\u0131\u015f\u0131<\/strong> hedefi belirledik. Sekt\u00f6rde <strong>6 y\u0131l<\/strong> kombi, <strong>6 y\u0131l<\/strong> da tesisat garantisi sunan tek m\u00fchendislik firmas\u0131 olmam\u0131z sebebiyle bu hedefimizi ger\u00e7ekle\u015ftirebiliriz.\u201d<\/p>\n<h2><strong>HEDEF YILLIK 30 B\u0130N KOMB\u0130<\/strong><\/h2>\n<p>T\u00fcrkiye\u2019nin geli\u015fime a\u00e7\u0131k bir pazar oldu\u011funa dikkat \u00e7eken ve <strong>kentsel d\u00f6n\u00fc\u015f\u00fcm projeleri<\/strong>yle iklimlendirme ekipmanlar\u0131na olan ihtiyac\u0131n giderek artaca\u011f\u0131n\u0131 belirten <strong>Daikin Is\u0131tma Departman M\u00fcd\u00fcr\u00fc Fahri Umut Ert\u00fcr, \u201c<\/strong>T\u00fcrkiye\u2019nin en b\u00fcy\u00fck m\u00fchendislik \u015firketlerinden olan \u00dc\u00e7ay M\u00fchendislik\u2019in <strong>2021<\/strong>\u2019de <strong>30 bin<\/strong> <strong>Daikin kombi<\/strong> sat\u0131\u015f\u0131 hedefi belirlemesi,<strong> tedarik\u00e7i olarak<\/strong> bizi de motive ediyor. Daikin olarak d\u00fcnyan\u0131n en k\u00fc\u00e7\u00fck kombisini \u00fcreterek b\u00fcy\u00fck bir ba\u015far\u0131ya imza att\u0131k. T\u00fcrkiye genelinde <strong>24<\/strong> \u015fehirde <strong>51<\/strong> \u015fubesi olan <strong>\u00dc\u00e7ay M\u00fchendislik<\/strong> ile bu hedefimizi ger\u00e7ekle\u015ftirece\u011fiz.\u201d \u015feklinde konu\u015ftu.<\/p>","protected":false},"excerpt":{"rendered":"<p>Sorry, this entry is only available in Turkish. For the sake of viewer convenience, the content is shown below in the alternative language. You may click the link to switch the active language. 500 binden fazla evi do\u011falgaz ile bulu\u015fturan T\u00fcrkiye\u2019nin en b\u00fcy\u00fck do\u011falgaz d\u00f6n\u00fc\u015f\u00fcm \u015firketlerinden \u00dc\u00e7ay M\u00fchendislik, 2021 y\u0131l\u0131 Daikin kombi sat\u0131\u015f hedefini 30 [&hellip;]<\/p>\n","protected":false},"author":1,"featured_media":122171,"comment_status":"open","ping_status":"open","sticky":false,"template":"","format":"standard","meta":[],"categories":[46,53],"tags":[81050,81047,81045,54036,52259,81049,53499,17296,81051,81048,78977,81046],"views":80,"_links":{"self":[{"href":"https:\/\/www.enerjigazetesi.ist\/en\/wp-json\/wp\/v2\/posts\/122168"}],"collection":[{"href":"https:\/\/www.enerjigazetesi.ist\/en\/wp-json\/wp\/v2\/posts"}],"about":[{"href":"https:\/\/www.enerjigazetesi.ist\/en\/wp-json\/wp\/v2\/types\/post"}],"author":[{"embeddable":true,"href":"https:\/\/www.enerjigazetesi.ist\/en\/wp-json\/wp\/v2\/users\/1"}],"replies":[{"embeddable":true,"href":"https:\/\/www.enerjigazetesi.ist\/en\/wp-json\/wp\/v2\/comments?post=122168"}],"version-history":[{"count":0,"href":"https:\/\/www.enerjigazetesi.ist\/en\/wp-json\/wp\/v2\/posts\/122168\/revisions"}],"wp:featuredmedia":[{"embeddable":true,"href":"https:\/\/www.enerjigazetesi.ist\/en\/wp-json\/wp\/v2\/media\/122171"}],"wp:attachment":[{"href":"https:\/\/www.enerjigazetesi.ist\/en\/wp-json\/wp\/v2\/media?parent=122168"}],"wp:term":[{"taxonomy":"category","embeddable":true,"href":"https:\/\/www.enerjigazetesi.ist\/en\/wp-json\/wp\/v2\/categories?post=122168"},{"taxonomy":"post_tag","embeddable":true,"href":"https:\/\/www.enerjigazetesi.ist\/en\/wp-json\/wp\/v2\/tags?post=122168"}],"curies":[{"name":"wp","href":"https:\/\/api.w.org\/{rel}","templated":true}]}}