{"id":12212,"date":"2013-06-22T22:51:23","date_gmt":"2013-06-22T19:51:23","guid":{"rendered":"https:\/\/www.enerjigazetesi.ist\/?p=12212"},"modified":"2013-06-22T22:51:23","modified_gmt":"2013-06-22T19:51:23","slug":"turk-petrolu-kuzey-irakta-yukseldi","status":"publish","type":"post","link":"https:\/\/www.enerjigazetesi.ist\/en\/turk-petrolu-kuzey-irakta-yukseldi\/","title":{"rendered":"(Turkish) T\u00fcrk Petrol\u00fc Kuzey Irak&#8217;ta Y\u00fckseldi"},"content":{"rendered":"<p class=\"qtranxs-available-languages-message qtranxs-available-languages-message-en\">Sorry, this entry is only available in <a href=\"https:\/\/www.enerjigazetesi.ist\/tr\/wp-json\/wp\/v2\/posts\/12212\" class=\"qtranxs-available-language-link qtranxs-available-language-link-tr\" title=\"Turkish\">Turkish<\/a>. For the sake of viewer convenience, the content is shown below in the alternative language. You may click the link to switch the active language.<\/p><p><strong>Kuzey Irak&#8217;ta k\u00fcresel petrol sava\u015flar\u0131nda T\u00fcrkiye \u00f6ne \u00e7\u0131k\u0131yor. K\u00fcrt Y\u00f6netimi Do\u011fal Kaynaklar Bakan\u0131 Ashti Hawrami, \u00e7ok \u00f6nemli 6 sahada, sadece bir T\u00fcrk \u015firketin petrol \u00e7\u0131karaca\u011f\u0131n\u0131 s\u00f6yledi.<\/strong><\/p>\n<p>Kuzey Irak&#8217;ta K\u00fcrt b\u00f6lgesi i\u00e7erisinde devam eden k\u00fcresel petrol sava\u015flar\u0131nda, T\u00fcrkiye i\u00e7in \u00e7ok \u00f6nemli bir ad\u0131m at\u0131ld\u0131. D\u00fcnyan\u0131n \u00e7ok \u00f6nemli enerji oyuncular\u0131n\u0131n bulundu\u011fu b\u00f6lgede, ismi gizli tutulan bir T\u00fcrk \u015firketine tek ba\u015f\u0131na arama yapma izni veriliyor.<br \/>\nThe Oil&amp;Gas Year adl\u0131 sekt\u00f6r dergis<a href=\"https:\/\/www.enerjigazetesi.ist\/wp-content\/uploads\/2013\/05\/petrol_arama_ruhsat2-505x280.jpg\"><img loading=\"lazy\" class=\"alignleft size-medium wp-image-10940\" title=\"t\u00fcrk-petrol\u00fc-kuzey-\u0131rak-ta-y\u00fckseldi\" src=\"https:\/\/www.enerjigazetesi.ist\/wp-content\/uploads\/2013\/05\/petrol_arama_ruhsat2-505x280-300x166.jpg\" alt=\"\" width=\"300\" height=\"166\" srcset=\"https:\/\/www.enerjigazetesi.ist\/wp-content\/uploads\/2013\/05\/petrol_arama_ruhsat2-505x280-300x166.jpg 300w, https:\/\/www.enerjigazetesi.ist\/wp-content\/uploads\/2013\/05\/petrol_arama_ruhsat2-505x280-500x277.jpg 500w, https:\/\/www.enerjigazetesi.ist\/wp-content\/uploads\/2013\/05\/petrol_arama_ruhsat2-505x280-80x44.jpg 80w, https:\/\/www.enerjigazetesi.ist\/wp-content\/uploads\/2013\/05\/petrol_arama_ruhsat2-505x280.jpg 505w\" sizes=\"(max-width: 300px) 100vw, 300px\" \/><\/a>inde yer alan ve Kuzey Irak K\u00fcrt Y\u00f6netimi (KRG) Do\u011fal Kaynaklar Bakan\u0131 Ashti Hawrami&#8217;nin de do\u011frulad\u0131\u011f\u0131 geli\u015fmeye g\u00f6re; T\u00fcrk \u015firketi, \u015eoman, Hindren, Arbat, Pulkana, Jeabel Kand ve Halakan bloklar\u0131nda petrol \u00e7\u0131kartacak. \u015eirketin \u015eoman, Hindren ve Arbat b\u00f6lgelerinde y\u00fczde 80, Pulkana, Jabel Kand ve Halakan&#8217;da ise y\u00fczde 40 paya sahip oldu\u011fu belirtiliyor. S\u00f6z konusu \u015firket y\u00fczde 100 sermayeli bir kamu \u015firketi \u015feklinde olacak.<\/p>\n<p>Londra&#8217;da kat\u0131ld\u0131\u011f\u0131 bir konferansta a\u00e7\u0131klamalarda bulunan Hawrami, T\u00fcrkiye&#8217;ye, s\u0131n\u0131r b\u00f6lgesindeki Fi\u015fkabur kentinden iletilecek olan petrol\u00fcn, Eyl\u00fcl ay\u0131nda sevkiyat\u0131na ba\u015flanaca\u011f\u0131n\u0131 da belirtti. Buna g\u00f6re; T\u00fcrkiye&#8217;ye g\u00fcnl\u00fck 300 bin varil petrol transferi yap\u0131lacak. Hatt\u0131n g\u00fcnl\u00fck maksimum kapasitesi ise 1 milyon varil olacak. KRG, kamyonlarla T\u00fcrkiye&#8217;ye 30 bin varil petrol sevkiyat\u0131 yap\u0131yor. Hawrami, g\u00fcnl\u00fck 300 bin varil olan petrol \u00fcretimlerini, 2013 sonunda 400 bin varile \u00e7\u0131karmak istediklerini kaydetti.<\/p>\n<p>Ashti Hawrami, do\u011falgaz sahalar\u0131ndan T\u00fcrkiye&#8217;nin nas\u0131l yararlanaca\u011f\u0131yla ilgili anla\u015fmalar hakk\u0131nda da bilgi de verdi. 6 b\u00f6lgedeki petrol \u00fcretiminin yan\u0131nda T\u00fcrkiye 2016&#8217;da do\u011falgaz al\u0131m\u0131na da ba\u015flayacak. B\u00f6ylece T\u00fcrkiye, Rusya&#8217;ya \u00f6dedi\u011fi faturan\u0131n \u00e7ok alt\u0131nda bir fiyatla do\u011falgaz sat\u0131n alma \u015fans\u0131na kavu\u015facak.<\/p>\n<p>Kaynak: <a href=\"http:\/\/www.energyworld.com.tr\/root.vol?title=turk-petrolu-kuzey-irak-39ta-yukseldi&amp;exec=page&amp;nid=549382\" target=\"_blank\">Energy World<\/a><\/p>","protected":false},"excerpt":{"rendered":"<p>Sorry, this entry is only available in Turkish. For the sake of viewer convenience, the content is shown below in the alternative language. You may click the link to switch the active language.Kuzey Irak&#8217;ta k\u00fcresel petrol sava\u015flar\u0131nda T\u00fcrkiye \u00f6ne \u00e7\u0131k\u0131yor. K\u00fcrt Y\u00f6netimi Do\u011fal Kaynaklar Bakan\u0131 Ashti Hawrami, \u00e7ok \u00f6nemli 6 sahada, sadece bir T\u00fcrk \u015firketin [&hellip;]<\/p>\n","protected":false},"author":1,"featured_media":10940,"comment_status":"open","ping_status":"open","sticky":false,"template":"","format":"standard","meta":[],"categories":[53,44],"tags":[6196,63,67,165,945,6220,875,59,79,6219,846],"views":879,"_links":{"self":[{"href":"https:\/\/www.enerjigazetesi.ist\/en\/wp-json\/wp\/v2\/posts\/12212"}],"collection":[{"href":"https:\/\/www.enerjigazetesi.ist\/en\/wp-json\/wp\/v2\/posts"}],"about":[{"href":"https:\/\/www.enerjigazetesi.ist\/en\/wp-json\/wp\/v2\/types\/post"}],"author":[{"embeddable":true,"href":"https:\/\/www.enerjigazetesi.ist\/en\/wp-json\/wp\/v2\/users\/1"}],"replies":[{"embeddable":true,"href":"https:\/\/www.enerjigazetesi.ist\/en\/wp-json\/wp\/v2\/comments?post=12212"}],"version-history":[{"count":1,"href":"https:\/\/www.enerjigazetesi.ist\/en\/wp-json\/wp\/v2\/posts\/12212\/revisions"}],"predecessor-version":[{"id":12213,"href":"https:\/\/www.enerjigazetesi.ist\/en\/wp-json\/wp\/v2\/posts\/12212\/revisions\/12213"}],"wp:featuredmedia":[{"embeddable":true,"href":"https:\/\/www.enerjigazetesi.ist\/en\/wp-json\/wp\/v2\/media\/10940"}],"wp:attachment":[{"href":"https:\/\/www.enerjigazetesi.ist\/en\/wp-json\/wp\/v2\/media?parent=12212"}],"wp:term":[{"taxonomy":"category","embeddable":true,"href":"https:\/\/www.enerjigazetesi.ist\/en\/wp-json\/wp\/v2\/categories?post=12212"},{"taxonomy":"post_tag","embeddable":true,"href":"https:\/\/www.enerjigazetesi.ist\/en\/wp-json\/wp\/v2\/tags?post=12212"}],"curies":[{"name":"wp","href":"https:\/\/api.w.org\/{rel}","templated":true}]}}