{"id":12201,"date":"2013-06-21T16:33:09","date_gmt":"2013-06-21T13:33:09","guid":{"rendered":"https:\/\/www.enerjigazetesi.ist\/?p=12201"},"modified":"2013-06-21T16:33:27","modified_gmt":"2013-06-21T13:33:27","slug":"resyad-ruzgarin-onunu-kesmeyin","status":"publish","type":"post","link":"https:\/\/www.enerjigazetesi.ist\/en\/resyad-ruzgarin-onunu-kesmeyin\/","title":{"rendered":"(Turkish) RESYAD: R\u00fczgar\u0131n \u00d6n\u00fcn\u00fc Kesmeyin!"},"content":{"rendered":"<p class=\"qtranxs-available-languages-message qtranxs-available-languages-message-en\">Sorry, this entry is only available in <a href=\"https:\/\/www.enerjigazetesi.ist\/tr\/wp-json\/wp\/v2\/posts\/12201\" class=\"qtranxs-available-language-link qtranxs-available-language-link-tr\" title=\"Turkish\">Turkish<\/a>. For the sake of viewer convenience, the content is shown below in the alternative language. You may click the link to switch the active language.<\/p><p><strong>R\u00fczgar Enerjisi Santrali Yat\u0131r\u0131mc\u0131lar\u0131 Derne\u011fi (RESYAD) Ba\u015fkan\u0131 Selahattin Baysal, &#8220;Adeta g\u00f6r\u00fcnmeyen bir g\u00fc\u00e7 RES projelerinin yap\u0131lmas\u0131na engel oluyor&#8221; dedi.\u00a0<\/strong><\/p>\n<div>RESYAD Ba\u015fkan\u0131 Selahattin Baysal, \u00fcye \u015firketlere ve sekt\u00f6rdeki \u00f6nemli oyunculara g\u00f6nderdi\u011fi mektupla, 21 Haziran 2013 Cuma g\u00fcn\u00fc Orman ve Su \u0130\u015fleri Bakanl\u0131\u011f\u0131, Orman Genel M\u00fcd\u00fcrl\u00fc\u011f\u00fc ve Do\u011fa Koruma Milli Parklar Genel M\u00fcd\u00fcrl\u00fc\u011f\u00fc Genel M\u00fcd\u00fcrleri ile Bakanl\u0131k makam\u0131nda RES projelerinin durumu, gelece\u011fi, ku\u015f g\u00f6\u00e7 yollar\u0131 vb. konularda bir toplant\u0131 yap\u0131laca\u011f\u0131 duyumu al\u0131nd\u0131\u011f\u0131n\u0131 belirtti.<br \/>\n<em><\/em><\/div>\n<div><strong><em>S\u00d6ZDE GEREK\u00c7ELER ENGEL OLMASIN<\/em><\/strong><\/div>\n<div>T\u00fcm derken \u00fcyelerini ve yat\u0131r\u0131mc\u0131lar\u0131, konunun \u00f6nemine binaen \u00fcst d\u00fczey kat\u0131l\u0131ml\u0131 bu toplant\u0131dan pozitif sonu\u00e7lar al\u0131nmas\u0131na y\u00f6nelik giri\u015fimlerde bulunmaya \u00e7a\u011f\u0131ran Baysal \u015fu ifadeleri kulland\u0131:<\/div>\n<div>&#8220;Bilindi\u011fi \u00fczere, belirli s\u0131kl\u0131kta orman yap\u0131s\u0131na sahip orman alanlar\u0131nda ve ku\u015f g\u00f6\u00e7 yollar\u0131 veya civar\u0131na RES i\u00e7in Orman Bakanl\u0131\u011f\u0131`nca izin verilmesi, konusunda uzmanla\u015fm\u0131\u015f akademisyenlerce haz\u0131rlanan raporlar\u0131n al\u0131nmas\u0131 suretiyle m\u00fcmk\u00fcn olabilmektedir. Ancak, yine de bu sebeple bir \u00e7ok yat\u0131r\u0131mc\u0131m\u0131z\u0131n ma\u011fduriyeti ortadad\u0131r. <a href=\"https:\/\/www.enerjigazetesi.ist\/wp-content\/uploads\/2013\/06\/Selahattin-Baysal-ruzgar-enerjisi-RESYAD.jpg\"><img loading=\"lazy\" class=\"alignright size-medium wp-image-12202\" title=\"Selahattin-Baysal-ruzgar-enerjisi-RESYAD\" src=\"https:\/\/www.enerjigazetesi.ist\/wp-content\/uploads\/2013\/06\/Selahattin-Baysal-ruzgar-enerjisi-RESYAD-300x206.jpg\" alt=\"\" width=\"300\" height=\"206\" srcset=\"https:\/\/www.enerjigazetesi.ist\/wp-content\/uploads\/2013\/06\/Selahattin-Baysal-ruzgar-enerjisi-RESYAD-300x206.jpg 300w, https:\/\/www.enerjigazetesi.ist\/wp-content\/uploads\/2013\/06\/Selahattin-Baysal-ruzgar-enerjisi-RESYAD-500x344.jpg 500w, https:\/\/www.enerjigazetesi.ist\/wp-content\/uploads\/2013\/06\/Selahattin-Baysal-ruzgar-enerjisi-RESYAD-72x50.jpg 72w, https:\/\/www.enerjigazetesi.ist\/wp-content\/uploads\/2013\/06\/Selahattin-Baysal-ruzgar-enerjisi-RESYAD.jpg 550w\" sizes=\"(max-width: 300px) 100vw, 300px\" \/><\/a><\/div>\n<div><\/div>\n<div>S\u0131kl\u0131\u011fa haiz ormanl\u0131k arazide RES i\u00e7in yat\u0131r\u0131mc\u0131lar\u0131m\u0131z milli varl\u0131\u011f\u0131m\u0131z ormanlar\u0131m\u0131z\u0131n heba edilmesini zaten istemezler. Ancak, ku\u015f g\u00f6\u00e7 yollar\u0131 gibi s\u00f6zde gerek\u00e7eler RES projelerinin reddedilmesi ise ger\u00e7e\u011fi yans\u0131tmad\u0131\u011f\u0131 gibi, bu s\u00f6zde gerek\u00e7eye dayan\u0131larak Bakanl\u0131k\u00e7a bir \u00e7ok RES Projesine izin verilmemesi ise anla\u015f\u0131l\u0131r bir durum olmamaktad\u0131r. Bir ba\u015fka ifadeyle, adeta g\u00f6r\u00fcnmeyen bir g\u00fc\u00e7 RES Projelerinin yap\u0131lmas\u0131na engel olmakta, yani izin verilmeyerek RES Projelerinin iptal olmas\u0131na zemin olu\u015fturmaktad\u0131r. Hatta neredeyse ku\u015f g\u00f6\u00e7 yolu gerek\u00e7esiyle RES Projelerine d\u00fc\u015fman g\u00f6z\u00fcyle bak\u0131lmakta oldu\u011fu herkes\u00e7e payla\u015f\u0131lan bir hal ald\u0131\u011f\u0131 bilinmektedir.&#8221;<\/div>\n<div><\/div>\n<div><strong><em>KU\u015e G\u00d6\u00c7\u00dc \u0130LE R\u00dcZGAR B\u0130RB\u0130R\u0130NDEN AYRILAMAZ<\/em><\/strong><\/div>\n<div>Selahattin Baysal mektubunda, ku\u015f g\u00f6\u00e7lerinin ancak r\u00fczgarla m\u00fcmk\u00fcn olabilece\u011fine i\u015faret ederek &#8220;Yani ku\u015f g\u00f6\u00e7\u00fc ile r\u00fczgar\u0131 birbirinden ay\u0131rman\u0131n d\u00fc\u015f\u00fcn\u00fclemeyece\u011fi \u00e7ok ayan beyan bir durum iken, hi\u00e7bir canl\u0131n\u0131n kendisine zarar verecek nesneye yakla\u015fmayaca\u011f\u0131 bilinen bir tabiat olay\u0131d\u0131r&#8221; ifadelerini kulland\u0131. Selahattin Baysal mektubunu \u015f\u00f6yle tamamlad\u0131:<\/div>\n<div><\/div>\n<div>&#8220;Kald\u0131 ki, ku\u015f g\u00f6\u00e7 zamanlar\u0131nda R\u00fczgar T\u00fcrbinlerinin \u00e7al\u0131\u015ft\u0131r\u0131lmamas\u0131na kadar varan taahh\u00fctleri yat\u0131r\u0131mc\u0131lar\u0131m\u0131z\u0131n vermesine ra\u011fmen yukar\u0131da belirtilen s\u00f6zde gerek\u00e7elerin kald\u0131r\u0131lmas\u0131 y\u00f6n\u00fcnde Yat\u0131r\u0131mc\u0131lar\u0131m\u0131z\u0131n\/Akademisyenlerimizin belirtilen olumsuz g\u00f6r\u00fc\u015flerin kald\u0131r\u0131larak, olumlu y\u00f6nde karar al\u0131nmas\u0131na destek vermeleri y\u00f6n\u00fcnde giri\u015fimde bulunmalar\u0131nda sonsuz yararlar s\u00f6z konusudur.\u00a0Bu nedenlerle, 21.06.2013 Cuma g\u00fcn\u00fc Orman Bakanl\u0131\u011f\u0131 Makam\u0131nda yap\u0131laca\u011f\u0131 \u00f6\u011frenilen toplant\u0131ya ili\u015fkin gerekli giri\u015fimleri s\u00fcrd\u00fcrmelerini dilemekteyim.&#8221;<\/div>\n<div><\/div>\n<div>Kaynak: <a href=\"http:\/\/enerjigunlugu.net\/resyad:-ruzgarin-onunu-kesmeyin_3963.html#.UcRWEthhDZ8\" target=\"_blank\">Enerji G\u00fcnl\u00fc\u011f\u00fc<\/a><\/div>\n<p><\/p>","protected":false},"excerpt":{"rendered":"<p>Sorry, this entry is only available in Turkish. For the sake of viewer convenience, the content is shown below in the alternative language. You may click the link to switch the active language.R\u00fczgar Enerjisi Santrali Yat\u0131r\u0131mc\u0131lar\u0131 Derne\u011fi (RESYAD) Ba\u015fkan\u0131 Selahattin Baysal, &#8220;Adeta g\u00f6r\u00fcnmeyen bir g\u00fc\u00e7 RES projelerinin yap\u0131lmas\u0131na engel oluyor&#8221; dedi.\u00a0 RESYAD Ba\u015fkan\u0131 Selahattin Baysal, [&hellip;]<\/p>\n","protected":false},"author":1,"featured_media":12202,"comment_status":"open","ping_status":"open","sticky":false,"template":"","format":"standard","meta":[],"categories":[53,50],"tags":[63,67,474,6209,69,16,6210,324,5484],"views":856,"_links":{"self":[{"href":"https:\/\/www.enerjigazetesi.ist\/en\/wp-json\/wp\/v2\/posts\/12201"}],"collection":[{"href":"https:\/\/www.enerjigazetesi.ist\/en\/wp-json\/wp\/v2\/posts"}],"about":[{"href":"https:\/\/www.enerjigazetesi.ist\/en\/wp-json\/wp\/v2\/types\/post"}],"author":[{"embeddable":true,"href":"https:\/\/www.enerjigazetesi.ist\/en\/wp-json\/wp\/v2\/users\/1"}],"replies":[{"embeddable":true,"href":"https:\/\/www.enerjigazetesi.ist\/en\/wp-json\/wp\/v2\/comments?post=12201"}],"version-history":[{"count":2,"href":"https:\/\/www.enerjigazetesi.ist\/en\/wp-json\/wp\/v2\/posts\/12201\/revisions"}],"predecessor-version":[{"id":12204,"href":"https:\/\/www.enerjigazetesi.ist\/en\/wp-json\/wp\/v2\/posts\/12201\/revisions\/12204"}],"wp:featuredmedia":[{"embeddable":true,"href":"https:\/\/www.enerjigazetesi.ist\/en\/wp-json\/wp\/v2\/media\/12202"}],"wp:attachment":[{"href":"https:\/\/www.enerjigazetesi.ist\/en\/wp-json\/wp\/v2\/media?parent=12201"}],"wp:term":[{"taxonomy":"category","embeddable":true,"href":"https:\/\/www.enerjigazetesi.ist\/en\/wp-json\/wp\/v2\/categories?post=12201"},{"taxonomy":"post_tag","embeddable":true,"href":"https:\/\/www.enerjigazetesi.ist\/en\/wp-json\/wp\/v2\/tags?post=12201"}],"curies":[{"name":"wp","href":"https:\/\/api.w.org\/{rel}","templated":true}]}}