{"id":122005,"date":"2020-10-15T12:00:07","date_gmt":"2020-10-15T09:00:07","guid":{"rendered":"https:\/\/www.enerjigazetesi.ist\/?p=122005"},"modified":"2020-10-15T12:07:50","modified_gmt":"2020-10-15T09:07:50","slug":"iyiornekol-hareketi-enerji-tasarrufu-konusunda-farkindalik-yaratiyor","status":"publish","type":"post","link":"https:\/\/www.enerjigazetesi.ist\/en\/iyiornekol-hareketi-enerji-tasarrufu-konusunda-farkindalik-yaratiyor\/","title":{"rendered":"(Turkish) &#8217;#\u0130yi\u00d6rnekOl Hareketi&#8217; Enerji Tasarrufu Konusunda Fark\u0131ndal\u0131k Yarat\u0131yor!"},"content":{"rendered":"<p class=\"qtranxs-available-languages-message qtranxs-available-languages-message-en\">Sorry, this entry is only available in <a href=\"https:\/\/www.enerjigazetesi.ist\/tr\/wp-json\/wp\/v2\/posts\/122005\" class=\"qtranxs-available-language-link qtranxs-available-language-link-tr\" title=\"Turkish\">Turkish<\/a>. For the sake of viewer convenience, the content is shown below in the alternative language. You may click the link to switch the active language.<\/p><p><\/p>\n<h1><strong>\u0130<\/strong><strong>klimlendirme sekt<\/strong><strong>\u00f6<\/strong><strong>r<\/strong><strong>\u00fc<\/strong><strong>n<\/strong><strong>\u00fc<\/strong><strong>n g<\/strong><strong>\u00fc\u00e7<\/strong><strong>l<\/strong><strong>\u00fc<\/strong><strong> markalar<\/strong><strong>\u0131<\/strong><strong>ndan Bosch Termoteknoloji, #<\/strong><strong>\u0130<\/strong><strong>yi<\/strong><strong>\u00f6<\/strong><strong>rnekol hareketi ile aileleri tasarruf konusunda <\/strong><strong>\u00e7<\/strong><strong>ocuklar<\/strong><strong>\u0131<\/strong><strong>na <\/strong><strong>\u00f6<\/strong><strong>rnek olmaya te<\/strong><strong>\u015f<\/strong><strong>vik ediyor.<\/strong><\/h1>\n<p><strong>Y\u00fcksek tasarruf sa\u011flayan<\/strong> \u00fcst\u00fcn teknolojiye sahip \u00fcr\u00fcnleriyle <strong>Bosch Termoteknoloji<\/strong>, \u00f6nc\u00fc bir harekete daha imza att\u0131. \u015eirket, \u00fclkemiz ve d\u00fcnya i\u00e7in b\u00fcy\u00fck \u00f6nem ta\u015f\u0131yan<strong> \u201ctasarruf\u201d<\/strong> konusunda t\u00fcketicilerde fark\u0131ndal\u0131k yaratmak ad\u0131na <strong>#\u0130yi\u00f6rnekol hareketi<\/strong>ni ba\u015flatt\u0131. <strong>Bosch Termoteknoloji<\/strong> sosyal medya \u00fczerinden y\u00fcr\u00fctt\u00fc\u011f\u00fc <strong>#\u0130yi\u00f6rnekol hareketi<\/strong> ile ailelerden \u00e7ocuklar\u0131na \u00f6rnek olduklar\u0131 davran\u0131\u015flar\u0131 <img loading=\"lazy\" class=\"alignright wp-image-122008\" src=\"https:\/\/www.enerjigazetesi.ist\/wp-content\/uploads\/2020\/10\/iyiornekol-hareketi-enerji-tasarrufu-konusunda-farkindalik-yaratiyor-1.jpg\" alt=\"\" width=\"320\" height=\"320\" srcset=\"https:\/\/www.enerjigazetesi.ist\/wp-content\/uploads\/2020\/10\/iyiornekol-hareketi-enerji-tasarrufu-konusunda-farkindalik-yaratiyor-1.jpg 488w, https:\/\/www.enerjigazetesi.ist\/wp-content\/uploads\/2020\/10\/iyiornekol-hareketi-enerji-tasarrufu-konusunda-farkindalik-yaratiyor-1-150x150.jpg 150w, https:\/\/www.enerjigazetesi.ist\/wp-content\/uploads\/2020\/10\/iyiornekol-hareketi-enerji-tasarrufu-konusunda-farkindalik-yaratiyor-1-300x300.jpg 300w, https:\/\/www.enerjigazetesi.ist\/wp-content\/uploads\/2020\/10\/iyiornekol-hareketi-enerji-tasarrufu-konusunda-farkindalik-yaratiyor-1-400x400.jpg 400w, https:\/\/www.enerjigazetesi.ist\/wp-content\/uploads\/2020\/10\/iyiornekol-hareketi-enerji-tasarrufu-konusunda-farkindalik-yaratiyor-1-50x50.jpg 50w, https:\/\/www.enerjigazetesi.ist\/wp-content\/uploads\/2020\/10\/iyiornekol-hareketi-enerji-tasarrufu-konusunda-farkindalik-yaratiyor-1-100x100.jpg 100w\" sizes=\"(max-width: 320px) 100vw, 320px\" \/><strong>#\u0130yi\u00f6rnekol<\/strong> ve <strong>#TasarrufCand\u0131r<\/strong> etiketleriyle payla\u015farak <strong>tasarruf bilinci yaratma<\/strong>y\u0131 hedefliyor.<\/p>\n<p>Bosch Termoteknoloji <strong>#\u0130yi\u00f6rnekol hareketi<\/strong> ile \u00e7ocuklar\u0131n k\u00fc\u00e7\u00fck ya\u015flarda edindi\u011fi \u00f6\u011frenme davran\u0131\u015flar\u0131nda ailelerini \u00f6rnek ald\u0131klar\u0131n\u0131 vurguluyor. <strong>Ekim ay\u0131nda<\/strong> ba\u015flat\u0131lan proje, ailelerin \u00f6zellikle <strong>do\u011fal gaz, elektrik, su<\/strong> ve <strong>di\u011fer do\u011fal kaynaklar\u0131n kullan\u0131m\u0131<\/strong> konusunda \u00e7ocuklar\u0131na nas\u0131l \u00f6rnek olduklar\u0131n\u0131 d\u00fc\u015f\u00fcnmelerini sa\u011fl\u0131yor. Ailelerden gelen i\u00e7erikler <strong>Bosch Termoteknoloji<\/strong>\u2019nin<strong> resmi instagram hesab\u0131<\/strong> \u00fczerinden <strong>hik\u00e2ye<\/strong> olarak payla\u015f\u0131l\u0131yor. Kendi kullan\u0131c\u0131lar\u0131 ba\u015fta olmak \u00fczere t\u00fcm kullan\u0131c\u0131 ailelere ula\u015fmay\u0131 hedefleyen Bosch Termoteknoloji, <strong>31 Ekim D\u00fcnya Tasarruf G\u00fcn\u00fc<\/strong> \u00f6ncesinde ba\u015flatt\u0131\u011f\u0131 bu hareket ile oda\u011f\u0131nda tasarruf kavram\u0131n\u0131n yer ald\u0131\u011f\u0131n\u0131 g\u00f6steriyor.<\/p>\n<p>Bosch Termoteknik Pazarlama Direkt\u00f6r\u00fc <strong>Ali Akta\u015f<\/strong> konu hakk\u0131ndaki g\u00f6r\u00fc\u015flerini &#8220;Tasarrufun \u00f6nemine daha da fazla odaklanmam\u0131z gereken bu d\u00f6nemde, <strong>\u00e7ocuklar\u0131m\u0131za iyi \u00f6rnek olmak<\/strong> i\u00e7in hep birlikte harekete ge\u00e7iyoruz. <strong>Bosch Termoteknoloji<\/strong> olarak <strong>uzun \u00f6m\u00fcrl\u00fc<\/strong> ve<strong> tasarruf sa\u011flayan<\/strong> \u00fcr\u00fcnlerimizin yan\u0131nda, t\u00fcketicilerde <strong>&#8220;tasarruf&#8221; bilinci<\/strong>nin olu\u015fmas\u0131 markam\u0131z\u0131n ta\u015f\u0131d\u0131\u011f\u0131 sorumluluk alanlar\u0131ndan birini olu\u015fturuyor. Bu bilincin <strong>k\u00fc\u00e7\u00fck ya\u015flarda<\/strong>, <strong>\u00e7ocuklukta ba\u015flad\u0131\u011f\u0131n\u0131n<\/strong> fark\u0131nday\u0131z. Bu sebeple <strong>ailelerimize seslenerek<\/strong> onlar\u0131n <strong>g\u00fcndelik hayatlar\u0131ndan<\/strong> \u00e7ocuklar\u0131na \u00f6rnek olduklar\u0131 i\u00e7erikleri bizlerle payla\u015fmas\u0131n\u0131 istiyoruz.&#8221; s\u00f6zleriyle aktard\u0131.<\/p>\n<p><center><iframe loading=\"lazy\" src=\"https:\/\/www.youtube.com\/embed\/YSHVYBudk38\" width=\"560\" height=\"315\" frameborder=\"0\" allowfullscreen=\"allowfullscreen\"><\/iframe><\/center><\/p>","protected":false},"excerpt":{"rendered":"<p>Sorry, this entry is only available in Turkish. For the sake of viewer convenience, the content is shown below in the alternative language. You may click the link to switch the active language. \u0130klimlendirme sekt\u00f6r\u00fcn\u00fcn g\u00fc\u00e7l\u00fc markalar\u0131ndan Bosch Termoteknoloji, #\u0130yi\u00f6rnekol hareketi ile aileleri tasarruf konusunda \u00e7ocuklar\u0131na \u00f6rnek olmaya te\u015fvik ediyor. Y\u00fcksek tasarruf sa\u011flayan \u00fcst\u00fcn teknolojiye [&hellip;]<\/p>\n","protected":false},"author":1,"featured_media":122009,"comment_status":"open","ping_status":"open","sticky":false,"template":"","format":"standard","meta":[],"categories":[51,53,52],"tags":[80896,80897,59297,42402,52259,35423,53499,57125,80898],"views":204,"_links":{"self":[{"href":"https:\/\/www.enerjigazetesi.ist\/en\/wp-json\/wp\/v2\/posts\/122005"}],"collection":[{"href":"https:\/\/www.enerjigazetesi.ist\/en\/wp-json\/wp\/v2\/posts"}],"about":[{"href":"https:\/\/www.enerjigazetesi.ist\/en\/wp-json\/wp\/v2\/types\/post"}],"author":[{"embeddable":true,"href":"https:\/\/www.enerjigazetesi.ist\/en\/wp-json\/wp\/v2\/users\/1"}],"replies":[{"embeddable":true,"href":"https:\/\/www.enerjigazetesi.ist\/en\/wp-json\/wp\/v2\/comments?post=122005"}],"version-history":[{"count":0,"href":"https:\/\/www.enerjigazetesi.ist\/en\/wp-json\/wp\/v2\/posts\/122005\/revisions"}],"wp:featuredmedia":[{"embeddable":true,"href":"https:\/\/www.enerjigazetesi.ist\/en\/wp-json\/wp\/v2\/media\/122009"}],"wp:attachment":[{"href":"https:\/\/www.enerjigazetesi.ist\/en\/wp-json\/wp\/v2\/media?parent=122005"}],"wp:term":[{"taxonomy":"category","embeddable":true,"href":"https:\/\/www.enerjigazetesi.ist\/en\/wp-json\/wp\/v2\/categories?post=122005"},{"taxonomy":"post_tag","embeddable":true,"href":"https:\/\/www.enerjigazetesi.ist\/en\/wp-json\/wp\/v2\/tags?post=122005"}],"curies":[{"name":"wp","href":"https:\/\/api.w.org\/{rel}","templated":true}]}}