{"id":121971,"date":"2020-10-14T12:20:31","date_gmt":"2020-10-14T09:20:31","guid":{"rendered":"https:\/\/www.enerjigazetesi.ist\/?p=121971"},"modified":"2020-10-14T12:20:41","modified_gmt":"2020-10-14T09:20:41","slug":"dunya-ciftci-kadinlar-gunu-canli-yayinda-kutlandi","status":"publish","type":"post","link":"https:\/\/www.enerjigazetesi.ist\/en\/dunya-ciftci-kadinlar-gunu-canli-yayinda-kutlandi\/","title":{"rendered":"(Turkish) &#8217;D\u00fcnya \u00c7ift\u00e7i Kad\u0131nlar G\u00fcn\u00fc&#8217; Canl\u0131 Yay\u0131nda Kutland\u0131!"},"content":{"rendered":"<p class=\"qtranxs-available-languages-message qtranxs-available-languages-message-en\">Sorry, this entry is only available in <a href=\"https:\/\/www.enerjigazetesi.ist\/tr\/wp-json\/wp\/v2\/posts\/121971\" class=\"qtranxs-available-language-link qtranxs-available-language-link-tr\" title=\"Turkish\">Turkish<\/a>. For the sake of viewer convenience, the content is shown below in the alternative language. You may click the link to switch the active language.<\/p><p><\/p>\n<h1><strong>T\u00fcrkTrakt\u00f6r tar\u0131m\u0131n gelece\u011fi ve s\u00fcrd\u00fcr\u00fclebilir kalk\u0131nmada kad\u0131n eme\u011finin ve giri\u015fimcili\u011finin \u00f6nemi konusunda fark\u0131ndal\u0131\u011f\u0131 art\u0131rmak ve hayata ge\u00e7irilen g\u00fczel \u00f6rnekleri payla\u015fmak \u00fczere, 15 Ekim D\u00fcnya Kad\u0131n \u00c7ift\u00e7iler G\u00fcn\u00fc\u2019ne \u00f6zel olarak kurumsal Instagram hesab\u0131ndan bir canl\u0131<img loading=\"lazy\" class=\"alignright wp-image-121974\" src=\"https:\/\/www.enerjigazetesi.ist\/wp-content\/uploads\/2020\/10\/dunya-ciftci-kadinlar-gunu-canli-yayinda-kutlandi-2.jpg\" alt=\"\" width=\"320\" height=\"327\" srcset=\"https:\/\/www.enerjigazetesi.ist\/wp-content\/uploads\/2020\/10\/dunya-ciftci-kadinlar-gunu-canli-yayinda-kutlandi-2.jpg 478w, https:\/\/www.enerjigazetesi.ist\/wp-content\/uploads\/2020\/10\/dunya-ciftci-kadinlar-gunu-canli-yayinda-kutlandi-2-294x300.jpg 294w, https:\/\/www.enerjigazetesi.ist\/wp-content\/uploads\/2020\/10\/dunya-ciftci-kadinlar-gunu-canli-yayinda-kutlandi-2-392x400.jpg 392w, https:\/\/www.enerjigazetesi.ist\/wp-content\/uploads\/2020\/10\/dunya-ciftci-kadinlar-gunu-canli-yayinda-kutlandi-2-49x50.jpg 49w\" sizes=\"(max-width: 320px) 100vw, 320px\" \/> yay\u0131n ger\u00e7ekle\u015ftirdi.<\/strong><\/h1>\n<p><strong>Her y\u0131l<\/strong>, bu \u00f6zel g\u00fcnde <strong>kad\u0131n \u00e7ift\u00e7ilerle tarla<\/strong> ya da <strong>fabrikalar\u0131nda<\/strong> ger\u00e7ekle\u015ftirdi\u011fi farkl\u0131 etkinliklerde bir araya gelen <strong>T\u00fcrkTrakt\u00f6r<\/strong>, pandemi nedeniyle al\u0131nan \u00f6nlemler kapsam\u0131nda bu y\u0131lki kutlamay\u0131 <strong>dijital ortama<\/strong> ta\u015f\u0131d\u0131.<\/p>\n<p>Kutlama kapsam\u0131nda <strong>canl\u0131 yay\u0131na, hayat hikayesi<\/strong> ve ger\u00e7ekle\u015ftirdi\u011fi projelerle <strong>t\u00fcm kad\u0131nlara ilham<\/strong> veren,<strong> sosyal gastronomi<\/strong> konusunda T\u00fcrkiye\u2019nin \u00f6nc\u00fc isimlerinden \u015fef <strong>Ebru Baybara Demir<\/strong> konu\u015fmac\u0131 olarak kat\u0131ld\u0131.<\/p>\n<p><strong>Kendi hikayesi<\/strong>nden de yola \u00e7\u0131karak <strong>tar\u0131mda kad\u0131n eme\u011fi<\/strong>nin \u00f6nemini ve<strong> kad\u0131nlar\u0131n istihdamdaki pay\u0131<\/strong>n\u0131n artmas\u0131yla ya\u015fanan etkileyici geli\u015fimi izleyicilerle payla\u015fan<strong> Ebru Baybara Demir<\/strong>, yay\u0131n\u0131 <strong>\u00e7ift\u00e7i kad\u0131nlarla<\/strong> ger\u00e7ekle\u015ftirdi\u011fi <strong>samimi sohbetle<\/strong> noktalad\u0131.<\/p>\n<p><strong>Ebru Baybara Demir<\/strong>, yay\u0131n s\u0131ras\u0131nda <strong>kad\u0131n istihdam\u0131<\/strong>n\u0131n <strong>art\u0131r\u0131lmas\u0131<\/strong> ve <strong>yerel tohumlar\u0131n korunmas\u0131n\u0131 sa\u011flamak<\/strong> \u00fczere <strong>3 y\u0131l<\/strong> \u00f6nce<strong> 70<\/strong> kad\u0131nla, k\u00fc\u00e7\u00fck bir arazide ba\u015flayan ve bu y\u0131l <strong>360 kad\u0131n<\/strong> \u00e7ift\u00e7iyle<strong> 1.400 d\u00f6n\u00fcm<\/strong> arazide <strong>400 ton<\/strong> rekolteye ula\u015fan <strong>Sorg\u00fcl Bu<\/strong><strong>\u011f<\/strong><strong>day\u0131 projesi<\/strong>ni de kad\u0131nlar\u0131n tar\u0131mda yaratt\u0131\u011f\u0131 bir ba\u015far\u0131 \u00f6yk\u00fcs\u00fc \u00f6rne\u011fi olarak takip\u00e7ilere aktard\u0131.<\/p>\n<h2><strong>T\u00fcrkTrakt\u00f6r, kad<\/strong><strong>\u0131<\/strong><strong>n <\/strong><strong>\u00e7<\/strong><strong>ift<\/strong><strong>\u00e7<\/strong><strong>ileri oda<\/strong><strong>\u011f\u0131<\/strong><strong>na almay<\/strong><strong>\u0131<\/strong><strong> s<\/strong><strong>\u00fc<\/strong><strong>rd<\/strong><strong>\u00fc<\/strong><strong>r<\/strong><strong>\u00fc<\/strong><strong>yor<\/strong><\/h2>\n<p>T\u00fcrkTrakt\u00f6r tar\u0131m ve otomotiv alanlar\u0131nda kad\u0131nlar\u0131 cesaretlendirmek \u00fczere ba\u015flatt\u0131\u011f\u0131 <strong>Filizlerin Mucizeleri projesi<\/strong> kapsam\u0131nda bug\u00fcne kadar kad\u0131n \u00e7ift\u00e7ilere y\u00f6nelik bir\u00e7ok \u00e7al\u0131\u015fmay\u0131 hayata ge\u00e7irdi. Projenin tar\u0131msal \u00fcretim aya\u011f\u0131yla <strong>kooperatif\u00e7ilik, giri\u015fimcilik, tar\u0131mda mekanizasyon<\/strong> ve <strong>iyi tar\u0131m uygulamalar\u0131<\/strong> gibi farkl\u0131 konularda <strong>kad\u0131n \u00e7ift\u00e7ilere e\u011fitimler<\/strong> verirken, onlar\u0131 ula\u015fmak <strong>istedikleri hedefleri<\/strong> kapsam\u0131nda destekledi.<\/p>\n<p>T\u00fcrkTrakt\u00f6r<strong> \u2018kad\u0131n\u0131 oda\u011fa alan\u2019<\/strong> vizyonu ile <strong>farkl\u0131 \u00e7al\u0131\u015fma<\/strong> ve <strong>etkinliklerle<\/strong> kad\u0131n \u00e7ift\u00e7ilere olan deste\u011fini ve bu kapsamdaki <strong>fark\u0131ndal\u0131k \u00e7al\u0131\u015fmalar\u0131n\u0131<\/strong> s\u00fcrd\u00fcr\u00fcyor.<\/p>","protected":false},"excerpt":{"rendered":"<p>Sorry, this entry is only available in Turkish. For the sake of viewer convenience, the content is shown below in the alternative language. You may click the link to switch the active language. T\u00fcrkTrakt\u00f6r tar\u0131m\u0131n gelece\u011fi ve s\u00fcrd\u00fcr\u00fclebilir kalk\u0131nmada kad\u0131n eme\u011finin ve giri\u015fimcili\u011finin \u00f6nemi konusunda fark\u0131ndal\u0131\u011f\u0131 art\u0131rmak ve hayata ge\u00e7irilen g\u00fczel \u00f6rnekleri payla\u015fmak \u00fczere, 15 [&hellip;]<\/p>\n","protected":false},"author":1,"featured_media":121975,"comment_status":"open","ping_status":"open","sticky":false,"template":"","format":"standard","meta":[],"categories":[53,52],"tags":[80875,80874,80872,52259,80880,80876,80873,47663,80877,80879,57125,71836,80881,80871,80878],"views":190,"_links":{"self":[{"href":"https:\/\/www.enerjigazetesi.ist\/en\/wp-json\/wp\/v2\/posts\/121971"}],"collection":[{"href":"https:\/\/www.enerjigazetesi.ist\/en\/wp-json\/wp\/v2\/posts"}],"about":[{"href":"https:\/\/www.enerjigazetesi.ist\/en\/wp-json\/wp\/v2\/types\/post"}],"author":[{"embeddable":true,"href":"https:\/\/www.enerjigazetesi.ist\/en\/wp-json\/wp\/v2\/users\/1"}],"replies":[{"embeddable":true,"href":"https:\/\/www.enerjigazetesi.ist\/en\/wp-json\/wp\/v2\/comments?post=121971"}],"version-history":[{"count":0,"href":"https:\/\/www.enerjigazetesi.ist\/en\/wp-json\/wp\/v2\/posts\/121971\/revisions"}],"wp:featuredmedia":[{"embeddable":true,"href":"https:\/\/www.enerjigazetesi.ist\/en\/wp-json\/wp\/v2\/media\/121975"}],"wp:attachment":[{"href":"https:\/\/www.enerjigazetesi.ist\/en\/wp-json\/wp\/v2\/media?parent=121971"}],"wp:term":[{"taxonomy":"category","embeddable":true,"href":"https:\/\/www.enerjigazetesi.ist\/en\/wp-json\/wp\/v2\/categories?post=121971"},{"taxonomy":"post_tag","embeddable":true,"href":"https:\/\/www.enerjigazetesi.ist\/en\/wp-json\/wp\/v2\/tags?post=121971"}],"curies":[{"name":"wp","href":"https:\/\/api.w.org\/{rel}","templated":true}]}}