{"id":121878,"date":"2020-10-13T10:59:22","date_gmt":"2020-10-13T07:59:22","guid":{"rendered":"https:\/\/www.enerjigazetesi.ist\/?p=121878"},"modified":"2020-10-13T10:59:22","modified_gmt":"2020-10-13T07:59:22","slug":"sehrin-isiklari-8inci-yilinda-da-aydinlatiyor","status":"publish","type":"post","link":"https:\/\/www.enerjigazetesi.ist\/en\/sehrin-isiklari-8inci-yilinda-da-aydinlatiyor\/","title":{"rendered":"(Turkish) \u015eehrin I\u015f\u0131klar\u0131 8&#8217;inci Y\u0131l\u0131nda da Ayd\u0131nlat\u0131yor!"},"content":{"rendered":"<p class=\"qtranxs-available-languages-message qtranxs-available-languages-message-en\">Sorry, this entry is only available in <a href=\"https:\/\/www.enerjigazetesi.ist\/tr\/wp-json\/wp\/v2\/posts\/121878\" class=\"qtranxs-available-language-link qtranxs-available-language-link-tr\" title=\"Turkish\">Turkish<\/a>. For the sake of viewer convenience, the content is shown below in the alternative language. You may click the link to switch the active language.<\/p><p><\/p>\n<h1>UEDA\u015e\u2019\u0131n 2013 y\u0131l\u0131nda hayata ge\u00e7irdi\u011fi ve sekt\u00f6rde ilk olma \u00f6zelli\u011fi ta\u015f\u0131yan \u2018Uluslararas\u0131 \u015eehrin I\u015f\u0131klar\u0131 \u2019 foto\u011fraf yar\u0131\u015fmas\u0131n\u0131n kazananlar\u0131 belli oldu. Bu y\u0131l 8&#8217;incisi d\u00fczenlenen ve\u00a0 d\u00fcnyan\u0131n her yerinden ba\u015fvurular\u0131n kabul edildi\u011fi yar\u0131\u015fmaya ge\u00e7en y\u0131l 5 bin 345 foto\u011fraf kat\u0131l\u0131rken bu y\u0131l say\u0131 7 bin 744\u2019ye \u00e7\u0131kt\u0131.<\/h1>\n<p style=\"text-align: center;\"><img loading=\"lazy\" class=\"aligncenter wp-image-121882\" src=\"https:\/\/www.enerjigazetesi.ist\/wp-content\/uploads\/2020\/10\/sehrin-isiklari-8inci-yilinda-da-aydinlatiyor-2.jpg\" alt=\"\" width=\"550\" height=\"391\" srcset=\"https:\/\/www.enerjigazetesi.ist\/wp-content\/uploads\/2020\/10\/sehrin-isiklari-8inci-yilinda-da-aydinlatiyor-2.jpg 686w, https:\/\/www.enerjigazetesi.ist\/wp-content\/uploads\/2020\/10\/sehrin-isiklari-8inci-yilinda-da-aydinlatiyor-2-300x213.jpg 300w, https:\/\/www.enerjigazetesi.ist\/wp-content\/uploads\/2020\/10\/sehrin-isiklari-8inci-yilinda-da-aydinlatiyor-2-500x356.jpg 500w, https:\/\/www.enerjigazetesi.ist\/wp-content\/uploads\/2020\/10\/sehrin-isiklari-8inci-yilinda-da-aydinlatiyor-2-70x50.jpg 70w\" sizes=\"(max-width: 550px) 100vw, 550px\" \/><\/p>\n<p><strong>Gece<\/strong> ve <strong>\u0131\u015f\u0131k<\/strong> <strong>temas\u0131<\/strong>n\u0131n i\u015flendi\u011fi yar\u0131\u015fmada<strong> j\u00fcri<\/strong> taraf\u0131ndan birincili\u011fe <strong>Tolga \u0130ldun<\/strong>\u2019un foto\u011fraf\u0131 se\u00e7ilirken, <strong>Sezgin G\u00fcvel<\/strong>&#8216;in foto\u011fraf\u0131 ikinci, <strong>Ramazan \u00c7\u0131rako\u011flu<\/strong>\u2019nun foto\u011fraf\u0131 ise <strong>3&#8217;\u00fcnc\u00fc<\/strong> oldu.<\/p>\n<p>Yar\u0131\u015fmaya <strong>\u0130stanbul\u2019dan<\/strong> kat\u0131lan ve <strong>1&#8217;incili\u011fi<\/strong> g\u00f6\u011f\u00fcsleyen <strong>Tolga \u0130ldun<\/strong>\u2019a \u00a0<strong>Apple iPhone XR 64 GB ak\u0131ll\u0131 telefon<\/strong> hediye edilirken , yar\u0131\u015fmaya <strong>Adana<\/strong>\u2019dan kat\u0131larak 2&#8217;incili\u011fi kazanan <strong>Sezgin G\u00fcvel<\/strong>\u2019e <strong>Canon EOS M50 foto\u011fraf makinesi<\/strong> seti verildi. Ankara\u2019dan kat\u0131ld\u0131\u011f\u0131 yar\u0131\u015fmada<strong> 3&#8217;\u00fcnc\u00fc<\/strong> olan Ramazan \u00c7\u0131rako\u011flu ise <strong>DJI Mavic Mini Drone<\/strong>\u2019nin sahibi oldu.<\/p>\n<p style=\"text-align: center;\"><img loading=\"lazy\" class=\"aligncenter wp-image-121883\" src=\"https:\/\/www.enerjigazetesi.ist\/wp-content\/uploads\/2020\/10\/sehrin-isiklari-8inci-yilinda-da-aydinlatiyor-3.jpg\" alt=\"\" width=\"550\" height=\"377\" srcset=\"https:\/\/www.enerjigazetesi.ist\/wp-content\/uploads\/2020\/10\/sehrin-isiklari-8inci-yilinda-da-aydinlatiyor-3.jpg 610w, https:\/\/www.enerjigazetesi.ist\/wp-content\/uploads\/2020\/10\/sehrin-isiklari-8inci-yilinda-da-aydinlatiyor-3-300x206.jpg 300w, https:\/\/www.enerjigazetesi.ist\/wp-content\/uploads\/2020\/10\/sehrin-isiklari-8inci-yilinda-da-aydinlatiyor-3-500x343.jpg 500w, https:\/\/www.enerjigazetesi.ist\/wp-content\/uploads\/2020\/10\/sehrin-isiklari-8inci-yilinda-da-aydinlatiyor-3-73x50.jpg 73w\" sizes=\"(max-width: 550px) 100vw, 550px\" \/><\/p>\n<p><strong>\u2018Uluslararas\u0131 \u015eehrin I\u015f\u0131klar\u0131 8\u2019 yar\u0131\u015fmas\u0131<\/strong>nda dereceye giren ilk <strong>50 foto\u011fraf<\/strong> da y\u0131l boyunca bir \u00e7ok alanda <strong>sanatseverlerin be\u011fenisine<\/strong> sunulacak.<\/p>","protected":false},"excerpt":{"rendered":"<p>Sorry, this entry is only available in Turkish. For the sake of viewer convenience, the content is shown below in the alternative language. You may click the link to switch the active language. UEDA\u015e\u2019\u0131n 2013 y\u0131l\u0131nda hayata ge\u00e7irdi\u011fi ve sekt\u00f6rde ilk olma \u00f6zelli\u011fi ta\u015f\u0131yan \u2018Uluslararas\u0131 \u015eehrin I\u015f\u0131klar\u0131 \u2019 foto\u011fraf yar\u0131\u015fmas\u0131n\u0131n kazananlar\u0131 belli oldu. Bu y\u0131l [&hellip;]<\/p>\n","protected":false},"author":1,"featured_media":121881,"comment_status":"open","ping_status":"open","sticky":false,"template":"","format":"standard","meta":[],"categories":[51,53,52],"tags":[80798,80802,53114,52259,80801,80800,80799,79526],"views":217,"_links":{"self":[{"href":"https:\/\/www.enerjigazetesi.ist\/en\/wp-json\/wp\/v2\/posts\/121878"}],"collection":[{"href":"https:\/\/www.enerjigazetesi.ist\/en\/wp-json\/wp\/v2\/posts"}],"about":[{"href":"https:\/\/www.enerjigazetesi.ist\/en\/wp-json\/wp\/v2\/types\/post"}],"author":[{"embeddable":true,"href":"https:\/\/www.enerjigazetesi.ist\/en\/wp-json\/wp\/v2\/users\/1"}],"replies":[{"embeddable":true,"href":"https:\/\/www.enerjigazetesi.ist\/en\/wp-json\/wp\/v2\/comments?post=121878"}],"version-history":[{"count":0,"href":"https:\/\/www.enerjigazetesi.ist\/en\/wp-json\/wp\/v2\/posts\/121878\/revisions"}],"wp:featuredmedia":[{"embeddable":true,"href":"https:\/\/www.enerjigazetesi.ist\/en\/wp-json\/wp\/v2\/media\/121881"}],"wp:attachment":[{"href":"https:\/\/www.enerjigazetesi.ist\/en\/wp-json\/wp\/v2\/media?parent=121878"}],"wp:term":[{"taxonomy":"category","embeddable":true,"href":"https:\/\/www.enerjigazetesi.ist\/en\/wp-json\/wp\/v2\/categories?post=121878"},{"taxonomy":"post_tag","embeddable":true,"href":"https:\/\/www.enerjigazetesi.ist\/en\/wp-json\/wp\/v2\/tags?post=121878"}],"curies":[{"name":"wp","href":"https:\/\/api.w.org\/{rel}","templated":true}]}}