{"id":121859,"date":"2020-10-12T16:03:40","date_gmt":"2020-10-12T13:03:40","guid":{"rendered":"https:\/\/www.enerjigazetesi.ist\/?p=121859"},"modified":"2020-10-12T16:09:46","modified_gmt":"2020-10-12T13:09:46","slug":"binalarda-enerji-verimligi-icin-mantolama-tercih-edilmeli","status":"publish","type":"post","link":"https:\/\/www.enerjigazetesi.ist\/en\/binalarda-enerji-verimligi-icin-mantolama-tercih-edilmeli\/","title":{"rendered":"(Turkish) Binalarda &#8216;Enerji Verimli\u011fi&#8217; \u0130\u00e7in Mantolama Tercih Edilmeli"},"content":{"rendered":"<p class=\"qtranxs-available-languages-message qtranxs-available-languages-message-en\">Sorry, this entry is only available in <a href=\"https:\/\/www.enerjigazetesi.ist\/tr\/wp-json\/wp\/v2\/posts\/121859\" class=\"qtranxs-available-language-link qtranxs-available-language-link-tr\" title=\"Turkish\">Turkish<\/a>. For the sake of viewer convenience, the content is shown below in the alternative language. You may click the link to switch the active language.<\/p><p><\/p>\n<h1><strong>D\u00fcnyay<\/strong><strong>\u0131<\/strong><strong> tehdit eden en <\/strong><strong>\u00f6<\/strong><strong>nemli sorunlar<\/strong><strong>\u0131<\/strong><strong>n ba<\/strong><strong>\u015f\u0131<\/strong><strong>nda gelen k<\/strong><strong>\u00fc<\/strong><strong>resel <\/strong><strong>\u0131<\/strong><strong>s<\/strong><strong>\u0131<\/strong><strong>nma, farkl<\/strong><strong>\u0131<\/strong><strong> b<\/strong><strong>\u00f6<\/strong><strong>lgelerde farkl<\/strong><strong>\u0131<\/strong> <strong>\u015f<\/strong><strong>ekillerde kendini hissettirmeye ba<\/strong><strong>\u015f<\/strong><strong>lad<\/strong><strong>\u0131<\/strong><strong>. <\/strong><strong>\u0130<\/strong><strong>klim de<\/strong><strong>\u011f<\/strong><strong>i<\/strong><strong>\u015f<\/strong><strong>ikli<\/strong><strong>\u011f<\/strong><strong>inin sa<\/strong><strong>\u011f<\/strong><strong>l<\/strong><strong>\u0131<\/strong><strong>k ve besine eri<\/strong><strong>\u015f<\/strong><strong>me noktas<\/strong><strong>\u0131<\/strong><strong>nda <\/strong><strong>\u00f6<\/strong><strong>nemli bir parametre olmas<\/strong><strong>\u0131<\/strong><strong>n<\/strong><strong>\u0131<\/strong><strong>n d<\/strong><strong>\u0131\u015f\u0131<\/strong><strong>nda s<\/strong><strong>\u00fc<\/strong><strong>rd<\/strong><strong>\u00fc<\/strong><strong>r<\/strong><strong>\u00fc<\/strong><strong>lebilir bir d<\/strong><strong>\u00fc<\/strong><strong>nya i\u00e7in vazge\u00e7ilemez olan enerji kaynaklar<\/strong><strong>\u0131<\/strong><strong>na etkisi ise tart<\/strong><strong>\u0131\u015f\u0131<\/strong><strong>lmaz. Enerji tasarrufu denince bug<\/strong><strong>\u00fc<\/strong><strong>n hala <\/strong><strong>\u0131<\/strong><strong>s<\/strong><strong>\u0131<\/strong><strong> yal<\/strong><strong>\u0131<\/strong><strong>t<\/strong><strong>\u0131<\/strong><strong>m<\/strong><strong>\u0131<\/strong><strong> konusu, en son ak<\/strong><strong>\u0131<\/strong><strong>llara gelen bir konu. Oysa bir konutta enerjinin %<\/strong><strong>\u00a040<\/strong><strong>\u2019<\/strong><strong>\u0131<\/strong><strong> duvarlardan kaybediliyor. T<\/strong><strong>\u00fc<\/strong><strong>m konutlar <\/strong><strong>\u00fc<\/strong><strong>zerinden d<\/strong><strong>\u00fc<\/strong><strong>\u015f<\/strong><strong>\u00fc<\/strong><strong>nd<\/strong><strong>\u00fc<\/strong><strong>\u011f<\/strong><strong>\u00fc<\/strong><strong>m<\/strong><strong>\u00fc<\/strong><strong>zde bu enerji kayb<\/strong><strong>\u0131<\/strong> <strong>\u00e7<\/strong><strong>ok <\/strong><strong>\u00f6<\/strong><strong>nemli bir nokta olarak kar<\/strong><strong>\u015f\u0131<\/strong><strong>m<\/strong><strong>\u0131<\/strong><strong>za <\/strong><strong>\u00e7<\/strong><strong>\u0131<\/strong><strong>k<\/strong><strong>\u0131<\/strong><strong>yor.\u00a0<\/strong><strong>Rakamlar g\u00f6steriyor ki bireylerin yan<\/strong><strong>\u0131<\/strong><strong> s<\/strong><strong>\u0131<\/strong><strong>ra <\/strong><strong>\u015f<\/strong><strong>irketlerin de <\/strong><strong>\u00f6<\/strong><strong>nemli derecede bu tasarrufu yapmas<\/strong><strong>\u0131<\/strong><strong> gerekiyor. Avrupa\u2019n<\/strong><strong>\u0131<\/strong><strong>n mantolama devi Baumit, do<\/strong><strong>\u011f<\/strong><strong>ru mantolamayla yap<\/strong><strong>\u0131<\/strong><strong>larda %<\/strong><strong>\u00a050 oran<\/strong><strong>\u0131<\/strong><strong>nda enerji tasarrufu sa<\/strong><strong>\u011f<\/strong><strong>laman<\/strong><strong>\u0131<\/strong><strong>n m<\/strong><strong>\u00fc<\/strong><strong>mk<\/strong><strong>\u00fc<\/strong><strong>n oldu<\/strong><strong>\u011f<\/strong><strong>unu belirtiyor. Enerji verimlili<\/strong><strong>\u011f<\/strong><strong>ine dikkat <\/strong><strong>\u00e7<\/strong><strong>eken Baumit, konut ve i<\/strong><strong>\u015f<\/strong><strong> yerlerindeki <\/strong><strong>\u0131<\/strong><strong>s<\/strong><strong>\u0131<\/strong><strong> yal<\/strong><strong>\u0131<\/strong><strong>t<\/strong><strong>\u0131<\/strong><strong>m<\/strong><strong>\u0131<\/strong><strong>n<\/strong><strong>\u0131<\/strong><strong>n d\u00fcnyada k\u00fcresel <\/strong><strong>\u0131<\/strong><strong>s<\/strong><strong>\u0131<\/strong><strong>nman<\/strong><strong>\u0131<\/strong><strong>n engellenmesindeki en <\/strong><strong>\u00f6<\/strong><strong>nemli g<\/strong><strong>\u00fc<\/strong><strong>ndem maddelerinden biri oldu<\/strong><strong>\u011f<\/strong><strong>unun alt<\/strong><strong>\u0131<\/strong><strong>n<\/strong><strong>\u0131<\/strong> <strong>\u00e7<\/strong><strong>iziyor.<img loading=\"lazy\" class=\"alignright wp-image-121861\" src=\"https:\/\/www.enerjigazetesi.ist\/wp-content\/uploads\/2020\/10\/binalarda-enerji-verimligi-icin-mantolama-tercih-edilmeli.jpg\" alt=\"\" width=\"320\" height=\"213\" srcset=\"https:\/\/www.enerjigazetesi.ist\/wp-content\/uploads\/2020\/10\/binalarda-enerji-verimligi-icin-mantolama-tercih-edilmeli.jpg 732w, https:\/\/www.enerjigazetesi.ist\/wp-content\/uploads\/2020\/10\/binalarda-enerji-verimligi-icin-mantolama-tercih-edilmeli-300x200.jpg 300w, https:\/\/www.enerjigazetesi.ist\/wp-content\/uploads\/2020\/10\/binalarda-enerji-verimligi-icin-mantolama-tercih-edilmeli-500x333.jpg 500w, https:\/\/www.enerjigazetesi.ist\/wp-content\/uploads\/2020\/10\/binalarda-enerji-verimligi-icin-mantolama-tercih-edilmeli-75x50.jpg 75w, https:\/\/www.enerjigazetesi.ist\/wp-content\/uploads\/2020\/10\/binalarda-enerji-verimligi-icin-mantolama-tercih-edilmeli-450x300.jpg 450w\" sizes=\"(max-width: 320px) 100vw, 320px\" \/> <\/strong><\/h1>\n<p><strong>\u0130klim de\u011fi\u015fikli\u011fi<\/strong>, d\u00fcnyam\u0131z\u0131 tehdit eden en \u00f6nemli sorunlar\u0131n ba\u015f\u0131nda geliyor. Hayat\u0131m\u0131z\u0131n her alan\u0131nda olmasa olmaz bir olgu olan<strong> &#8220;enerji&#8221;<\/strong> kaynaklar\u0131 da iklim de\u011fi\u015fikli\u011finden etkileniyor. Enerji tasarrufu dedi\u011fimizde bug\u00fcn hala<strong> \u0131s\u0131 yal\u0131t\u0131m\u0131<\/strong> akl\u0131m\u0131za gelmese de bir konutta enerjinin <strong>% 40<\/strong>\u2019\u0131n\u0131n duvarlardan kaybediliyor. D\u00fcnyada <strong>k\u00fcresel \u0131s\u0131nman\u0131n engellenmesi<\/strong>ndeki en \u00f6nemli g\u00fcndem maddelerinden biri olan <strong>\u0131s\u0131 yal\u0131t\u0131m\u0131<\/strong> ile hem daha s\u00fcrd\u00fcr\u00fclebilir bir <strong>d\u00fcnya in\u015fa etmek<\/strong> hem de <strong>ya\u015fam alanlar\u0131nda<\/strong> <strong>% 50<\/strong> oran\u0131nda<strong> enerji tasarrufu sa\u011flamak<\/strong> m\u00fcmk\u00fcn.<\/p>\n<h2><strong>&#8220;T\u00fcrkiye\u2019deki mevcut binalar<\/strong><strong>\u0131<\/strong><strong>n %<\/strong><strong>\u00a085<\/strong><strong>\u2019<\/strong><strong>inde yal<\/strong><strong>\u0131<\/strong><strong>t<\/strong><strong>\u0131<\/strong><strong>m maalesef bulunmuyor&#8221;<\/strong><\/h2>\n<p>Son teknoloji kullanarak enerjiden tasarrufu nas\u0131l yapar\u0131z sorusu \u00fczerine \u00fcr\u00fcnler geli\u015ftiren Avrupa\u2019n\u0131n mantolama devi Baumit, s\u00fcrd\u00fcr\u00fclebilirli\u011fi \u015firket <strong>DNA\u2019s\u0131na<\/strong> i\u015flemi\u015f durumda. Konu \u00f6zelinde a\u00e7\u0131klamada bulunan <strong>Baumit Sat<\/strong><strong>\u0131\u015f<\/strong><strong> ve Pazarlama Direkt<\/strong><strong>\u00f6<\/strong><strong>r<\/strong><strong>\u00fc<\/strong><strong> Erdil Din\u00e7er, <\/strong>do\u011fan\u0131n bize verdi\u011fi tepkilerin k\u00fcresel \u0131s\u0131nman\u0131n g\u00fcn\u00fcm\u00fczde hangi boyutlara ula\u015ft\u0131\u011f\u0131n\u0131n en \u00f6nemli g\u00f6stergesi oldu\u011funu s\u00f6yledi. \u00dclkelerin karbon sal\u0131m\u0131n\u0131 ile ilgili k\u0131s\u0131tlamalara gitmek i\u00e7in mevzuat ve standartlar\u0131n\u0131 tekrar g\u00f6zden ge\u00e7irdi\u011fini an\u0131msatan <strong>Din\u00e7er<\/strong>, &#8220;<em>Seragaz<\/em><em>\u0131<\/em><em> emisyonlar<\/em><em>\u0131<\/em><em> mevcut <\/em><em>\u015f<\/em><em>ekilde devam etti<\/em><em>\u011f<\/em><em>inde, k<\/em><em>\u00fc<\/em><em>resel <\/em><em>\u0131<\/em><em>s<\/em><em>\u0131<\/em><em>nman<\/em><em>\u0131<\/em><em>n <strong>2030<\/strong> ile <strong>2052<\/strong> y<\/em><em>\u0131<\/em><em>llar<\/em><em>\u0131<\/em><em> aras<\/em><em>\u0131<\/em><em>nda <strong>1,5<\/strong><\/em><strong><em>\u00ba<\/em><\/strong><em><strong>C<\/strong> s<\/em><em>\u0131<\/em><em>n<\/em><em>\u0131<\/em><em>r<\/em><em>\u0131<\/em><em>n<\/em><em>\u0131<\/em><em> ge<\/em><em>\u00e7<\/em><em>mesi bekleniyor.<\/em> <strong><em>K\u00fcresel <\/em><em>\u0131<\/em><em>s<\/em><em>\u0131<\/em><\/strong><em><strong>nma<\/strong>y<\/em><em>\u0131<\/em><strong><em> 1,5<\/em><em>\u00ba<\/em><\/strong><em><strong>C<\/strong> ile s<\/em><em>\u0131<\/em><em>n<\/em><em>\u0131<\/em><em>rland<\/em><em>\u0131<\/em><em>rmak, ya<\/em><em>\u015f<\/em><em>am alanlar<\/em><em>\u0131<\/em><em>m<\/em><em>\u0131<\/em><em>z <\/em><em>\u00fc<\/em><em>zerindeki kal<\/em><em>\u0131<\/em><em>c<\/em><em>\u0131<\/em><em> etkilerinin <\/em><em>\u00f6<\/em><em>nlemesi anlam<\/em><em>\u0131<\/em><em>na geliyor.<\/em><\/p>\n<p><em><strong>T\u00fcrkiye<\/strong>\u2019nin <strong>BM<\/strong>\u2019ye sundu<\/em><em>\u011f<\/em><em>u taahh<\/em><em>\u00fc<\/em><em>t <strong>2030 y<\/strong><\/em><strong><em>\u0131<\/em><em>l<\/em><em>\u0131<\/em><\/strong><em> itibar<\/em><em>\u0131<\/em><em>yla referans senaryoya g<\/em><em>\u00f6<\/em><em>re sera gaz<\/em><em>\u0131<\/em><em> sal<\/em><em>\u0131m\u0131n\u0131<\/em><em>\u00a0art<\/em><em>\u0131\u015f\u0131<\/em><em> miktar<\/em><em>\u0131<\/em><em>n<\/em><em>\u0131<\/em><em>\u00a0<strong>%<\/strong><\/em><em><strong>\u00a021<\/strong> azaltmakt<\/em><em>\u0131<\/em><em>r. K<\/em><em>\u00fc<\/em><em>resel <\/em><em>\u0131<\/em><em>s<\/em><em>\u0131<\/em><em>nman<\/em><em>\u0131<\/em><em>n <\/em><em>\u00f6<\/em><em>n<\/em><em>\u00fc<\/em><em>ne ge<\/em><em>\u00e7<\/em><em>mek i<\/em><em>\u00e7<\/em><em>in fosil yak<\/em><em>\u0131<\/em><em>t kullan<\/em><em>\u0131<\/em><em>m<\/em><em>\u0131<\/em><em> azalt<\/em><em>\u0131<\/em><em>lmal<\/em><em>\u0131<\/em><em>d<\/em><em>\u0131<\/em><em>r. Bu da <\/em><em>\u00fc<\/em><em>lkemizde yal<\/em><em>\u0131<\/em><em>t<\/em><em>\u0131<\/em><em>m kal<\/em><em>\u0131<\/em><em>nl<\/em><em>\u0131<\/em><em>klar<\/em><em>\u0131<\/em><em>n<\/em><em>\u0131<\/em><em>n art<\/em><em>\u0131<\/em><em>r<\/em><em>\u0131<\/em><em>lmas<\/em><em>\u0131<\/em><em> ve sistem kullan<\/em><em>\u0131<\/em><em>m<\/em><em>\u0131<\/em><em>n<\/em><em>\u0131<\/em><em>n te<\/em><em>\u015f<\/em><em>vik edilmesi ile m<\/em><em>\u00fc<\/em><em>mk<\/em><em>\u00fc<\/em><em>nd<\/em><em>\u00fc<\/em><em>r. <strong>Enerjide d<\/strong><\/em><strong><em>\u0131\u015f<\/em><em>a ba<\/em><em>\u011f\u0131<\/em><em>ml<\/em><em>\u0131<\/em><\/strong><em> bir <\/em><em>\u00fc<\/em><em>lke olarak <strong>yal<\/strong><\/em><strong><em>\u0131<\/em><em>t<\/em><em>\u0131<\/em><em>ml<\/em><em>\u0131<\/em><em> binalar <\/em><em>\u00fc<\/em><\/strong><em><strong>retmek<\/strong> ve mevcut binalar<\/em><em>\u0131<\/em><em> yenilemek hem <\/em><em>\u00fc<\/em><em>lke ekonomisine hem de t<\/em><em>\u00fc<\/em><em>keticilerin kendi ekonomilerine b<\/em><em>\u00fc<\/em><em>y<\/em><em>\u00fc<\/em><em>k katk<\/em><em>\u0131<\/em><em> sa<\/em><em>\u011f<\/em><em>lamaktad<\/em><em>\u0131<\/em><em>r. Zira g\u00fcn\u00fcm\u00fczde <strong>T\u00fcrkiye\u2019deki<\/strong> mevcut binalar<\/em><em>\u0131<\/em><em>n halen<strong> %<\/strong><\/em><strong><em>\u00a085<\/em><\/strong><em>\u2019<\/em><em>inde yal<\/em><em>\u0131<\/em><em>t<\/em><em>\u0131<\/em><em>m maalesef bulunmuyor. Dolay<\/em><em>\u0131<\/em><em>s<\/em><em>\u0131<\/em><em> ile yal<\/em><em>\u0131<\/em><em>t<\/em><em>\u0131<\/em><em>m konusunda bilin<\/em><em>\u00e7<\/em><em>lenmemiz olduk<\/em><em>\u00e7<\/em><em>a <\/em><em>\u00f6<\/em><em>nemli. <strong>Enerji tasarrufu<\/strong> dendi<\/em><em>\u011f<\/em><em>inde <\/em><strong><em>\u0131<\/em><em>s<\/em><em>\u0131<\/em><em> yal<\/em><em>\u0131<\/em><em>t<\/em><em>\u0131<\/em><em>m<\/em><em>\u0131<\/em><em>n<\/em><em>\u0131<\/em><\/strong><em><strong>n<\/strong> ilk akla gelen uygulama olmas<\/em><em>\u0131<\/em><em> i<\/em><em>\u00e7<\/em><em>in fark<\/em><em>\u0131<\/em><em>ndal<\/em><em>\u0131<\/em><em>k yaratmak <\/em><em>\u00f6<\/em><em>ncelikli hedeflerimiz aras<\/em><em>\u0131<\/em><em>nda. Ek olarak her ge<\/em><em>\u00e7<\/em><em>en g<\/em><em>\u00fc<\/em><em>n bu konudaki fark<\/em><em>\u0131<\/em><em>ndal<\/em><em>\u0131<\/em><em>k d<\/em><em>\u00fc<\/em><em>zeyinin artt<\/em><em>\u0131\u011f\u0131<\/em><em>n<\/em><em>\u0131<\/em><em> da s<\/em><em>\u00f6<\/em><em>yleyebilirim. <strong>Yal<\/strong><\/em><strong><em>\u0131<\/em><em>t<\/em><em>\u0131<\/em><em>m s<\/em><em>\u00fc<\/em><em>rd<\/em><em>\u00fc<\/em><em>r<\/em><em>\u00fc<\/em><\/strong><em><strong>lebilir<\/strong> bir d<\/em><em>\u00fc<\/em><em>nya i<\/em><em>\u00e7<\/em><em>in ve ki<\/em><em>\u015f<\/em><em>isel tasarruf i<\/em><em>\u00e7<\/em><em>in olduk<\/em><em>\u00e7<\/em><em>a <\/em><em>\u00f6<\/em><em>nemli bir kavram ve bu bilincin <\/em><em>\u00fc<\/em><em>lkemizde en <\/em><em>\u00fc<\/em><em>st seviyede olmas<\/em><em>\u0131<\/em><em> gerekti<\/em><em>\u011f<\/em><em>ini d<\/em><em>\u00fc<\/em><em>\u015f<\/em><em>\u00fc<\/em><em>n<\/em><em>\u00fc<\/em><em>yoruz. <\/em><em>\u00c7\u00fc<\/em><em>nk<\/em><em>\u00fc<\/em><em> biz Baumit olarak, insanlar<\/em><em>\u0131<\/em><em>n <strong>sa<\/strong><\/em><strong><em>\u011f<\/em><em>l<\/em><em>\u0131<\/em><em>kl<\/em><em>\u0131<\/em><\/strong><em>, <strong>enerji verimli<\/strong> ve <strong>g<\/strong><\/em><strong><em>\u00fc<\/em><em>zel yap<\/em><em>\u0131<\/em><\/strong><em><strong>larda<\/strong> ya<\/em><em>\u015f<\/em><em>amas<\/em><em>\u0131<\/em><em>n<\/em><em>\u0131<\/em><em> istiyoruz.<\/em>&#8221; a\u00e7\u0131klamas\u0131nda bulundu.<\/p>\n<h2><strong>&#8220;Do<\/strong><strong>\u011f<\/strong><strong>ru mantolamayla yap<\/strong><strong>\u0131<\/strong><strong>larda %<\/strong><strong>\u00a050 oran<\/strong><strong>\u0131<\/strong><strong>nda enerji tasarrufu sa<\/strong><strong>\u011f<\/strong><strong>lamak m<\/strong><strong>\u00fc<\/strong><strong>mk<\/strong><strong>\u00fc<\/strong><strong>n&#8221;<\/strong><\/h2>\n<p>Binalarda kullan\u0131lan enerjinin <strong>% 80<\/strong>\u2019inin \u0131s\u0131tma ve so\u011futmaya harcand\u0131\u011f\u0131n\u0131 an\u0131msatan <strong>Din\u00e7er<\/strong><em>, &#8220;<\/em><strong><em>\u0130<\/em><em>\u00e7<\/em><em> ortam<\/em><em>\u0131<\/em> <em>\u0131<\/em><em>s<\/em><em>\u0131<\/em><em>t<\/em><em>\u0131<\/em><em>lmas<\/em><em>\u0131<\/em><\/strong><em> ya da<strong> so<\/strong><\/em><strong><em>\u011f<\/em><em>utulmas<\/em><em>\u0131<\/em><\/strong><em> i<\/em><em>\u00e7<\/em><em>in <strong>harcanan enerjinin<\/strong> i<\/em><em>\u00e7<\/em><em>erde muhafaza edilebilmesi i<\/em><em>\u00e7<\/em><em>in, binan<\/em><em>\u0131<\/em><em>n en do<\/em><em>\u011f<\/em><em>ru <\/em><em>\u015f<\/em><em>ekilde mantolanmas<\/em><em>\u0131<\/em><em> gerekmektedir. <\/em><em>\u00c7\u00fc<\/em><em>nk<\/em><em>\u00fc<\/em><em> binalarda <\/em><em>\u00e7<\/em><em>at<\/em><em>\u0131<\/em><em>lardan<strong> %\u00a0<\/strong><\/em><em><strong>7<\/strong>, d<\/em><em>\u0131\u015f<\/em><em> duvarlardan <strong>%<\/strong><\/em><em><strong>\u00a040<\/strong>, d<\/em><em>\u00f6<\/em><em>\u015f<\/em><em>emelerden <strong>%<\/strong><\/em><em><strong>\u00a06<\/strong> ve kap<\/em><em>\u0131<\/em><em>lardan <strong>%\u00a0<\/strong><\/em><em><strong>17<\/strong> oranlar<\/em><em>\u0131<\/em><em>nda <\/em><em>\u0131<\/em><em>s<\/em><em>\u0131<\/em><em> kay<\/em><em>\u0131<\/em><em>plar<\/em><em>\u0131<\/em><em> olmaktad<\/em><em>\u0131<\/em><em>r. Dolay<\/em><em>\u0131<\/em><em>s<\/em><em>\u0131<\/em><em>yla <\/em><em>\u015f<\/em><em>unu rahatl<\/em><em>\u0131<\/em><em>kla s<\/em><em>\u00f6<\/em><em>yleyebiliriz ki do<\/em><em>\u011f<\/em><em>ru mantolamayla yap<\/em><em>\u0131<\/em><em>larda <strong>%<\/strong><\/em><em><strong>\u00a050<\/strong> oran<\/em><em>\u0131<\/em><em>nda <strong>enerji tasarrufu sa<\/strong><\/em><strong><em>\u011f<\/em><\/strong><em><strong>lamak<\/strong> m<\/em><em>\u00fc<\/em><em>mk<\/em><em>\u00fc<\/em><em>n.&#8221;<\/em><\/p>\n<p><strong>Is\u0131 yal\u0131t\u0131m sistemleri, openSistem, PowerSistem, StarSistem<\/strong> ve <strong>ProSistem<\/strong> ile ya\u015fam alanlar\u0131n\u0131 \u00e7evreye duyarl\u0131 hale getiren <strong>Baumit<\/strong>, do\u011fru <span style=\"text-decoration: underline;\">mantolaman\u0131n;<\/span><\/p>\n<p>&#8211; T\u00fcm y\u0131l boyunca konforlu i\u00e7 mekan iklimi sa\u011flad\u0131\u011f\u0131n\u0131,<\/p>\n<p>&#8211; Duvarlar\u0131 \u00e7atlaklardan ve olumsuz hava ko\u015fullar\u0131ndan korudu\u011funu,<\/p>\n<p>&#8211; \u00c7evre dostu bir ya\u015fam alan\u0131 sa\u011flad\u0131\u011f\u0131n\u0131,<\/p>\n<p>&#8211; \u0130n\u015faat maliyetlerinden de tasarruf ederek, tasarrufa hen\u00fcz in\u015faat a\u015famas\u0131nda ba\u015flaman\u0131za yard\u0131mc\u0131 oldu\u011funu,<\/p>\n<p>&#8211; So\u011fuk havalarda \u0131s\u0131 k\u00f6pr\u00fclerinin olu\u015fmas\u0131n\u0131 engelledi\u011fini,<\/p>\n<p>&#8211; \u00d6zg\u00fcn tasar\u0131m ve yarat\u0131c\u0131l\u0131k olanaklar\u0131 sundu\u011funu,<\/p>\n<p>&#8211; Is\u0131tma ve so\u011futma giderlerini kal\u0131c\u0131 olarak azaltl\u0131\u011f\u0131n\u0131 ve karbondioksit sal\u0131m\u0131n\u0131n\u0131 d\u00fc\u015f\u00fcrd\u00fc\u011f\u00fcn\u00fc belirtiyor.<\/p>","protected":false},"excerpt":{"rendered":"<p>Sorry, this entry is only available in Turkish. For the sake of viewer convenience, the content is shown below in the alternative language. You may click the link to switch the active language. D\u00fcnyay\u0131 tehdit eden en \u00f6nemli sorunlar\u0131n ba\u015f\u0131nda gelen k\u00fcresel \u0131s\u0131nma, farkl\u0131 b\u00f6lgelerde farkl\u0131 \u015fekillerde kendini hissettirmeye ba\u015flad\u0131. \u0130klim de\u011fi\u015fikli\u011finin sa\u011fl\u0131k ve besine [&hellip;]<\/p>\n","protected":false},"author":1,"featured_media":121864,"comment_status":"open","ping_status":"open","sticky":false,"template":"","format":"standard","meta":[],"categories":[51,53,52],"tags":[80585,52259,35423,49436,26559,58103,80587,41159,4531,43386,80792,11933,80794,57125,793,80793],"views":96,"_links":{"self":[{"href":"https:\/\/www.enerjigazetesi.ist\/en\/wp-json\/wp\/v2\/posts\/121859"}],"collection":[{"href":"https:\/\/www.enerjigazetesi.ist\/en\/wp-json\/wp\/v2\/posts"}],"about":[{"href":"https:\/\/www.enerjigazetesi.ist\/en\/wp-json\/wp\/v2\/types\/post"}],"author":[{"embeddable":true,"href":"https:\/\/www.enerjigazetesi.ist\/en\/wp-json\/wp\/v2\/users\/1"}],"replies":[{"embeddable":true,"href":"https:\/\/www.enerjigazetesi.ist\/en\/wp-json\/wp\/v2\/comments?post=121859"}],"version-history":[{"count":0,"href":"https:\/\/www.enerjigazetesi.ist\/en\/wp-json\/wp\/v2\/posts\/121859\/revisions"}],"wp:featuredmedia":[{"embeddable":true,"href":"https:\/\/www.enerjigazetesi.ist\/en\/wp-json\/wp\/v2\/media\/121864"}],"wp:attachment":[{"href":"https:\/\/www.enerjigazetesi.ist\/en\/wp-json\/wp\/v2\/media?parent=121859"}],"wp:term":[{"taxonomy":"category","embeddable":true,"href":"https:\/\/www.enerjigazetesi.ist\/en\/wp-json\/wp\/v2\/categories?post=121859"},{"taxonomy":"post_tag","embeddable":true,"href":"https:\/\/www.enerjigazetesi.ist\/en\/wp-json\/wp\/v2\/tags?post=121859"}],"curies":[{"name":"wp","href":"https:\/\/api.w.org\/{rel}","templated":true}]}}