{"id":121738,"date":"2020-10-10T14:19:54","date_gmt":"2020-10-10T11:19:54","guid":{"rendered":"https:\/\/www.enerjigazetesi.ist\/?p=121738"},"modified":"2020-10-10T14:19:54","modified_gmt":"2020-10-10T11:19:54","slug":"aydem-perakende-vadesi-gecmis-elektrik-borclarina-taksit-imkani-sunuyor","status":"publish","type":"post","link":"https:\/\/www.enerjigazetesi.ist\/en\/aydem-perakende-vadesi-gecmis-elektrik-borclarina-taksit-imkani-sunuyor\/","title":{"rendered":"(Turkish) &#8217;Aydem Perakende&#8217; Vadesi Ge\u00e7mi\u015f Elektrik Bor\u00e7lar\u0131na Taksit \u0130mkan\u0131 Sunuyor"},"content":{"rendered":"<p class=\"qtranxs-available-languages-message qtranxs-available-languages-message-en\">Sorry, this entry is only available in <a href=\"https:\/\/www.enerjigazetesi.ist\/tr\/wp-json\/wp\/v2\/posts\/121738\" class=\"qtranxs-available-language-link qtranxs-available-language-link-tr\" title=\"Turkish\">Turkish<\/a>. For the sake of viewer convenience, the content is shown below in the alternative language. You may click the link to switch the active language.<\/p><p><\/p>\n<h1><strong>T\u00fcrkiye\u2019nin \u00f6nde gelen enerji grubu Aydem Enerji\u2019nin bir kurulu\u015fu olan Aydem Perakende, pandemi d\u00f6neminde elektrik borcunu \u00f6deyemeyen m\u00fc\u015fterileri i\u00e7in 12-16 Ekim 2020 tarihleri aras\u0131nda yap\u0131labilecek ba\u015fvurular ile 1 A\u011fustos 2020 \u00f6ncesi <img loading=\"lazy\" class=\"alignright wp-image-121740\" src=\"https:\/\/www.enerjigazetesi.ist\/wp-content\/uploads\/2020\/10\/aydem-perakende-vadesi-gecmis-elektrik-borclarina-taksit-imkani-sunuyor.jpg\" alt=\"\" width=\"320\" height=\"256\" srcset=\"https:\/\/www.enerjigazetesi.ist\/wp-content\/uploads\/2020\/10\/aydem-perakende-vadesi-gecmis-elektrik-borclarina-taksit-imkani-sunuyor.jpg 610w, https:\/\/www.enerjigazetesi.ist\/wp-content\/uploads\/2020\/10\/aydem-perakende-vadesi-gecmis-elektrik-borclarina-taksit-imkani-sunuyor-300x240.jpg 300w, https:\/\/www.enerjigazetesi.ist\/wp-content\/uploads\/2020\/10\/aydem-perakende-vadesi-gecmis-elektrik-borclarina-taksit-imkani-sunuyor-500x400.jpg 500w, https:\/\/www.enerjigazetesi.ist\/wp-content\/uploads\/2020\/10\/aydem-perakende-vadesi-gecmis-elektrik-borclarina-taksit-imkani-sunuyor-63x50.jpg 63w\" sizes=\"(max-width: 320px) 100vw, 320px\" \/>d\u00f6nemlere ait vadesi ge\u00e7mi\u015f bor\u00e7lara taksitli \u00f6deme kolayl\u0131\u011f\u0131 sa\u011flayacak.<\/strong><\/h1>\n<p><strong>Kredi kart\u0131<\/strong> ile<strong> taksitli \u00f6deme<\/strong> yapacak m\u00fc\u015fteriler, i\u015flemlerini <strong>web sitesi<\/strong>ndeki <strong>online i\u015flemler<\/strong> sayfas\u0131ndan yapabilece\u011fi gibi <strong>M\u00fc\u015fteri \u0130li\u015fkileri Merkezleri\u2019<\/strong>nden<strong> (M\u0130M)<\/strong> de ger\u00e7ekle\u015ftirebilecekler. <strong>Kredi kart\u0131<\/strong> d\u0131\u015f\u0131nda taksitlendirme talebi olan m\u00fc\u015fteriler ise <strong>M\u0130M<\/strong>\u2019lere bizzat ba\u015fvurarak taksitlendirme yapabilecekler. <strong>Pandemi d\u00f6nemi<\/strong>nde <strong>elektrik bor\u00e7lar\u0131<\/strong>n\u0131 \u00f6demekte zorluk \u00e7eken m\u00fc\u015fterilere bu uygulama ile<strong> 5 aya<\/strong> kadar vade se\u00e7ene\u011fi veya <strong>kredi kart\u0131<\/strong>na<strong> 9 aya<\/strong> varan <strong>taksitli \u00f6deme<\/strong> imkan\u0131 sunulacak.<\/p>\n<p>G\u00f6revli <strong>elektrik tedarik \u015firketi<\/strong> olarak <strong>\u0130zmir, Manisa, Ayd\u0131n, Denizli<\/strong> ve<strong> Mu\u011fla<\/strong> ba\u015fta olmak \u00fczere <strong>Ege B\u00f6lgesi\u2019nde<\/strong> ve <strong>T\u00fcrkiye<\/strong> genelinde yakla\u015f\u0131k<strong> 5 milyon<\/strong> m\u00fc\u015fteriye <strong>elektrik tedari\u011fi<\/strong> sa\u011flayan <strong>Aydem Perakende<\/strong>, b\u00f6ylece T\u00fcrkiye\u2019nin <strong>pandemi m\u00fccadelesine<\/strong> de \u00f6nemli bir katk\u0131 sa\u011flam\u0131\u015f olacak.<\/p>","protected":false},"excerpt":{"rendered":"<p>Sorry, this entry is only available in Turkish. For the sake of viewer convenience, the content is shown below in the alternative language. You may click the link to switch the active language. T\u00fcrkiye\u2019nin \u00f6nde gelen enerji grubu Aydem Enerji\u2019nin bir kurulu\u015fu olan Aydem Perakende, pandemi d\u00f6neminde elektrik borcunu \u00f6deyemeyen m\u00fc\u015fterileri i\u00e7in 12-16 Ekim 2020 [&hellip;]<\/p>\n","protected":false},"author":1,"featured_media":121740,"comment_status":"open","ping_status":"open","sticky":false,"template":"","format":"standard","meta":[],"categories":[51,53],"tags":[80724,80721,80723,7179,845,9856,16501,80725,53114,66959,80726,40999,52259,2689,2191,3089,80722,71648,846],"views":68,"_links":{"self":[{"href":"https:\/\/www.enerjigazetesi.ist\/en\/wp-json\/wp\/v2\/posts\/121738"}],"collection":[{"href":"https:\/\/www.enerjigazetesi.ist\/en\/wp-json\/wp\/v2\/posts"}],"about":[{"href":"https:\/\/www.enerjigazetesi.ist\/en\/wp-json\/wp\/v2\/types\/post"}],"author":[{"embeddable":true,"href":"https:\/\/www.enerjigazetesi.ist\/en\/wp-json\/wp\/v2\/users\/1"}],"replies":[{"embeddable":true,"href":"https:\/\/www.enerjigazetesi.ist\/en\/wp-json\/wp\/v2\/comments?post=121738"}],"version-history":[{"count":0,"href":"https:\/\/www.enerjigazetesi.ist\/en\/wp-json\/wp\/v2\/posts\/121738\/revisions"}],"wp:featuredmedia":[{"embeddable":true,"href":"https:\/\/www.enerjigazetesi.ist\/en\/wp-json\/wp\/v2\/media\/121740"}],"wp:attachment":[{"href":"https:\/\/www.enerjigazetesi.ist\/en\/wp-json\/wp\/v2\/media?parent=121738"}],"wp:term":[{"taxonomy":"category","embeddable":true,"href":"https:\/\/www.enerjigazetesi.ist\/en\/wp-json\/wp\/v2\/categories?post=121738"},{"taxonomy":"post_tag","embeddable":true,"href":"https:\/\/www.enerjigazetesi.ist\/en\/wp-json\/wp\/v2\/tags?post=121738"}],"curies":[{"name":"wp","href":"https:\/\/api.w.org\/{rel}","templated":true}]}}