{"id":121728,"date":"2020-10-10T13:23:28","date_gmt":"2020-10-10T10:23:28","guid":{"rendered":"https:\/\/www.enerjigazetesi.ist\/?p=121728"},"modified":"2020-10-10T16:35:15","modified_gmt":"2020-10-10T13:35:15","slug":"turkiye-nin-gunes-enerjisi-ndeki-kurulu-gucu-6-361-mw-a-yukseldi","status":"publish","type":"post","link":"https:\/\/www.enerjigazetesi.ist\/en\/turkiye-nin-gunes-enerjisi-ndeki-kurulu-gucu-6-361-mw-a-yukseldi\/","title":{"rendered":"(Turkish) T\u00fcrkiye&#8217;nin G\u00fcne\u015f Enerjisindeki Kurulu G\u00fcc\u00fc 6.361 MW\u2019a Y\u00fckseldi"},"content":{"rendered":"<p class=\"qtranxs-available-languages-message qtranxs-available-languages-message-en\">Sorry, this entry is only available in <a href=\"https:\/\/www.enerjigazetesi.ist\/tr\/wp-json\/wp\/v2\/posts\/121728\" class=\"qtranxs-available-language-link qtranxs-available-language-link-tr\" title=\"Turkish\">Turkish<\/a>. For the sake of viewer convenience, the content is shown below in the alternative language. You may click the link to switch the active language.<\/p><p><\/p>\n<h1><strong>T\u00fcrkiye Elektrik \u0130letim A.\u015e.&#8217;nin (TE\u0130A\u015e) <img loading=\"lazy\" class=\"alignright wp-image-121730\" src=\"https:\/\/www.enerjigazetesi.ist\/wp-content\/uploads\/2020\/10\/turkiye-nin-gunes-enerjisi-ndeki-kurulu-gucu-6-361-mw-a-yukseldi.jpg\" alt=\"\" width=\"320\" height=\"213\" srcset=\"https:\/\/www.enerjigazetesi.ist\/wp-content\/uploads\/2020\/10\/turkiye-nin-gunes-enerjisi-ndeki-kurulu-gucu-6-361-mw-a-yukseldi.jpg 1000w, https:\/\/www.enerjigazetesi.ist\/wp-content\/uploads\/2020\/10\/turkiye-nin-gunes-enerjisi-ndeki-kurulu-gucu-6-361-mw-a-yukseldi-300x200.jpg 300w, https:\/\/www.enerjigazetesi.ist\/wp-content\/uploads\/2020\/10\/turkiye-nin-gunes-enerjisi-ndeki-kurulu-gucu-6-361-mw-a-yukseldi-768x512.jpg 768w, https:\/\/www.enerjigazetesi.ist\/wp-content\/uploads\/2020\/10\/turkiye-nin-gunes-enerjisi-ndeki-kurulu-gucu-6-361-mw-a-yukseldi-500x334.jpg 500w, https:\/\/www.enerjigazetesi.ist\/wp-content\/uploads\/2020\/10\/turkiye-nin-gunes-enerjisi-ndeki-kurulu-gucu-6-361-mw-a-yukseldi-75x50.jpg 75w, https:\/\/www.enerjigazetesi.ist\/wp-content\/uploads\/2020\/10\/turkiye-nin-gunes-enerjisi-ndeki-kurulu-gucu-6-361-mw-a-yukseldi-450x300.jpg 450w\" sizes=\"(max-width: 320px) 100vw, 320px\" \/>Eyl\u00fcl 2020 Kurulu G\u00fc\u00e7 Raporu Yay\u0131mland\u0131. <\/strong><\/h1>\n<p>Yay\u0131mlanan rapora g\u00f6re, T\u00fcrkiye&#8217;nin toplam kurulu g\u00fcc\u00fc\u00a0<strong>93.207 MW<\/strong> olurken <strong>2020 Eyl\u00fcl ay\u0131<\/strong> sonu itibariyle kurulu g\u00fcc\u00fcn <strong>6.361 MW<\/strong>\u2019l\u0131k k\u0131sm\u0131 <strong>g\u00fcne\u015f enerjisi santralleri<\/strong>nden meydana gelmi\u015f olup <strong>G\u00fcne\u015f enerjisindeki kurulu g\u00fc\u00e7<\/strong> bir \u00f6nceki aya g\u00f6re <strong>66 MW<\/strong> art\u0131\u015f kaydetti.<\/p>\n<p><strong>TE\u0130A\u015e<\/strong>\u2019\u0131n ayl\u0131k yay\u0131mlad\u0131\u011f\u0131 <strong>kurulu g\u00fc\u00e7 raporu<\/strong>na g\u00f6re, <strong>eyl\u00fcl ay\u0131nda<\/strong> elektrik \u00fcretim kurulu g\u00fcc\u00fc <strong>bir \u00f6nceki aya<\/strong> g\u00f6re <strong>184 MW<\/strong> art\u0131\u015f ile<strong> 93.207 MW<\/strong> de\u011ferine y\u00fckseldi.<\/p>\n<p style=\"text-align: center;\"><img loading=\"lazy\" class=\"aligncenter wp-image-121752\" src=\"https:\/\/www.enerjigazetesi.ist\/wp-content\/uploads\/2020\/10\/teia\u015f-kurulu-g\u00fc\u00e7-rapor-eyl\u00fcl-2020-1024x440.png\" alt=\"\" width=\"650\" height=\"279\" srcset=\"https:\/\/www.enerjigazetesi.ist\/wp-content\/uploads\/2020\/10\/teia\u015f-kurulu-g\u00fc\u00e7-rapor-eyl\u00fcl-2020-1024x440.png 1024w, https:\/\/www.enerjigazetesi.ist\/wp-content\/uploads\/2020\/10\/teia\u015f-kurulu-g\u00fc\u00e7-rapor-eyl\u00fcl-2020-1024x440-300x129.png 300w, https:\/\/www.enerjigazetesi.ist\/wp-content\/uploads\/2020\/10\/teia\u015f-kurulu-g\u00fc\u00e7-rapor-eyl\u00fcl-2020-1024x440-768x330.png 768w, https:\/\/www.enerjigazetesi.ist\/wp-content\/uploads\/2020\/10\/teia\u015f-kurulu-g\u00fc\u00e7-rapor-eyl\u00fcl-2020-1024x440-500x215.png 500w, https:\/\/www.enerjigazetesi.ist\/wp-content\/uploads\/2020\/10\/teia\u015f-kurulu-g\u00fc\u00e7-rapor-eyl\u00fcl-2020-1024x440-80x34.png 80w\" sizes=\"(max-width: 650px) 100vw, 650px\" \/><\/p>\n<p>T\u00fcrkiye\u2019deki <strong>lisanss\u0131z GES say\u0131s\u0131<\/strong> ise bir \u00f6nceki aya g\u00f6re <strong>44 yat\u0131r\u0131m<\/strong>\u00a0art\u0131\u015f\u0131 ile<strong> 7.242\u2019ye<\/strong> \u00e7\u0131karken <strong>lisansl\u0131 santral<\/strong> dahil toplam<strong> GES<\/strong> adedi <strong>7.267<\/strong>\u2019ye ula\u015ft\u0131. Y\u0131l\u0131n ilk 9 ay\u0131nda toplam<strong> 367 MW<\/strong>\u2019lik<strong> g\u00fcne\u015f enerjisi santrali<\/strong> T\u00fcrkiye\u2019nin kurulu g\u00fcc\u00fcne ilave oldu.<\/p>\n<p><strong>Eyl\u00fcl 2020 Kurulu G\u00fc\u00e7 Raporu\u2019na Ula\u015fmak \u0130\u00e7in\u00a0<a href=\"https:\/\/www.solar.ist\/wp-content\/uploads\/2020\/10\/Eyl%C3%BCl-2020-Kurulu-G%C3%BC%C3%A7-Raporu-4.pdf\" target=\"_blank\" rel=\"nofollow noopener\">TIKLAYIN &gt;&gt;&gt;<\/a><\/strong><\/p>","protected":false},"excerpt":{"rendered":"<p>Sorry, this entry is only available in Turkish. For the sake of viewer convenience, the content is shown below in the alternative language. You may click the link to switch the active language. T\u00fcrkiye Elektrik \u0130letim A.\u015e.&#8217;nin (TE\u0130A\u015e) Eyl\u00fcl 2020 Kurulu G\u00fc\u00e7 Raporu Yay\u0131mland\u0131. Yay\u0131mlanan rapora g\u00f6re, T\u00fcrkiye&#8217;nin toplam kurulu g\u00fcc\u00fc\u00a093.207 MW olurken 2020 Eyl\u00fcl [&hellip;]<\/p>\n","protected":false},"author":1,"featured_media":121730,"comment_status":"open","ping_status":"open","sticky":false,"template":"","format":"standard","meta":[],"categories":[51,53,49],"tags":[79120,53114,5070,73569,52259,80714,53157,80713,26361,54979,79122],"views":322,"_links":{"self":[{"href":"https:\/\/www.enerjigazetesi.ist\/en\/wp-json\/wp\/v2\/posts\/121728"}],"collection":[{"href":"https:\/\/www.enerjigazetesi.ist\/en\/wp-json\/wp\/v2\/posts"}],"about":[{"href":"https:\/\/www.enerjigazetesi.ist\/en\/wp-json\/wp\/v2\/types\/post"}],"author":[{"embeddable":true,"href":"https:\/\/www.enerjigazetesi.ist\/en\/wp-json\/wp\/v2\/users\/1"}],"replies":[{"embeddable":true,"href":"https:\/\/www.enerjigazetesi.ist\/en\/wp-json\/wp\/v2\/comments?post=121728"}],"version-history":[{"count":0,"href":"https:\/\/www.enerjigazetesi.ist\/en\/wp-json\/wp\/v2\/posts\/121728\/revisions"}],"wp:featuredmedia":[{"embeddable":true,"href":"https:\/\/www.enerjigazetesi.ist\/en\/wp-json\/wp\/v2\/media\/121730"}],"wp:attachment":[{"href":"https:\/\/www.enerjigazetesi.ist\/en\/wp-json\/wp\/v2\/media?parent=121728"}],"wp:term":[{"taxonomy":"category","embeddable":true,"href":"https:\/\/www.enerjigazetesi.ist\/en\/wp-json\/wp\/v2\/categories?post=121728"},{"taxonomy":"post_tag","embeddable":true,"href":"https:\/\/www.enerjigazetesi.ist\/en\/wp-json\/wp\/v2\/tags?post=121728"}],"curies":[{"name":"wp","href":"https:\/\/api.w.org\/{rel}","templated":true}]}}